{"id":25681,"date":"2025-02-26T01:44:37","date_gmt":"2025-02-26T01:44:37","guid":{"rendered":"https:\/\/tvnativoos.com.br\/wfe\/?p=25681"},"modified":"2025-02-26T01:44:38","modified_gmt":"2025-02-26T01:44:38","slug":"clima-calor-traz-chuva-e-temporais-ao-rs-nesta-quarta","status":"publish","type":"post","link":"https:\/\/tvnativoos.com.br\/wfe\/clima-calor-traz-chuva-e-temporais-ao-rs-nesta-quarta\/","title":{"rendered":"Clima &#8211; Calor traz chuva e temporais ao RS nesta quarta"},"content":{"rendered":"\n<p>O sol aparece com nuvens na maior parte do Rio Grande do Sul, por\u00e9m com momentos de maior nebulosidade. Como a massa de ar quente segue firme, o sol da manh\u00e3 e do come\u00e7o da tarde eleva fortemente a temperatura. Ser\u00e1 mais um dia de calor intenso, embora com m\u00e1ximas que ser\u00e3o menores do que ter\u00e7a-feira na maioria das cidades, com exce\u00e7\u00e3o do Litoral Norte.<\/p>\n\n\n\n<p>Com mais umidade e o calor, \u00e1reas de instabilidade se formam durante o dia, sobretudo \u00e0 tarde, em v\u00e1rios pontos do Estado. A chuva, que ser\u00e1 localmente forte, pode trazer temporais com raios, granizo e vendavais.<\/p>\n\n\n\n<p>Fonte: Jornal Correio do Povo<\/p>\n\n\n\n<p>Curta, compartilhe e inscreva em nosso canal do\u00a0<a href=\"https:\/\/youtube.com\/@tvnativoos\">youtube.com\/@tvnativoos<\/a>, curta nossa p\u00e1gina no facebook, instagram e veja nossa programa\u00e7\u00e3o ao vivo portal www.tvnativoos.com.br<\/p>\n","protected":false},"excerpt":{"rendered":"<p>O sol aparece com nuvens na maior parte do Rio Grande do Sul, por\u00e9m com momentos de maior nebulosidade. Como a massa de ar quente segue firme, o sol da manh\u00e3 e do come\u00e7o da tarde eleva fortemente a temperatura. Ser\u00e1 mais um dia de calor intenso, embora com m\u00e1ximas que ser\u00e3o menores do que [&hellip;]<\/p>\n","protected":false},"author":3,"featured_media":25682,"comment_status":"closed","ping_status":"open","sticky":false,"template":"","format":"standard","meta":{"footnotes":""},"categories":[8],"tags":[1982,735,689,65],"class_list":["post-25681","post","type-post","status-publish","format-standard","has-post-thumbnail","hentry","category-noticias","tag-calor","tag-chuvas","tag-clima","tag-tvnativoos"],"cc_featured_image_caption":{"caption_text":"","source_text":"","source_url":""},"_links":{"self":[{"href":"https:\/\/tvnativoos.com.br\/wfe\/wp-json\/wp\/v2\/posts\/25681","targetHints":{"allow":["GET"]}}],"collection":[{"href":"https:\/\/tvnativoos.com.br\/wfe\/wp-json\/wp\/v2\/posts"}],"about":[{"href":"https:\/\/tvnativoos.com.br\/wfe\/wp-json\/wp\/v2\/types\/post"}],"author":[{"embeddable":true,"href":"https:\/\/tvnativoos.com.br\/wfe\/wp-json\/wp\/v2\/users\/3"}],"replies":[{"embeddable":true,"href":"https:\/\/tvnativoos.com.br\/wfe\/wp-json\/wp\/v2\/comments?post=25681"}],"version-history":[{"count":1,"href":"https:\/\/tvnativoos.com.br\/wfe\/wp-json\/wp\/v2\/posts\/25681\/revisions"}],"predecessor-version":[{"id":25683,"href":"https:\/\/tvnativoos.com.br\/wfe\/wp-json\/wp\/v2\/posts\/25681\/revisions\/25683"}],"wp:featuredmedia":[{"embeddable":true,"href":"https:\/\/tvnativoos.com.br\/wfe\/wp-json\/wp\/v2\/media\/25682"}],"wp:attachment":[{"href":"https:\/\/tvnativoos.com.br\/wfe\/wp-json\/wp\/v2\/media?parent=25681"}],"wp:term":[{"taxonomy":"category","embeddable":true,"href":"https:\/\/tvnativoos.com.br\/wfe\/wp-json\/wp\/v2\/categories?post=25681"},{"taxonomy":"post_tag","embeddable":true,"href":"https:\/\/tvnativoos.com.br\/wfe\/wp-json\/wp\/v2\/tags?post=25681"}],"curies":[{"name":"wp","href":"https:\/\/api.w.org\/{rel}","templated":true}]}}