{"id":24472,"date":"2025-01-03T19:00:32","date_gmt":"2025-01-03T19:00:32","guid":{"rendered":"https:\/\/tvnativoos.com.br\/wfe\/?p=24472"},"modified":"2025-01-03T19:00:32","modified_gmt":"2025-01-03T19:00:32","slug":"ponte-provisoria-em-feliz-cede-apos-forte-chuva","status":"publish","type":"post","link":"https:\/\/tvnativoos.com.br\/wfe\/ponte-provisoria-em-feliz-cede-apos-forte-chuva\/","title":{"rendered":"Ponte provis\u00f3ria em Feliz cede ap\u00f3s forte chuva"},"content":{"rendered":"\n<p>Travessia est\u00e1 interditada por tempo indeterminado<\/p>\n\n\n\n<p>A Ponte da Felizcidade, uma estrutura provis\u00f3ria sobre cont\u00eaineres entre os bairros Vila Rica e Arroio Feliz, no munic\u00edpio de Feliz, cedeu ap\u00f3s as\u00a0<strong>fortes chuvas<\/strong>\u00a0que atingiram a regi\u00e3o nessa quinta-feira. Por conta do problema, a travessia est\u00e1 interditada por tempo indeterminado.<\/p>\n\n\n\n<p>Na manh\u00e3 desta sexta-feira, em avalia\u00e7\u00e3o visual preliminar, percebeu-se que houve a movimenta\u00e7\u00e3o de cont\u00eaineres da base, possivelmente causada pela eros\u00e3o do leito do rio Ca\u00ed.<\/p>\n\n\n\n<p>Esta movimenta\u00e7\u00e3o fez com que a estrutura de madeira da pista se &#8220;quebrasse&#8221; ao meio. Tamb\u00e9m ocorreram danos nos acessos das duas cabeceiras, que foram bloqueados.<\/p>\n\n\n<div class=\"g g-7\"><div class=\"g-dyn a-62 c-1\"><a class=\"gofollow\" data-track=\"NjIsNyw2MA==\" href=\": http:\/\/teliga.corsan.com.br\" target=\"_blank\"><img decoding=\"async\" src=\"http:\/\/tvnativoos.com.br\/wfe\/wp-content\/uploads\/2026\/02\/WhatsApp-Image-2026-02-19-at-17.23.17.jpeg\" \/><\/a><\/div><div class=\"g-dyn a-39 c-2\"><a class=\"gofollow\" data-track=\"MzksNyw2MA==\" href=\"https:\/\/tvnativoos.com.br\/wfe\/\" target=\"_blank\"><img decoding=\"async\" src=\"http:\/\/tvnativoos.com.br\/wfe\/wp-content\/uploads\/2024\/05\/WhatsApp-Image-2024-05-17-at-19.58.28.jpeg\" \/><\/a><\/div><div class=\"g-dyn a-4 c-3\"><a class=\"gofollow\" data-track=\"NCw3LDYw\" href=\"https:\/\/arquitetalaurabaltar.com.br\/wfe\/\" target=\"_blank\"><img decoding=\"async\" src=\"http:\/\/tvnativoos.com.br\/wfe\/wp-content\/uploads\/2025\/01\/01-1.png\" \/><\/a><\/div><div class=\"g-dyn a-8 c-4\"><a class=\"gofollow\" data-track=\"OCw3LDYw\" href=\"https:\/\/www.facebook.com\/sonia.conti.7545\" target=\"_blank\"><img decoding=\"async\" src=\"http:\/\/tvnativoos.com.br\/wfe\/wp-content\/uploads\/2023\/06\/BANNERS-350X250-SONIA-CONTI-1-300x214-1.jpg\" \/><\/a><\/div><div class=\"g-dyn a-58 c-5\"><a class=\"gofollow\" data-track=\"NTgsNyw2MA==\" href=\"https:\/\/transformar.tramandai.rs.gov.br\/\"><img decoding=\"async\" src=\"http:\/\/tvnativoos.com.br\/wfe\/wp-content\/uploads\/2026\/03\/TV-Nativoos-300-x-250-px.png\" \/><\/a><\/div><div class=\"g-dyn a-6 c-6\"><a class=\"gofollow\" data-track=\"Niw3LDYw\" href=\"#\" target=\"_blank\"><img decoding=\"async\" src=\"http:\/\/tvnativoos.com.br\/wfe\/wp-content\/uploads\/2023\/01\/banner-agua-kangen-e1701887476486.jpeg\" \/><\/a><\/div><div class=\"g-dyn a-7 c-7\"><a class=\"gofollow\" data-track=\"Nyw3LDYw\" href=\"https:\/\/inovaimoveis.rs\/\" target=\"_blank\"><img decoding=\"async\" src=\"http:\/\/tvnativoos.com.br\/wfe\/wp-content\/uploads\/2023\/06\/Banner-Inova-300x214-1.jpeg\" \/><\/a><\/div><\/div>\n\n\n<p>A avalia\u00e7\u00e3o no momento tamb\u00e9m \u00e9 de que a ponte n\u00e3o tenha sido levada pela correnteza. Ap\u00f3s o leito do rio Ca\u00ed baixar ser\u00e1 poss\u00edvel ver o quanto os cont\u00eaineres afundaram na localidade.<\/p>\n\n\n\n<p>A estrutura foi constru\u00edda ap\u00f3s as enchentes de maio terem levado uma outra travessia. Em contato com a reportagem do\u00a0<strong>Correio do Povo<\/strong>, a prefeitura de Feliz afirma que a destrui\u00e7\u00e3o da Ponte da Felizcidade afeta bastante o tr\u00e2nsito de ve\u00edculos pesados na regi\u00e3o. Isto porque a Ponte de Ferro do Centro da cidade \u00e9 restrita somente a ve\u00edculos leves se at\u00e9 2,10m.<\/p>\n\n\n<div class=\"g g-6\"><div class=\"g-dyn a-6 c-1\"><a class=\"gofollow\" data-track=\"Niw2LDYw\" href=\"#\" target=\"_blank\"><img decoding=\"async\" src=\"http:\/\/tvnativoos.com.br\/wfe\/wp-content\/uploads\/2023\/01\/banner-agua-kangen-e1701887476486.jpeg\" \/><\/a><\/div><div class=\"g-dyn a-7 c-2\"><a class=\"gofollow\" data-track=\"Nyw2LDYw\" href=\"https:\/\/inovaimoveis.rs\/\" target=\"_blank\"><img decoding=\"async\" src=\"http:\/\/tvnativoos.com.br\/wfe\/wp-content\/uploads\/2023\/06\/Banner-Inova-300x214-1.jpeg\" \/><\/a><\/div><div class=\"g-dyn a-39 c-3\"><a class=\"gofollow\" data-track=\"MzksNiw2MA==\" href=\"https:\/\/tvnativoos.com.br\/wfe\/\" target=\"_blank\"><img decoding=\"async\" src=\"http:\/\/tvnativoos.com.br\/wfe\/wp-content\/uploads\/2024\/05\/WhatsApp-Image-2024-05-17-at-19.58.28.jpeg\" \/><\/a><\/div><div class=\"g-dyn a-62 c-4\"><a class=\"gofollow\" data-track=\"NjIsNiw2MA==\" href=\": http:\/\/teliga.corsan.com.br\" target=\"_blank\"><img decoding=\"async\" src=\"http:\/\/tvnativoos.com.br\/wfe\/wp-content\/uploads\/2026\/02\/WhatsApp-Image-2026-02-19-at-17.23.17.jpeg\" \/><\/a><\/div><div class=\"g-dyn a-58 c-5\"><a class=\"gofollow\" data-track=\"NTgsNiw2MA==\" href=\"https:\/\/transformar.tramandai.rs.gov.br\/\"><img decoding=\"async\" src=\"http:\/\/tvnativoos.com.br\/wfe\/wp-content\/uploads\/2026\/03\/TV-Nativoos-300-x-250-px.png\" \/><\/a><\/div><div class=\"g-dyn a-4 c-6\"><a class=\"gofollow\" data-track=\"NCw2LDYw\" href=\"https:\/\/arquitetalaurabaltar.com.br\/wfe\/\" target=\"_blank\"><img decoding=\"async\" src=\"http:\/\/tvnativoos.com.br\/wfe\/wp-content\/uploads\/2025\/01\/01-1.png\" \/><\/a><\/div><\/div>\n\n\n<p>A Ponte do Bananal, que liga Feliz a Vale Real, j\u00e1 est\u00e1 liberada para o tr\u00e2nsito de ve\u00edculos e volta a ser uma importante travessia, em especial para ve\u00edculos pesados. Outra op\u00e7\u00e3o para cargas pesadas \u00e9 o trajeto por Bom Princ\u00edpio, passando pelo bairro Escadinhas.<\/p>\n\n\n\n<p>Fonte: Correio do Povo<\/p>\n\n\n<div class=\"g g-8\"><div class=\"g-dyn a-45 c-1\"><a href=\"https:\/\/tvnativoos.com.br\/wfe\/radio-online-costeira-nativa\/\" target=\"_blank\"><img decoding=\"async\" src=\"http:\/\/tvnativoos.com.br\/wfe\/wp-content\/uploads\/2024\/06\/radiocosteiranativa-2.jpeg\" \/><\/a><\/div><div class=\"g-dyn a-44 c-2\"><a href=\"https:\/\/tvnativoos.com.br\/wfe\/radio-online-costeira-nativa\/\" target=\"_blank\"><img decoding=\"async\" src=\"http:\/\/tvnativoos.com.br\/wfe\/wp-content\/uploads\/2024\/06\/radiocosteiranativa-1.jpeg\" \/><\/a><\/div><\/div>\n\n\n<p>Curta, compartilhe e inscreva em nosso canal do\u00a0<a href=\"https:\/\/youtube.com\/@tvnativoos\">youtube.com\/@tvnativoos<\/a>, curta nossa p\u00e1gina no facebook, instagram e veja nossa programa\u00e7\u00e3o ao vivo portal\u00a0<a href=\"https:\/\/tvnativoos.com.br\/wfe\/clima-sexta-feira-sera-de-sol-no-rs\/\">www.tvnativoos.com.br<\/a><\/p>\n","protected":false},"excerpt":{"rendered":"<p>Travessia est\u00e1 interditada por tempo indeterminado A Ponte da Felizcidade, uma estrutura provis\u00f3ria sobre cont\u00eaineres entre os bairros Vila Rica e Arroio Feliz, no munic\u00edpio de Feliz, cedeu ap\u00f3s as\u00a0fortes chuvas\u00a0que atingiram a regi\u00e3o nessa quinta-feira. Por conta do problema, a travessia est\u00e1 interditada por tempo indeterminado. Na manh\u00e3 desta sexta-feira, em avalia\u00e7\u00e3o visual preliminar, [&hellip;]<\/p>\n","protected":false},"author":2,"featured_media":24473,"comment_status":"closed","ping_status":"open","sticky":false,"template":"","format":"standard","meta":{"footnotes":""},"categories":[8],"tags":[2758,65],"class_list":["post-24472","post","type-post","status-publish","format-standard","has-post-thumbnail","hentry","category-noticias","tag-chuvas-no-rs","tag-tvnativoos"],"cc_featured_image_caption":{"caption_text":"Ponte provis\u00f3ria cedeu em Feliz | Foto: Prefeitura de Feliz \/ Divulga\u00e7\u00e3o \/ TVN","source_text":"","source_url":""},"_links":{"self":[{"href":"https:\/\/tvnativoos.com.br\/wfe\/wp-json\/wp\/v2\/posts\/24472","targetHints":{"allow":["GET"]}}],"collection":[{"href":"https:\/\/tvnativoos.com.br\/wfe\/wp-json\/wp\/v2\/posts"}],"about":[{"href":"https:\/\/tvnativoos.com.br\/wfe\/wp-json\/wp\/v2\/types\/post"}],"author":[{"embeddable":true,"href":"https:\/\/tvnativoos.com.br\/wfe\/wp-json\/wp\/v2\/users\/2"}],"replies":[{"embeddable":true,"href":"https:\/\/tvnativoos.com.br\/wfe\/wp-json\/wp\/v2\/comments?post=24472"}],"version-history":[{"count":1,"href":"https:\/\/tvnativoos.com.br\/wfe\/wp-json\/wp\/v2\/posts\/24472\/revisions"}],"predecessor-version":[{"id":24474,"href":"https:\/\/tvnativoos.com.br\/wfe\/wp-json\/wp\/v2\/posts\/24472\/revisions\/24474"}],"wp:featuredmedia":[{"embeddable":true,"href":"https:\/\/tvnativoos.com.br\/wfe\/wp-json\/wp\/v2\/media\/24473"}],"wp:attachment":[{"href":"https:\/\/tvnativoos.com.br\/wfe\/wp-json\/wp\/v2\/media?parent=24472"}],"wp:term":[{"taxonomy":"category","embeddable":true,"href":"https:\/\/tvnativoos.com.br\/wfe\/wp-json\/wp\/v2\/categories?post=24472"},{"taxonomy":"post_tag","embeddable":true,"href":"https:\/\/tvnativoos.com.br\/wfe\/wp-json\/wp\/v2\/tags?post=24472"}],"curies":[{"name":"wp","href":"https:\/\/api.w.org\/{rel}","templated":true}]}}