{"id":23265,"date":"2024-11-05T01:43:19","date_gmt":"2024-11-05T01:43:19","guid":{"rendered":"https:\/\/tvnativoos.com.br\/wfe\/?p=23265"},"modified":"2024-11-05T01:47:23","modified_gmt":"2024-11-05T01:47:23","slug":"nativoos-esportes-prefeitura-de-santa-rosa-inicia-projeto-de-atletismo-nas-escolas","status":"publish","type":"post","link":"https:\/\/tvnativoos.com.br\/wfe\/nativoos-esportes-prefeitura-de-santa-rosa-inicia-projeto-de-atletismo-nas-escolas\/","title":{"rendered":"Nativoos Esportes &#8211; Prefeitura de Santa Rosa inicia projeto de atletismo nas escolas"},"content":{"rendered":"\n<p>Teve in\u00edcio em Santa Rosa o projeto &#8220;Atletismo na Escola&#8221;, implementado em tr\u00eas institui\u00e7\u00f5es da Rede Municipal de Ensino.<\/p>\n\n\n\n<p>Nesta segunda-feira (04), o prefeito Anderson Mantei assinou um termo de fomento com a Associa\u00e7\u00e3o 15 Milhas de Corredores de Rua de Santa Rosa. O objetivo \u00e9 promover o esporte e descobrir novos talentos entre crian\u00e7as e adolescentes. As atividades ser\u00e3o realizadas com recursos do munic\u00edpio.<\/p>\n\n\n<div class=\"g g-7\"><div class=\"g-dyn a-4 c-1\"><a class=\"gofollow\" data-track=\"NCw3LDYw\" href=\"https:\/\/arquitetalaurabaltar.com.br\/wfe\/\" target=\"_blank\"><img decoding=\"async\" src=\"http:\/\/tvnativoos.com.br\/wfe\/wp-content\/uploads\/2025\/01\/01-1.png\" \/><\/a><\/div><div class=\"g-dyn a-62 c-2\"><a class=\"gofollow\" data-track=\"NjIsNyw2MA==\" href=\": http:\/\/teliga.corsan.com.br\" target=\"_blank\"><img decoding=\"async\" src=\"http:\/\/tvnativoos.com.br\/wfe\/wp-content\/uploads\/2026\/02\/WhatsApp-Image-2026-02-19-at-17.23.17.jpeg\" \/><\/a><\/div><div class=\"g-dyn a-39 c-3\"><a class=\"gofollow\" data-track=\"MzksNyw2MA==\" href=\"https:\/\/tvnativoos.com.br\/wfe\/\" target=\"_blank\"><img decoding=\"async\" src=\"http:\/\/tvnativoos.com.br\/wfe\/wp-content\/uploads\/2024\/05\/WhatsApp-Image-2024-05-17-at-19.58.28.jpeg\" \/><\/a><\/div><div class=\"g-dyn a-7 c-4\"><a class=\"gofollow\" data-track=\"Nyw3LDYw\" href=\"https:\/\/inovaimoveis.rs\/\" target=\"_blank\"><img decoding=\"async\" src=\"http:\/\/tvnativoos.com.br\/wfe\/wp-content\/uploads\/2023\/06\/Banner-Inova-300x214-1.jpeg\" \/><\/a><\/div><div class=\"g-dyn a-6 c-5\"><a class=\"gofollow\" data-track=\"Niw3LDYw\" href=\"#\" target=\"_blank\"><img decoding=\"async\" src=\"http:\/\/tvnativoos.com.br\/wfe\/wp-content\/uploads\/2023\/01\/banner-agua-kangen-e1701887476486.jpeg\" \/><\/a><\/div><div class=\"g-dyn a-58 c-6\"><a class=\"gofollow\" data-track=\"NTgsNyw2MA==\" href=\"https:\/\/transformar.tramandai.rs.gov.br\/\"><img decoding=\"async\" src=\"http:\/\/tvnativoos.com.br\/wfe\/wp-content\/uploads\/2026\/03\/TV-Nativoos-300-x-250-px.png\" \/><\/a><\/div><div class=\"g-dyn a-8 c-7\"><a class=\"gofollow\" data-track=\"OCw3LDYw\" href=\"https:\/\/www.facebook.com\/sonia.conti.7545\" target=\"_blank\"><img decoding=\"async\" src=\"http:\/\/tvnativoos.com.br\/wfe\/wp-content\/uploads\/2023\/06\/BANNERS-350X250-SONIA-CONTI-1-300x214-1.jpg\" \/><\/a><\/div><\/div>\n\n\n<p>O projeto ser\u00e1 implementado nas escolas municipais 15 de Novembro, Santa Rita e Nossa Senhora de F\u00e1tima. Ao todo, R$ 54.140 ser\u00e3o investidos pelo munic\u00edpio para atender jovens de 8 a 18 anos, oferecendo treinamento em diversas modalidades de atletismo. Este investimento ser\u00e1 utilizado ao longo de um ano para a compra de equipamentos e materiais necess\u00e1rios \u00e0 pr\u00e1tica e desenvolvimento do esporte. O presidente da associa\u00e7\u00e3o e treinador respons\u00e1vel pelo projeto, Claudio Menzel, expressou entusiasmo com o in\u00edcio das atividades, &#8220;\u00c9 a realiza\u00e7\u00e3o de um sonho. Vamos conseguir auxiliar muitos jovens a desenvolver habilidades e alcan\u00e7ar objetivos, pois sabemos que o esporte transforma vidas. Agradecemos o apoio da Secretaria de Esporte e do prefeito por acreditarem no nosso trabalho&#8221;.<\/p>\n\n\n\n<p>Para o prefeito Anderson Mantei, o incentivo ao esporte nas escolas \u00e9 essencial para o desenvolvimento das novas gera\u00e7\u00f5es, &#8220;Queremos proporcionar oportunidades para que nossas crian\u00e7as e adolescentes cres\u00e7am com disciplina e sa\u00fade. A parceria com a Associa\u00e7\u00e3o 15 Milhas \u00e9 uma grande conquista para Santa Rosa, pois estamos n\u00e3o apenas promovendo o esporte, mas tamb\u00e9m investindo no futuro desses jovens&#8221;. A equipe t\u00e9cnica do projeto tamb\u00e9m contar\u00e1 com a treinadora Anny Lubschinski, que ir\u00e1 auxiliar nos treinamentos e acompanhar o desenvolvimento dos alunos.<\/p>\n\n\n<div class=\"g g-8\"><div class=\"g-dyn a-44 c-1\"><a href=\"https:\/\/tvnativoos.com.br\/wfe\/radio-online-costeira-nativa\/\" target=\"_blank\"><img decoding=\"async\" src=\"http:\/\/tvnativoos.com.br\/wfe\/wp-content\/uploads\/2024\/06\/radiocosteiranativa-1.jpeg\" \/><\/a><\/div><div class=\"g-dyn a-45 c-2\"><a href=\"https:\/\/tvnativoos.com.br\/wfe\/radio-online-costeira-nativa\/\" target=\"_blank\"><img decoding=\"async\" src=\"http:\/\/tvnativoos.com.br\/wfe\/wp-content\/uploads\/2024\/06\/radiocosteiranativa-2.jpeg\" \/><\/a><\/div><\/div>\n\n\n<p>Fonte: Assessoria de Comunica\u00e7\u00e3o<\/p>\n\n\n\n<p>Curta, compartilhe e inscreva em nosso canal do\u00a0<a href=\"https:\/\/youtube.com\/@tvnativoos\">youtube.com\/@tvnativoos<\/a>, curta nossa p\u00e1gina no facebook, instagram e veja nossa programa\u00e7\u00e3o ao vivo portal www.tvnativoos.com.br<\/p>\n","protected":false},"excerpt":{"rendered":"<p>Teve in\u00edcio em Santa Rosa o projeto &#8220;Atletismo na Escola&#8221;, implementado em tr\u00eas institui\u00e7\u00f5es da Rede Municipal de Ensino. Nesta segunda-feira (04), o prefeito Anderson Mantei assinou um termo de fomento com a Associa\u00e7\u00e3o 15 Milhas de Corredores de Rua de Santa Rosa. O objetivo \u00e9 promover o esporte e descobrir novos talentos entre crian\u00e7as [&hellip;]<\/p>\n","protected":false},"author":3,"featured_media":23266,"comment_status":"closed","ping_status":"open","sticky":false,"template":"","format":"standard","meta":{"footnotes":""},"categories":[8],"tags":[269,26,223,308,65],"class_list":["post-23265","post","type-post","status-publish","format-standard","has-post-thumbnail","hentry","category-noticias","tag-atletismo","tag-educacao","tag-esporte","tag-santarosa","tag-tvnativoos"],"cc_featured_image_caption":{"caption_text":"","source_text":"","source_url":""},"_links":{"self":[{"href":"https:\/\/tvnativoos.com.br\/wfe\/wp-json\/wp\/v2\/posts\/23265","targetHints":{"allow":["GET"]}}],"collection":[{"href":"https:\/\/tvnativoos.com.br\/wfe\/wp-json\/wp\/v2\/posts"}],"about":[{"href":"https:\/\/tvnativoos.com.br\/wfe\/wp-json\/wp\/v2\/types\/post"}],"author":[{"embeddable":true,"href":"https:\/\/tvnativoos.com.br\/wfe\/wp-json\/wp\/v2\/users\/3"}],"replies":[{"embeddable":true,"href":"https:\/\/tvnativoos.com.br\/wfe\/wp-json\/wp\/v2\/comments?post=23265"}],"version-history":[{"count":1,"href":"https:\/\/tvnativoos.com.br\/wfe\/wp-json\/wp\/v2\/posts\/23265\/revisions"}],"predecessor-version":[{"id":23267,"href":"https:\/\/tvnativoos.com.br\/wfe\/wp-json\/wp\/v2\/posts\/23265\/revisions\/23267"}],"wp:featuredmedia":[{"embeddable":true,"href":"https:\/\/tvnativoos.com.br\/wfe\/wp-json\/wp\/v2\/media\/23266"}],"wp:attachment":[{"href":"https:\/\/tvnativoos.com.br\/wfe\/wp-json\/wp\/v2\/media?parent=23265"}],"wp:term":[{"taxonomy":"category","embeddable":true,"href":"https:\/\/tvnativoos.com.br\/wfe\/wp-json\/wp\/v2\/categories?post=23265"},{"taxonomy":"post_tag","embeddable":true,"href":"https:\/\/tvnativoos.com.br\/wfe\/wp-json\/wp\/v2\/tags?post=23265"}],"curies":[{"name":"wp","href":"https:\/\/api.w.org\/{rel}","templated":true}]}}