{"id":22678,"date":"2024-10-10T18:54:01","date_gmt":"2024-10-10T18:54:01","guid":{"rendered":"https:\/\/tvnativoos.com.br\/wfe\/?p=22678"},"modified":"2024-10-10T18:54:01","modified_gmt":"2024-10-10T18:54:01","slug":"policia-lider-de-faccao-e-morto-15-minutos-apos-sair-da-penitenciaria-de-alta-seguranca-de-charqueadas","status":"publish","type":"post","link":"https:\/\/tvnativoos.com.br\/wfe\/policia-lider-de-faccao-e-morto-15-minutos-apos-sair-da-penitenciaria-de-alta-seguranca-de-charqueadas\/","title":{"rendered":"Pol\u00edcia &#8211; L\u00edder de fac\u00e7\u00e3o \u00e9 morto 15 minutos ap\u00f3s sair da Penitenci\u00e1ria de Alta Seguran\u00e7a de Charqueadas"},"content":{"rendered":"\n<p>Conhecido como Patinho, homem seria ex-l\u00edder do tr\u00e1fico na zona Norte de Porto Alegre<\/p>\n\n\n\n<p>Um homem de 42 anos foi morto a tiros momentos ap\u00f3s deixar a Penitenci\u00e1ria de Alta Seguran\u00e7a de Charqueadas (Pasc). O crime ocorreu no final da tarde de quarta-feira, \u00e0s 18h15min, apenas 15 minutos depois da sa\u00edda dele da unidade.<\/p>\n\n\n<div class=\"g g-7\"><div class=\"g-dyn a-58 c-1\"><a class=\"gofollow\" data-track=\"NTgsNyw2MA==\" href=\"https:\/\/transformar.tramandai.rs.gov.br\/\"><img decoding=\"async\" src=\"http:\/\/tvnativoos.com.br\/wfe\/wp-content\/uploads\/2026\/03\/TV-Nativoos-300-x-250-px.png\" \/><\/a><\/div><div class=\"g-dyn a-39 c-2\"><a class=\"gofollow\" data-track=\"MzksNyw2MA==\" href=\"https:\/\/tvnativoos.com.br\/wfe\/\" target=\"_blank\"><img decoding=\"async\" src=\"http:\/\/tvnativoos.com.br\/wfe\/wp-content\/uploads\/2024\/05\/WhatsApp-Image-2024-05-17-at-19.58.28.jpeg\" \/><\/a><\/div><div class=\"g-dyn a-8 c-3\"><a class=\"gofollow\" data-track=\"OCw3LDYw\" href=\"https:\/\/www.facebook.com\/sonia.conti.7545\" target=\"_blank\"><img decoding=\"async\" src=\"http:\/\/tvnativoos.com.br\/wfe\/wp-content\/uploads\/2023\/06\/BANNERS-350X250-SONIA-CONTI-1-300x214-1.jpg\" \/><\/a><\/div><div class=\"g-dyn a-7 c-4\"><a class=\"gofollow\" data-track=\"Nyw3LDYw\" href=\"https:\/\/inovaimoveis.rs\/\" target=\"_blank\"><img decoding=\"async\" src=\"http:\/\/tvnativoos.com.br\/wfe\/wp-content\/uploads\/2023\/06\/Banner-Inova-300x214-1.jpeg\" \/><\/a><\/div><div class=\"g-dyn a-6 c-5\"><a class=\"gofollow\" data-track=\"Niw3LDYw\" href=\"#\" target=\"_blank\"><img decoding=\"async\" src=\"http:\/\/tvnativoos.com.br\/wfe\/wp-content\/uploads\/2023\/01\/banner-agua-kangen-e1701887476486.jpeg\" \/><\/a><\/div><div class=\"g-dyn a-4 c-6\"><a class=\"gofollow\" data-track=\"NCw3LDYw\" href=\"https:\/\/arquitetalaurabaltar.com.br\/wfe\/\" target=\"_blank\"><img decoding=\"async\" src=\"http:\/\/tvnativoos.com.br\/wfe\/wp-content\/uploads\/2025\/01\/01-1.png\" \/><\/a><\/div><div class=\"g-dyn a-62 c-7\"><a class=\"gofollow\" data-track=\"NjIsNyw2MA==\" href=\": http:\/\/teliga.corsan.com.br\" target=\"_blank\"><img decoding=\"async\" src=\"http:\/\/tvnativoos.com.br\/wfe\/wp-content\/uploads\/2026\/02\/WhatsApp-Image-2026-02-19-at-17.23.17.jpeg\" \/><\/a><\/div><\/div>\n\n\n<p>Conhecido como Patinho, o homem de 42 anos seria ex-lideran\u00e7a de uma fac\u00e7\u00e3o com n\u00facleo em Porto Alegre. A base da quadrilha \u00e9 a zona Norte, em \u00e1reas como a Cohab do bairro Rubem Berta e o Loteamento Timba\u00fava, no bairro Mario Quintana. Patinho, entretanto, havia abandonado o grupo para integrar outra organiza\u00e7\u00e3o criminosa na zona Leste da Capital.<\/p>\n\n\n\n<p>Uma c\u00e2mera de seguran\u00e7a no bairro Col\u00f4nia Penal registrou o atentado contra ele. A grava\u00e7\u00e3o mostra o momento em que quatro homens desembarcam de um ve\u00edculo Hyundai HB20 preto, na Avenida das Flores, efetuam disparos em s\u00e9rie contra Patinho e depois fogem. O ex-detento morreu no local.<\/p>\n\n\n\n<p>Patinho somava quase 25 anos de condena\u00e7\u00f5es por tr\u00e1fico de drogas, homic\u00eddio, roubo, entre outros delitos. Ele chegou a ser transferido para a Penitenci\u00e1ria Federal de Porto Velho, em Rond\u00f4nia, em 2017, mas retornou no ano seguinte ao Complexo Prisional da Regi\u00e3o Carbon\u00edfera.<\/p>\n\n\n<div class=\"g g-6\"><div class=\"g-dyn a-39 c-1\"><a class=\"gofollow\" data-track=\"MzksNiw2MA==\" href=\"https:\/\/tvnativoos.com.br\/wfe\/\" target=\"_blank\"><img decoding=\"async\" src=\"http:\/\/tvnativoos.com.br\/wfe\/wp-content\/uploads\/2024\/05\/WhatsApp-Image-2024-05-17-at-19.58.28.jpeg\" \/><\/a><\/div><div class=\"g-dyn a-7 c-2\"><a class=\"gofollow\" data-track=\"Nyw2LDYw\" href=\"https:\/\/inovaimoveis.rs\/\" target=\"_blank\"><img decoding=\"async\" src=\"http:\/\/tvnativoos.com.br\/wfe\/wp-content\/uploads\/2023\/06\/Banner-Inova-300x214-1.jpeg\" \/><\/a><\/div><div class=\"g-dyn a-4 c-3\"><a class=\"gofollow\" data-track=\"NCw2LDYw\" href=\"https:\/\/arquitetalaurabaltar.com.br\/wfe\/\" target=\"_blank\"><img decoding=\"async\" src=\"http:\/\/tvnativoos.com.br\/wfe\/wp-content\/uploads\/2025\/01\/01-1.png\" \/><\/a><\/div><div class=\"g-dyn a-58 c-4\"><a class=\"gofollow\" data-track=\"NTgsNiw2MA==\" href=\"https:\/\/transformar.tramandai.rs.gov.br\/\"><img decoding=\"async\" src=\"http:\/\/tvnativoos.com.br\/wfe\/wp-content\/uploads\/2026\/03\/TV-Nativoos-300-x-250-px.png\" \/><\/a><\/div><div class=\"g-dyn a-6 c-5\"><a class=\"gofollow\" data-track=\"Niw2LDYw\" href=\"#\" target=\"_blank\"><img decoding=\"async\" src=\"http:\/\/tvnativoos.com.br\/wfe\/wp-content\/uploads\/2023\/01\/banner-agua-kangen-e1701887476486.jpeg\" \/><\/a><\/div><div class=\"g-dyn a-62 c-6\"><a class=\"gofollow\" data-track=\"NjIsNiw2MA==\" href=\": http:\/\/teliga.corsan.com.br\" target=\"_blank\"><img decoding=\"async\" src=\"http:\/\/tvnativoos.com.br\/wfe\/wp-content\/uploads\/2026\/02\/WhatsApp-Image-2026-02-19-at-17.23.17.jpeg\" \/><\/a><\/div><\/div>\n\n\n<p>O criminoso chegou a cumprir cerca de 10 anos da pena em reclus\u00e3o. Quando morreu, Patinho havia acabo de ganhar progress\u00e3o ao regime semiaberto, com tornozeleira eletr\u00f4nica.<\/p>\n\n\n\n<p>Nesta manh\u00e3, o ve\u00edculo utilizado no ataque a tiros foi encontrado em Viam\u00e3o, na Regi\u00e3o Metropolitana. O autom\u00f3vel estava carbonizado. Ningu\u00e9m foi preso at\u00e9 o momento.<\/p>\n\n\n\n<p>Fonte: Correio do Povo<\/p>\n\n\n\n<p>Curta, compartilhe e inscreva em nosso canal do\u00a0<a href=\"https:\/\/youtube.com\/@tvnativoos\">youtube.com\/@tvnativoos<\/a>, curta nossa p\u00e1gina no facebook, instagram e veja nossa programa\u00e7\u00e3o ao vivo portal\u00a0<a href=\"https:\/\/tvnativoos.com.br\/wfe\/\">www.tvnativoos.com.br<\/a><\/p>\n\n\n\n<p><\/p>\n","protected":false},"excerpt":{"rendered":"<p>Conhecido como Patinho, homem seria ex-l\u00edder do tr\u00e1fico na zona Norte de Porto Alegre Um homem de 42 anos foi morto a tiros momentos ap\u00f3s deixar a Penitenci\u00e1ria de Alta Seguran\u00e7a de Charqueadas (Pasc). O crime ocorreu no final da tarde de quarta-feira, \u00e0s 18h15min, apenas 15 minutos depois da sa\u00edda dele da unidade. Conhecido [&hellip;]<\/p>\n","protected":false},"author":2,"featured_media":22679,"comment_status":"closed","ping_status":"open","sticky":false,"template":"","format":"standard","meta":{"footnotes":""},"categories":[8],"tags":[3165,65],"class_list":["post-22678","post","type-post","status-publish","format-standard","has-post-thumbnail","hentry","category-noticias","tag-pasc","tag-tvnativoos"],"cc_featured_image_caption":{"caption_text":"Conhecido como Patinho, detento foi morto ap\u00f3s sair da Pasc | Foto: Sue Gotardo \/ SJSPS \/ Especial \/ CP \/ TVN","source_text":"","source_url":""},"_links":{"self":[{"href":"https:\/\/tvnativoos.com.br\/wfe\/wp-json\/wp\/v2\/posts\/22678","targetHints":{"allow":["GET"]}}],"collection":[{"href":"https:\/\/tvnativoos.com.br\/wfe\/wp-json\/wp\/v2\/posts"}],"about":[{"href":"https:\/\/tvnativoos.com.br\/wfe\/wp-json\/wp\/v2\/types\/post"}],"author":[{"embeddable":true,"href":"https:\/\/tvnativoos.com.br\/wfe\/wp-json\/wp\/v2\/users\/2"}],"replies":[{"embeddable":true,"href":"https:\/\/tvnativoos.com.br\/wfe\/wp-json\/wp\/v2\/comments?post=22678"}],"version-history":[{"count":1,"href":"https:\/\/tvnativoos.com.br\/wfe\/wp-json\/wp\/v2\/posts\/22678\/revisions"}],"predecessor-version":[{"id":22680,"href":"https:\/\/tvnativoos.com.br\/wfe\/wp-json\/wp\/v2\/posts\/22678\/revisions\/22680"}],"wp:featuredmedia":[{"embeddable":true,"href":"https:\/\/tvnativoos.com.br\/wfe\/wp-json\/wp\/v2\/media\/22679"}],"wp:attachment":[{"href":"https:\/\/tvnativoos.com.br\/wfe\/wp-json\/wp\/v2\/media?parent=22678"}],"wp:term":[{"taxonomy":"category","embeddable":true,"href":"https:\/\/tvnativoos.com.br\/wfe\/wp-json\/wp\/v2\/categories?post=22678"},{"taxonomy":"post_tag","embeddable":true,"href":"https:\/\/tvnativoos.com.br\/wfe\/wp-json\/wp\/v2\/tags?post=22678"}],"curies":[{"name":"wp","href":"https:\/\/api.w.org\/{rel}","templated":true}]}}