{"id":22544,"date":"2024-10-07T00:21:58","date_gmt":"2024-10-07T00:21:58","guid":{"rendered":"https:\/\/tvnativoos.com.br\/wfe\/?p=22544"},"modified":"2024-10-07T00:21:59","modified_gmt":"2024-10-07T00:21:59","slug":"eleicoes-2024-pedro-almeida-psd-e-reeleito-prefeito-de-passo-fundo","status":"publish","type":"post","link":"https:\/\/tvnativoos.com.br\/wfe\/eleicoes-2024-pedro-almeida-psd-e-reeleito-prefeito-de-passo-fundo\/","title":{"rendered":"Elei\u00e7\u00f5es 2024 &#8211; Pedro Almeida (PSD) \u00e9 reeleito prefeito de Passo Fundo\u00a0"},"content":{"rendered":"\n<p>Candidato do PSD teve alian\u00e7a com partidos de centro-direita. Na reta final de campanha refor\u00e7ou o discurso de que cumpre suas promessas, at\u00e9 confirmar a vit\u00f3ria neste domingo (6)<\/p>\n\n\n<div class=\"g g-7\"><div class=\"g-dyn a-39 c-1\"><a class=\"gofollow\" data-track=\"MzksNyw2MA==\" href=\"https:\/\/tvnativoos.com.br\/wfe\/\" target=\"_blank\"><img decoding=\"async\" src=\"http:\/\/tvnativoos.com.br\/wfe\/wp-content\/uploads\/2024\/05\/WhatsApp-Image-2024-05-17-at-19.58.28.jpeg\" \/><\/a><\/div><div class=\"g-dyn a-62 c-2\"><a class=\"gofollow\" data-track=\"NjIsNyw2MA==\" href=\": http:\/\/teliga.corsan.com.br\" target=\"_blank\"><img decoding=\"async\" src=\"http:\/\/tvnativoos.com.br\/wfe\/wp-content\/uploads\/2026\/02\/WhatsApp-Image-2026-02-19-at-17.23.17.jpeg\" \/><\/a><\/div><div class=\"g-dyn a-6 c-3\"><a class=\"gofollow\" data-track=\"Niw3LDYw\" href=\"#\" target=\"_blank\"><img decoding=\"async\" src=\"http:\/\/tvnativoos.com.br\/wfe\/wp-content\/uploads\/2023\/01\/banner-agua-kangen-e1701887476486.jpeg\" \/><\/a><\/div><div class=\"g-dyn a-7 c-4\"><a class=\"gofollow\" data-track=\"Nyw3LDYw\" href=\"https:\/\/inovaimoveis.rs\/\" target=\"_blank\"><img decoding=\"async\" src=\"http:\/\/tvnativoos.com.br\/wfe\/wp-content\/uploads\/2023\/06\/Banner-Inova-300x214-1.jpeg\" \/><\/a><\/div><div class=\"g-dyn a-58 c-5\"><a class=\"gofollow\" data-track=\"NTgsNyw2MA==\" href=\"https:\/\/transformar.tramandai.rs.gov.br\/\"><img decoding=\"async\" src=\"http:\/\/tvnativoos.com.br\/wfe\/wp-content\/uploads\/2026\/03\/TV-Nativoos-300-x-250-px.png\" \/><\/a><\/div><div class=\"g-dyn a-4 c-6\"><a class=\"gofollow\" data-track=\"NCw3LDYw\" href=\"https:\/\/arquitetalaurabaltar.com.br\/wfe\/\" target=\"_blank\"><img decoding=\"async\" src=\"http:\/\/tvnativoos.com.br\/wfe\/wp-content\/uploads\/2025\/01\/01-1.png\" \/><\/a><\/div><div class=\"g-dyn a-8 c-7\"><a class=\"gofollow\" data-track=\"OCw3LDYw\" href=\"https:\/\/www.facebook.com\/sonia.conti.7545\" target=\"_blank\"><img decoding=\"async\" src=\"http:\/\/tvnativoos.com.br\/wfe\/wp-content\/uploads\/2023\/06\/BANNERS-350X250-SONIA-CONTI-1-300x214-1.jpg\" \/><\/a><\/div><\/div>\n\n\n<p>Aos 46 anos,&nbsp;<strong>Pedro Almeida<\/strong>&nbsp;(PSD) \u00e9 o escolhido para continuar governando&nbsp;<strong>Passo Fundo<\/strong>, norte ga\u00facho, pelos pr\u00f3ximos quatro anos. O prefeito foi reeleito neste domingo (6) com&nbsp;<strong>42,66%<\/strong>&nbsp;dos votos v\u00e1lidos, contra&nbsp;<strong>31,25%&nbsp;<\/strong>de Marcio Patussi (PL) e&nbsp;<strong>26,09%<\/strong>&nbsp;de concorrente Airton Dipp (PDT).<\/p>\n\n\n\n<p>At\u00e9 a vit\u00f3ria, Pedro fez uma campanha eleitoral baseada nos feitos dos \u00faltimos 12 anos, somando os avan\u00e7os do antigo prefeito Luciano Azevedo \u00e0s a\u00e7\u00f5es executadas na atual gest\u00e3o.&nbsp;<\/p>\n\n\n\n<p>Na reta final, afirmou o discurso de que cumpre suas promessas de transforma\u00e7\u00e3o da cidade.<\/p>\n\n\n<div class=\"g g-6\"><div class=\"g-dyn a-39 c-1\"><a class=\"gofollow\" data-track=\"MzksNiw2MA==\" href=\"https:\/\/tvnativoos.com.br\/wfe\/\" target=\"_blank\"><img decoding=\"async\" src=\"http:\/\/tvnativoos.com.br\/wfe\/wp-content\/uploads\/2024\/05\/WhatsApp-Image-2024-05-17-at-19.58.28.jpeg\" \/><\/a><\/div><div class=\"g-dyn a-58 c-2\"><a class=\"gofollow\" data-track=\"NTgsNiw2MA==\" href=\"https:\/\/transformar.tramandai.rs.gov.br\/\"><img decoding=\"async\" src=\"http:\/\/tvnativoos.com.br\/wfe\/wp-content\/uploads\/2026\/03\/TV-Nativoos-300-x-250-px.png\" \/><\/a><\/div><div class=\"g-dyn a-7 c-3\"><a class=\"gofollow\" data-track=\"Nyw2LDYw\" href=\"https:\/\/inovaimoveis.rs\/\" target=\"_blank\"><img decoding=\"async\" src=\"http:\/\/tvnativoos.com.br\/wfe\/wp-content\/uploads\/2023\/06\/Banner-Inova-300x214-1.jpeg\" \/><\/a><\/div><div class=\"g-dyn a-6 c-4\"><a class=\"gofollow\" data-track=\"Niw2LDYw\" href=\"#\" target=\"_blank\"><img decoding=\"async\" src=\"http:\/\/tvnativoos.com.br\/wfe\/wp-content\/uploads\/2023\/01\/banner-agua-kangen-e1701887476486.jpeg\" \/><\/a><\/div><div class=\"g-dyn a-62 c-5\"><a class=\"gofollow\" data-track=\"NjIsNiw2MA==\" href=\": http:\/\/teliga.corsan.com.br\" target=\"_blank\"><img decoding=\"async\" src=\"http:\/\/tvnativoos.com.br\/wfe\/wp-content\/uploads\/2026\/02\/WhatsApp-Image-2026-02-19-at-17.23.17.jpeg\" \/><\/a><\/div><div class=\"g-dyn a-4 c-6\"><a class=\"gofollow\" data-track=\"NCw2LDYw\" href=\"https:\/\/arquitetalaurabaltar.com.br\/wfe\/\" target=\"_blank\"><img decoding=\"async\" src=\"http:\/\/tvnativoos.com.br\/wfe\/wp-content\/uploads\/2025\/01\/01-1.png\" \/><\/a><\/div><\/div>\n\n\n<p><strong>Confira como foi a vota\u00e7\u00e3o:<\/strong><\/p>\n\n\n\n<p>55 \u2013 PEDRO C\u00c9ZAR DE ALMEIDA NETO Partido Social Democr\u00e1tico Vota\u00e7\u00e3o 46.290\u00a0 \u00b7 42,66 %<\/p>\n\n\n\n<p>22 \u2013 MARCIO ASSIS PATUSSI Partido Liberal Vota\u00e7\u00e3o 33.908 \u00a0\u00b7 31,25 %<\/p>\n\n\n\n<p>12 \u2013 AIRTON LANGARO DIPP Partido Democr\u00e1tico Trabalhista Vota\u00e7\u00e3o 28.305 \u00a0\u00b7 26,09 %<\/p>\n\n\n\n<p>Fonte: TRE e GZH<\/p>\n\n\n\n<p>Curta, compartilhe e inscreva em nosso canal do\u00a0<a href=\"https:\/\/youtube.com\/@tvnativoos\">youtube.com\/@tvnativoos<\/a>, curta nossa p\u00e1gina no facebook, instagram e veja nossa programa\u00e7\u00e3o ao vivo portal\u00a0<a href=\"https:\/\/tvnativoos.com.br\/wfe\/\">www.tvnativoos.com.br<\/a><\/p>\n","protected":false},"excerpt":{"rendered":"<p>Candidato do PSD teve alian\u00e7a com partidos de centro-direita. Na reta final de campanha refor\u00e7ou o discurso de que cumpre suas promessas, at\u00e9 confirmar a vit\u00f3ria neste domingo (6) Aos 46 anos,&nbsp;Pedro Almeida&nbsp;(PSD) \u00e9 o escolhido para continuar governando&nbsp;Passo Fundo, norte ga\u00facho, pelos pr\u00f3ximos quatro anos. O prefeito foi reeleito neste domingo (6) com&nbsp;42,66%&nbsp;dos votos [&hellip;]<\/p>\n","protected":false},"author":3,"featured_media":22545,"comment_status":"closed","ping_status":"open","sticky":false,"template":"","format":"standard","meta":{"footnotes":""},"categories":[8,2718],"tags":[1798,382,179,65],"class_list":["post-22544","post","type-post","status-publish","format-standard","has-post-thumbnail","hentry","category-noticias","category-primavera-2025","tag-eleicoes-2","tag-passofundo","tag-prefeitura","tag-tvnativoos"],"cc_featured_image_caption":{"caption_text":"Pedro \u00e9 reeleito ao lado de Coronel Ceolin- Foto Divulga\u00e7\u00e3o\r\n","source_text":"","source_url":""},"_links":{"self":[{"href":"https:\/\/tvnativoos.com.br\/wfe\/wp-json\/wp\/v2\/posts\/22544","targetHints":{"allow":["GET"]}}],"collection":[{"href":"https:\/\/tvnativoos.com.br\/wfe\/wp-json\/wp\/v2\/posts"}],"about":[{"href":"https:\/\/tvnativoos.com.br\/wfe\/wp-json\/wp\/v2\/types\/post"}],"author":[{"embeddable":true,"href":"https:\/\/tvnativoos.com.br\/wfe\/wp-json\/wp\/v2\/users\/3"}],"replies":[{"embeddable":true,"href":"https:\/\/tvnativoos.com.br\/wfe\/wp-json\/wp\/v2\/comments?post=22544"}],"version-history":[{"count":1,"href":"https:\/\/tvnativoos.com.br\/wfe\/wp-json\/wp\/v2\/posts\/22544\/revisions"}],"predecessor-version":[{"id":22546,"href":"https:\/\/tvnativoos.com.br\/wfe\/wp-json\/wp\/v2\/posts\/22544\/revisions\/22546"}],"wp:featuredmedia":[{"embeddable":true,"href":"https:\/\/tvnativoos.com.br\/wfe\/wp-json\/wp\/v2\/media\/22545"}],"wp:attachment":[{"href":"https:\/\/tvnativoos.com.br\/wfe\/wp-json\/wp\/v2\/media?parent=22544"}],"wp:term":[{"taxonomy":"category","embeddable":true,"href":"https:\/\/tvnativoos.com.br\/wfe\/wp-json\/wp\/v2\/categories?post=22544"},{"taxonomy":"post_tag","embeddable":true,"href":"https:\/\/tvnativoos.com.br\/wfe\/wp-json\/wp\/v2\/tags?post=22544"}],"curies":[{"name":"wp","href":"https:\/\/api.w.org\/{rel}","templated":true}]}}