{"id":22436,"date":"2024-10-02T20:57:19","date_gmt":"2024-10-02T20:57:19","guid":{"rendered":"https:\/\/tvnativoos.com.br\/wfe\/?p=22436"},"modified":"2024-10-02T20:57:20","modified_gmt":"2024-10-02T20:57:20","slug":"eleicoes-2024-tribunal-regional-eleitoral-nega-recurso-e-mantem-candidatura-a-prefeito-em-imbe","status":"publish","type":"post","link":"https:\/\/tvnativoos.com.br\/wfe\/eleicoes-2024-tribunal-regional-eleitoral-nega-recurso-e-mantem-candidatura-a-prefeito-em-imbe\/","title":{"rendered":"Elei\u00e7\u00f5es 2024- Tribunal Regional Eleitoral nega recurso e mant\u00e9m candidatura a prefeito em Imb\u00e9"},"content":{"rendered":"\n<p>Em sess\u00e3o de julgamento realizada na tarde desta quarta-feira, 2 de outubro, o Tribunal Regional Eleitoral manteve o registro de candidatura do candidato a prefeito de Imb\u00e9 Pierre Emerim ( Coliga\u00e7\u00e3o O Imb\u00e9 que Queremos est\u00e1 Aqui).&nbsp;<\/p>\n\n\n<div class=\"g g-6\"><div class=\"g-dyn a-39 c-1\"><a class=\"gofollow\" data-track=\"MzksNiw2MA==\" href=\"https:\/\/tvnativoos.com.br\/wfe\/\" target=\"_blank\"><img decoding=\"async\" src=\"http:\/\/tvnativoos.com.br\/wfe\/wp-content\/uploads\/2024\/05\/WhatsApp-Image-2024-05-17-at-19.58.28.jpeg\" \/><\/a><\/div><div class=\"g-dyn a-62 c-2\"><a class=\"gofollow\" data-track=\"NjIsNiw2MA==\" href=\": http:\/\/teliga.corsan.com.br\" target=\"_blank\"><img decoding=\"async\" src=\"http:\/\/tvnativoos.com.br\/wfe\/wp-content\/uploads\/2026\/02\/WhatsApp-Image-2026-02-19-at-17.23.17.jpeg\" \/><\/a><\/div><div class=\"g-dyn a-4 c-3\"><a class=\"gofollow\" data-track=\"NCw2LDYw\" href=\"https:\/\/arquitetalaurabaltar.com.br\/wfe\/\" target=\"_blank\"><img decoding=\"async\" src=\"http:\/\/tvnativoos.com.br\/wfe\/wp-content\/uploads\/2025\/01\/01-1.png\" \/><\/a><\/div><div class=\"g-dyn a-6 c-4\"><a class=\"gofollow\" data-track=\"Niw2LDYw\" href=\"#\" target=\"_blank\"><img decoding=\"async\" src=\"http:\/\/tvnativoos.com.br\/wfe\/wp-content\/uploads\/2023\/01\/banner-agua-kangen-e1701887476486.jpeg\" \/><\/a><\/div><div class=\"g-dyn a-7 c-5\"><a class=\"gofollow\" data-track=\"Nyw2LDYw\" href=\"https:\/\/inovaimoveis.rs\/\" target=\"_blank\"><img decoding=\"async\" src=\"http:\/\/tvnativoos.com.br\/wfe\/wp-content\/uploads\/2023\/06\/Banner-Inova-300x214-1.jpeg\" \/><\/a><\/div><div class=\"g-dyn a-58 c-6\"><a class=\"gofollow\" data-track=\"NTgsNiw2MA==\" href=\"https:\/\/transformar.tramandai.rs.gov.br\/\"><img decoding=\"async\" src=\"http:\/\/tvnativoos.com.br\/wfe\/wp-content\/uploads\/2026\/03\/TV-Nativoos-300-x-250-px.png\" \/><\/a><\/div><\/div>\n\n\n<p>A corte acatou as argumenta\u00e7\u00f5es da Procuradoria Regional Eleitoral do Rio Grande do Sul e negou provimento ao recurso impetrado pela coliga\u00e7\u00e3o O Futuro de Imb\u00e9 em Boas M\u00e3os contra senten\u00e7a do ju\u00edzo eleitoral da 110\u00ba Zona Eleitoral que julgou improcedente a\u00e7\u00e3o de impugna\u00e7\u00e3o de registro de candidatura e not\u00edcia de inelegibilidade.<\/p>\n\n\n\n<p>O pedido de impugna\u00e7\u00e3o foi baseado na inclus\u00e3o do nome de Pierre Emerim em lista de gestores com contas julgadas irregulares pelo Tribunal de Contas da Uni\u00e3o.<\/p>\n\n\n\n<p>Entretanto, apresentada defesa, em 12 de setembro o juiz e o Minist\u00e9rio P\u00fablico Eleitoral em Tramanda\u00ed entenderam que n\u00e3o houve dolo no comportamento do gestor p\u00fablico que teve as contas reprovadas, n\u00e3o configurando inelegibilidade e o registro de candidatura foi deferido.&nbsp;<\/p>\n\n\n<div class=\"g g-7\"><div class=\"g-dyn a-4 c-1\"><a class=\"gofollow\" data-track=\"NCw3LDYw\" href=\"https:\/\/arquitetalaurabaltar.com.br\/wfe\/\" target=\"_blank\"><img decoding=\"async\" src=\"http:\/\/tvnativoos.com.br\/wfe\/wp-content\/uploads\/2025\/01\/01-1.png\" \/><\/a><\/div><div class=\"g-dyn a-8 c-2\"><a class=\"gofollow\" data-track=\"OCw3LDYw\" href=\"https:\/\/www.facebook.com\/sonia.conti.7545\" target=\"_blank\"><img decoding=\"async\" src=\"http:\/\/tvnativoos.com.br\/wfe\/wp-content\/uploads\/2023\/06\/BANNERS-350X250-SONIA-CONTI-1-300x214-1.jpg\" \/><\/a><\/div><div class=\"g-dyn a-7 c-3\"><a class=\"gofollow\" data-track=\"Nyw3LDYw\" href=\"https:\/\/inovaimoveis.rs\/\" target=\"_blank\"><img decoding=\"async\" src=\"http:\/\/tvnativoos.com.br\/wfe\/wp-content\/uploads\/2023\/06\/Banner-Inova-300x214-1.jpeg\" \/><\/a><\/div><div class=\"g-dyn a-58 c-4\"><a class=\"gofollow\" data-track=\"NTgsNyw2MA==\" href=\"https:\/\/transformar.tramandai.rs.gov.br\/\"><img decoding=\"async\" src=\"http:\/\/tvnativoos.com.br\/wfe\/wp-content\/uploads\/2026\/03\/TV-Nativoos-300-x-250-px.png\" \/><\/a><\/div><div class=\"g-dyn a-6 c-5\"><a class=\"gofollow\" data-track=\"Niw3LDYw\" href=\"#\" target=\"_blank\"><img decoding=\"async\" src=\"http:\/\/tvnativoos.com.br\/wfe\/wp-content\/uploads\/2023\/01\/banner-agua-kangen-e1701887476486.jpeg\" \/><\/a><\/div><div class=\"g-dyn a-62 c-6\"><a class=\"gofollow\" data-track=\"NjIsNyw2MA==\" href=\": http:\/\/teliga.corsan.com.br\" target=\"_blank\"><img decoding=\"async\" src=\"http:\/\/tvnativoos.com.br\/wfe\/wp-content\/uploads\/2026\/02\/WhatsApp-Image-2026-02-19-at-17.23.17.jpeg\" \/><\/a><\/div><div class=\"g-dyn a-39 c-7\"><a class=\"gofollow\" data-track=\"MzksNyw2MA==\" href=\"https:\/\/tvnativoos.com.br\/wfe\/\" target=\"_blank\"><img decoding=\"async\" src=\"http:\/\/tvnativoos.com.br\/wfe\/wp-content\/uploads\/2024\/05\/WhatsApp-Image-2024-05-17-at-19.58.28.jpeg\" \/><\/a><\/div><\/div>\n\n\n<p>Logo a seguir, houve recurso da decis\u00e3o inicial e no julgamento desta quarta-feira, o procurador Regional Eleitoral Claudio Dutra Fontella sustentou que n\u00e3o houve dolo por parte do gestor Pierre Emerim no caso das contas julgadas irregulares e sim erro grosseiro n\u00e3o configurando inelegibilidade. O relator do processo foi o desembargador federal Ricardo Teixeira do Valle Pereira&nbsp;que citou que a inelegibilidade deve vir acompanhada de diversos itens e que neste caso n\u00e3o h\u00e1 configura\u00e7\u00e3o de dolo, necess\u00e1rio para a inelegibilidade.<\/p>\n\n\n\n<p>E agora, com a negativa do recurso, o Tribunal Regional Eleitoral mant\u00e9m a decis\u00e3o de 1\u00ba grau sendo o registro de candidatura mantido. A decis\u00e3o foi por unanimidade e a sess\u00e3o foi conduzida pelo presidente do Tribunal Regional Eleitoral, desembargador Voltaire de Lima Moraes.<\/p>\n\n\n\n<p>Confira o v\u00eddeo da sess\u00e3o- a partir de 1h27 do v\u00eddeo<\/p>\n\n\n\n<figure class=\"wp-block-embed is-type-video is-provider-youtube wp-block-embed-youtube wp-embed-aspect-16-9 wp-has-aspect-ratio\"><div class=\"wp-block-embed__wrapper\">\n<iframe loading=\"lazy\" title=\"Sess\u00e3o do Pleno do TRE-RS do dia 02-10-2024\" width=\"640\" height=\"360\" src=\"https:\/\/www.youtube.com\/embed\/cXkprVpSNGc?feature=oembed\" frameborder=\"0\" allow=\"accelerometer; autoplay; clipboard-write; encrypted-media; gyroscope; picture-in-picture; web-share\" referrerpolicy=\"strict-origin-when-cross-origin\" allowfullscreen><\/iframe>\n<\/div><\/figure>\n\n\n<div class=\"g g-8\"><div class=\"g-dyn a-44 c-1\"><a href=\"https:\/\/tvnativoos.com.br\/wfe\/radio-online-costeira-nativa\/\" target=\"_blank\"><img decoding=\"async\" src=\"http:\/\/tvnativoos.com.br\/wfe\/wp-content\/uploads\/2024\/06\/radiocosteiranativa-1.jpeg\" \/><\/a><\/div><div class=\"g-dyn a-45 c-2\"><a href=\"https:\/\/tvnativoos.com.br\/wfe\/radio-online-costeira-nativa\/\" target=\"_blank\"><img decoding=\"async\" src=\"http:\/\/tvnativoos.com.br\/wfe\/wp-content\/uploads\/2024\/06\/radiocosteiranativa-2.jpeg\" \/><\/a><\/div><\/div>\n\n\n<p>Curta, compartilhe e inscreva em nosso canal do youtube.com\/@tvnativoos, curta nossa p\u00e1gina no facebook, instagram e veja nossa programa\u00e7\u00e3o ao vivo portal www.tvnativoos.com.br<\/p>\n\n\n\n<p><\/p>\n","protected":false},"excerpt":{"rendered":"<p>Em sess\u00e3o de julgamento realizada na tarde desta quarta-feira, 2 de outubro, o Tribunal Regional Eleitoral manteve o registro de candidatura do candidato a prefeito de Imb\u00e9 Pierre Emerim ( Coliga\u00e7\u00e3o O Imb\u00e9 que Queremos est\u00e1 Aqui).&nbsp; A corte acatou as argumenta\u00e7\u00f5es da Procuradoria Regional Eleitoral do Rio Grande do Sul e negou provimento ao [&hellip;]<\/p>\n","protected":false},"author":2,"featured_media":22437,"comment_status":"closed","ping_status":"open","sticky":false,"template":"","format":"standard","meta":{"footnotes":""},"categories":[8],"tags":[3021,65],"class_list":["post-22436","post","type-post","status-publish","format-standard","has-post-thumbnail","hentry","category-noticias","tag-eleicoes-2024","tag-tvnativoos"],"cc_featured_image_caption":{"caption_text":"Imagem Internet","source_text":"","source_url":""},"_links":{"self":[{"href":"https:\/\/tvnativoos.com.br\/wfe\/wp-json\/wp\/v2\/posts\/22436","targetHints":{"allow":["GET"]}}],"collection":[{"href":"https:\/\/tvnativoos.com.br\/wfe\/wp-json\/wp\/v2\/posts"}],"about":[{"href":"https:\/\/tvnativoos.com.br\/wfe\/wp-json\/wp\/v2\/types\/post"}],"author":[{"embeddable":true,"href":"https:\/\/tvnativoos.com.br\/wfe\/wp-json\/wp\/v2\/users\/2"}],"replies":[{"embeddable":true,"href":"https:\/\/tvnativoos.com.br\/wfe\/wp-json\/wp\/v2\/comments?post=22436"}],"version-history":[{"count":1,"href":"https:\/\/tvnativoos.com.br\/wfe\/wp-json\/wp\/v2\/posts\/22436\/revisions"}],"predecessor-version":[{"id":22438,"href":"https:\/\/tvnativoos.com.br\/wfe\/wp-json\/wp\/v2\/posts\/22436\/revisions\/22438"}],"wp:featuredmedia":[{"embeddable":true,"href":"https:\/\/tvnativoos.com.br\/wfe\/wp-json\/wp\/v2\/media\/22437"}],"wp:attachment":[{"href":"https:\/\/tvnativoos.com.br\/wfe\/wp-json\/wp\/v2\/media?parent=22436"}],"wp:term":[{"taxonomy":"category","embeddable":true,"href":"https:\/\/tvnativoos.com.br\/wfe\/wp-json\/wp\/v2\/categories?post=22436"},{"taxonomy":"post_tag","embeddable":true,"href":"https:\/\/tvnativoos.com.br\/wfe\/wp-json\/wp\/v2\/tags?post=22436"}],"curies":[{"name":"wp","href":"https:\/\/api.w.org\/{rel}","templated":true}]}}