{"id":22365,"date":"2024-09-30T10:36:39","date_gmt":"2024-09-30T10:36:39","guid":{"rendered":"https:\/\/tvnativoos.com.br\/wfe\/?p=22365"},"modified":"2024-09-30T10:36:39","modified_gmt":"2024-09-30T10:36:39","slug":"clima-setembro-termina-com-muito-calor-no-sul-do-brasil","status":"publish","type":"post","link":"https:\/\/tvnativoos.com.br\/wfe\/clima-setembro-termina-com-muito-calor-no-sul-do-brasil\/","title":{"rendered":"Clima &#8211; Setembro termina com muito calor no sul do Brasil"},"content":{"rendered":"\n<p>\u00daltimo dia de setembro ser\u00e1 marcado pelo predom\u00ednio do tempo firme e das temperaturas muito altas \u00e0 tarde no Sul do Brasil<\/p>\n\n\n\n<p>A semana se inicia com muito calor nos tr\u00eas estados do Sul do Brasil, projeta a MetSul Meteorologia. Rio Grande do Sul, Santa Catarina e o Paran\u00e1 ter\u00e3o marcas ao redor e acima dos 35\u00baC nesta segunda-feira com uma massa de ar quente. Ar muito quente toma conta do Rio Grande do Sul nesta segunda, na v\u00e9spera da chegada de uma frente fria que vai mudar o tempo no estado entre amanh\u00e3 e quarta com chuva e queda de temperatura.<\/p>\n\n\n<div class=\"g g-7\"><div class=\"g-dyn a-58 c-1\"><a class=\"gofollow\" data-track=\"NTgsNyw2MA==\" href=\"https:\/\/transformar.tramandai.rs.gov.br\/\"><img decoding=\"async\" src=\"http:\/\/tvnativoos.com.br\/wfe\/wp-content\/uploads\/2026\/03\/TV-Nativoos-300-x-250-px.png\" \/><\/a><\/div><div class=\"g-dyn a-7 c-2\"><a class=\"gofollow\" data-track=\"Nyw3LDYw\" href=\"https:\/\/inovaimoveis.rs\/\" target=\"_blank\"><img decoding=\"async\" src=\"http:\/\/tvnativoos.com.br\/wfe\/wp-content\/uploads\/2023\/06\/Banner-Inova-300x214-1.jpeg\" \/><\/a><\/div><div class=\"g-dyn a-4 c-3\"><a class=\"gofollow\" data-track=\"NCw3LDYw\" href=\"https:\/\/arquitetalaurabaltar.com.br\/wfe\/\" target=\"_blank\"><img decoding=\"async\" src=\"http:\/\/tvnativoos.com.br\/wfe\/wp-content\/uploads\/2025\/01\/01-1.png\" \/><\/a><\/div><div class=\"g-dyn a-8 c-4\"><a class=\"gofollow\" data-track=\"OCw3LDYw\" href=\"https:\/\/www.facebook.com\/sonia.conti.7545\" target=\"_blank\"><img decoding=\"async\" src=\"http:\/\/tvnativoos.com.br\/wfe\/wp-content\/uploads\/2023\/06\/BANNERS-350X250-SONIA-CONTI-1-300x214-1.jpg\" \/><\/a><\/div><div class=\"g-dyn a-6 c-5\"><a class=\"gofollow\" data-track=\"Niw3LDYw\" href=\"#\" target=\"_blank\"><img decoding=\"async\" src=\"http:\/\/tvnativoos.com.br\/wfe\/wp-content\/uploads\/2023\/01\/banner-agua-kangen-e1701887476486.jpeg\" \/><\/a><\/div><div class=\"g-dyn a-39 c-6\"><a class=\"gofollow\" data-track=\"MzksNyw2MA==\" href=\"https:\/\/tvnativoos.com.br\/wfe\/\" target=\"_blank\"><img decoding=\"async\" src=\"http:\/\/tvnativoos.com.br\/wfe\/wp-content\/uploads\/2024\/05\/WhatsApp-Image-2024-05-17-at-19.58.28.jpeg\" \/><\/a><\/div><div class=\"g-dyn a-62 c-7\"><a class=\"gofollow\" data-track=\"NjIsNyw2MA==\" href=\": http:\/\/teliga.corsan.com.br\" target=\"_blank\"><img decoding=\"async\" src=\"http:\/\/tvnativoos.com.br\/wfe\/wp-content\/uploads\/2026\/02\/WhatsApp-Image-2026-02-19-at-17.23.17.jpeg\" \/><\/a><\/div><\/div>\n\n\n<p>O sol predomina hoje no territ\u00f3rio ga\u00facho ao longo desta segunda, mas, diferentemente do fim de semana, nuvens devem come\u00e7ar a ingressar em algumas regi\u00f5es, embora parte do estado ainda tenha momentos de c\u00e9u claro. Pode ocorrer chuva isolada em pontos entre a Campanha e o Sul ga\u00facho, mas em quase todo o estado o tempo vai estar firme hoje. A instabilidade tende a se concentrar mais no extremo Sul do estado, nas \u00e1reas do Chu\u00ed e de Santa Vit\u00f3ria do Palmar.<\/p>\n\n\n\n<p>O grande destaque desta segunda, por\u00e9m, ser\u00e1 o calor. A temperatura durante o dia sobe acentuadamente com m\u00e1ximas generalizadas acima de 30\u00baC no territ\u00f3rio ga\u00facho e que em alguns pontos ser\u00e3o de at\u00e9 35\u00baC ou mais \u00e0 tarde. Porto Alegre deve ter uma tarde quente com marcas de 32\u00baC. Na reg\u00e3o metropolitana, v\u00e1rias cidades devem anotar m\u00e1ximas entre 32\u00baC e 34\u00baC. O mesmo deve ocorrer em diversos munic\u00edpios do vales. Mesmo a Serra Ga\u00facha deve ter pontos com mais de 30\u00baC durante a tarde. O Noroeste e o Norte do estado tamb\u00e9m devem ter uma tarde de forte a intenso calor. As m\u00e1ximas em alguns munic\u00edpios do Noroeste devem ficar entre 35\u00baC e 37\u00baC durante a tarde. No Norte ga\u00facho, no Planalto M\u00e9dio e no Alto Jacu\u00ed, v\u00e1rias cidades devem ter entre 31\u00baC e 33\u00baC.<\/p>\n\n\n\n<figure class=\"wp-block-image size-large\"><img loading=\"lazy\" decoding=\"async\" width=\"1024\" height=\"769\" src=\"https:\/\/tvnativoos.com.br\/wfe\/wp-content\/uploads\/2024\/09\/calor3009b-1024x769.webp\" alt=\"\" class=\"wp-image-22366\" srcset=\"https:\/\/tvnativoos.com.br\/wfe\/wp-content\/uploads\/2024\/09\/calor3009b-1024x769.webp 1024w, https:\/\/tvnativoos.com.br\/wfe\/wp-content\/uploads\/2024\/09\/calor3009b-300x225.webp 300w, https:\/\/tvnativoos.com.br\/wfe\/wp-content\/uploads\/2024\/09\/calor3009b-768x577.webp 768w, https:\/\/tvnativoos.com.br\/wfe\/wp-content\/uploads\/2024\/09\/calor3009b.webp 1400w\" sizes=\"auto, (max-width: 1024px) 100vw, 1024px\" \/><\/figure>\n\n\n<div class=\"g g-6\"><div class=\"g-dyn a-58 c-1\"><a class=\"gofollow\" data-track=\"NTgsNiw2MA==\" href=\"https:\/\/transformar.tramandai.rs.gov.br\/\"><img decoding=\"async\" src=\"http:\/\/tvnativoos.com.br\/wfe\/wp-content\/uploads\/2026\/03\/TV-Nativoos-300-x-250-px.png\" \/><\/a><\/div><div class=\"g-dyn a-39 c-2\"><a class=\"gofollow\" data-track=\"MzksNiw2MA==\" href=\"https:\/\/tvnativoos.com.br\/wfe\/\" target=\"_blank\"><img decoding=\"async\" src=\"http:\/\/tvnativoos.com.br\/wfe\/wp-content\/uploads\/2024\/05\/WhatsApp-Image-2024-05-17-at-19.58.28.jpeg\" \/><\/a><\/div><div class=\"g-dyn a-7 c-3\"><a class=\"gofollow\" data-track=\"Nyw2LDYw\" href=\"https:\/\/inovaimoveis.rs\/\" target=\"_blank\"><img decoding=\"async\" src=\"http:\/\/tvnativoos.com.br\/wfe\/wp-content\/uploads\/2023\/06\/Banner-Inova-300x214-1.jpeg\" \/><\/a><\/div><div class=\"g-dyn a-6 c-4\"><a class=\"gofollow\" data-track=\"Niw2LDYw\" href=\"#\" target=\"_blank\"><img decoding=\"async\" src=\"http:\/\/tvnativoos.com.br\/wfe\/wp-content\/uploads\/2023\/01\/banner-agua-kangen-e1701887476486.jpeg\" \/><\/a><\/div><div class=\"g-dyn a-4 c-5\"><a class=\"gofollow\" data-track=\"NCw2LDYw\" href=\"https:\/\/arquitetalaurabaltar.com.br\/wfe\/\" target=\"_blank\"><img decoding=\"async\" src=\"http:\/\/tvnativoos.com.br\/wfe\/wp-content\/uploads\/2025\/01\/01-1.png\" \/><\/a><\/div><div class=\"g-dyn a-62 c-6\"><a class=\"gofollow\" data-track=\"NjIsNiw2MA==\" href=\": http:\/\/teliga.corsan.com.br\" target=\"_blank\"><img decoding=\"async\" src=\"http:\/\/tvnativoos.com.br\/wfe\/wp-content\/uploads\/2026\/02\/WhatsApp-Image-2026-02-19-at-17.23.17.jpeg\" \/><\/a><\/div><\/div>\n\n\n<p>Em Santa Catarina, o calor ser\u00e1 mais intenso no Sul do estado, na regi\u00e3o de Crici\u00fama, e no Oeste e no extremo Oeste, onde em diversos munic\u00edpios as m\u00e1ximas desta segunda devem ficar entre 33\u00baC e 35\u00baC. No Paran\u00e1, o Oeste e o Norte do estado ser\u00e3o as regi\u00f5es mais quentes com m\u00e1ximas \u00e0 tarde ao redor e acima de 35\u00baC. Amanh\u00e3, horas antes da chegada de uma frente fria, a previs\u00e3o ainda \u00e9 de muito calor na Metade Norte ga\u00facha, principalmente no Noroeste e no Norte do estado, e na maior parte de Santa Catarina e do Paran\u00e1. Muitas cidades devem passar dos 35\u00baC pela condi\u00e7\u00e3o pr\u00e9-frontal com vento Norte.<\/p>\n\n\n\n<p><\/p>\n\n\n\n<p>Fonte: MetSul Meteorologia\u00a0<a href=\"https:\/\/metsul.com\/setembro-termina-com-muito-calor-no-sul-do-brasil\/\">https:\/\/metsul.com\/setembro-termina-com-muito-calor-no-sul-do-brasil\/<\/a>\u00a0.<\/p>\n\n\n<div class=\"g g-8\"><div class=\"g-dyn a-45 c-1\"><a href=\"https:\/\/tvnativoos.com.br\/wfe\/radio-online-costeira-nativa\/\" target=\"_blank\"><img decoding=\"async\" src=\"http:\/\/tvnativoos.com.br\/wfe\/wp-content\/uploads\/2024\/06\/radiocosteiranativa-2.jpeg\" \/><\/a><\/div><div class=\"g-dyn a-44 c-2\"><a href=\"https:\/\/tvnativoos.com.br\/wfe\/radio-online-costeira-nativa\/\" target=\"_blank\"><img decoding=\"async\" src=\"http:\/\/tvnativoos.com.br\/wfe\/wp-content\/uploads\/2024\/06\/radiocosteiranativa-1.jpeg\" \/><\/a><\/div><\/div>\n\n\n<p>Curta, compartilhe e inscreva em nosso canal do\u00a0<a href=\"https:\/\/youtube.com\/@tvnativoos\">youtube.com\/@tvnativoos<\/a>, curta nossa p\u00e1gina no facebook, instagram e veja nossa programa\u00e7\u00e3o ao vivo portal\u00a0<a href=\"https:\/\/tvnativoos.com.br\/wfe\/\">www.tvnativoos.com.br<\/a><\/p>\n\n\n\n<p><\/p>\n","protected":false},"excerpt":{"rendered":"<p>\u00daltimo dia de setembro ser\u00e1 marcado pelo predom\u00ednio do tempo firme e das temperaturas muito altas \u00e0 tarde no Sul do Brasil A semana se inicia com muito calor nos tr\u00eas estados do Sul do Brasil, projeta a MetSul Meteorologia. Rio Grande do Sul, Santa Catarina e o Paran\u00e1 ter\u00e3o marcas ao redor e acima [&hellip;]<\/p>\n","protected":false},"author":2,"featured_media":22367,"comment_status":"closed","ping_status":"open","sticky":false,"template":"","format":"standard","meta":{"footnotes":""},"categories":[8],"tags":[689,65],"class_list":["post-22365","post","type-post","status-publish","format-standard","has-post-thumbnail","hentry","category-noticias","tag-clima","tag-tvnativoos"],"cc_featured_image_caption":{"caption_text":"Sol e calor predominam nesta segunda-feira no Sul do Brasil antes da chegada de uma frente fria que muda o tempo entre amanh\u00e3 e quarta | METSUL\r\n","source_text":"","source_url":""},"_links":{"self":[{"href":"https:\/\/tvnativoos.com.br\/wfe\/wp-json\/wp\/v2\/posts\/22365","targetHints":{"allow":["GET"]}}],"collection":[{"href":"https:\/\/tvnativoos.com.br\/wfe\/wp-json\/wp\/v2\/posts"}],"about":[{"href":"https:\/\/tvnativoos.com.br\/wfe\/wp-json\/wp\/v2\/types\/post"}],"author":[{"embeddable":true,"href":"https:\/\/tvnativoos.com.br\/wfe\/wp-json\/wp\/v2\/users\/2"}],"replies":[{"embeddable":true,"href":"https:\/\/tvnativoos.com.br\/wfe\/wp-json\/wp\/v2\/comments?post=22365"}],"version-history":[{"count":1,"href":"https:\/\/tvnativoos.com.br\/wfe\/wp-json\/wp\/v2\/posts\/22365\/revisions"}],"predecessor-version":[{"id":22368,"href":"https:\/\/tvnativoos.com.br\/wfe\/wp-json\/wp\/v2\/posts\/22365\/revisions\/22368"}],"wp:featuredmedia":[{"embeddable":true,"href":"https:\/\/tvnativoos.com.br\/wfe\/wp-json\/wp\/v2\/media\/22367"}],"wp:attachment":[{"href":"https:\/\/tvnativoos.com.br\/wfe\/wp-json\/wp\/v2\/media?parent=22365"}],"wp:term":[{"taxonomy":"category","embeddable":true,"href":"https:\/\/tvnativoos.com.br\/wfe\/wp-json\/wp\/v2\/categories?post=22365"},{"taxonomy":"post_tag","embeddable":true,"href":"https:\/\/tvnativoos.com.br\/wfe\/wp-json\/wp\/v2\/tags?post=22365"}],"curies":[{"name":"wp","href":"https:\/\/api.w.org\/{rel}","templated":true}]}}