{"id":22200,"date":"2024-09-19T22:33:33","date_gmt":"2024-09-19T22:33:33","guid":{"rendered":"https:\/\/tvnativoos.com.br\/wfe\/?p=22200"},"modified":"2024-09-19T22:33:33","modified_gmt":"2024-09-19T22:33:33","slug":"clima-frente-fria-avanca-no-rs-com-tempestades-de-chuva-vento-e-granizo","status":"publish","type":"post","link":"https:\/\/tvnativoos.com.br\/wfe\/clima-frente-fria-avanca-no-rs-com-tempestades-de-chuva-vento-e-granizo\/","title":{"rendered":"Clima &#8211; Frente fria avan\u00e7a no RS com tempestades de chuva, vento e granizo"},"content":{"rendered":"\n<p>Instabilidade chega por Argentina e Uruguai; Bag\u00e9, na fronteira, registrou chuva com granizo nesta quinta<\/p>\n\n\n\n<p>Uma frente fria vai avan\u00e7ar pelo Rio Grande do Sul entre a noite de hoje (19) e o come\u00e7o desta sexta-feira com chuva e um elevado risco de temporais. Todas as regi\u00f5es ga\u00fachas ter\u00e3o chuva com possibilidade de tempo severo, embora n\u00e3o se preveja tempestades em todos os munic\u00edpios do Estado.<\/p>\n\n\n<div class=\"g g-6\"><div class=\"g-dyn a-7 c-1\"><a class=\"gofollow\" data-track=\"Nyw2LDYw\" href=\"https:\/\/inovaimoveis.rs\/\" target=\"_blank\"><img decoding=\"async\" src=\"http:\/\/tvnativoos.com.br\/wfe\/wp-content\/uploads\/2023\/06\/Banner-Inova-300x214-1.jpeg\" \/><\/a><\/div><div class=\"g-dyn a-6 c-2\"><a class=\"gofollow\" data-track=\"Niw2LDYw\" href=\"#\" target=\"_blank\"><img decoding=\"async\" src=\"http:\/\/tvnativoos.com.br\/wfe\/wp-content\/uploads\/2023\/01\/banner-agua-kangen-e1701887476486.jpeg\" \/><\/a><\/div><div class=\"g-dyn a-39 c-3\"><a class=\"gofollow\" data-track=\"MzksNiw2MA==\" href=\"https:\/\/tvnativoos.com.br\/wfe\/\" target=\"_blank\"><img decoding=\"async\" src=\"http:\/\/tvnativoos.com.br\/wfe\/wp-content\/uploads\/2024\/05\/WhatsApp-Image-2024-05-17-at-19.58.28.jpeg\" \/><\/a><\/div><div class=\"g-dyn a-58 c-4\"><a class=\"gofollow\" data-track=\"NTgsNiw2MA==\" href=\"https:\/\/transformar.tramandai.rs.gov.br\/\"><img decoding=\"async\" src=\"http:\/\/tvnativoos.com.br\/wfe\/wp-content\/uploads\/2026\/03\/TV-Nativoos-300-x-250-px.png\" \/><\/a><\/div><div class=\"g-dyn a-4 c-5\"><a class=\"gofollow\" data-track=\"NCw2LDYw\" href=\"https:\/\/arquitetalaurabaltar.com.br\/wfe\/\" target=\"_blank\"><img decoding=\"async\" src=\"http:\/\/tvnativoos.com.br\/wfe\/wp-content\/uploads\/2025\/01\/01-1.png\" \/><\/a><\/div><div class=\"g-dyn a-62 c-6\"><a class=\"gofollow\" data-track=\"NjIsNiw2MA==\" href=\": http:\/\/teliga.corsan.com.br\" target=\"_blank\"><img decoding=\"async\" src=\"http:\/\/tvnativoos.com.br\/wfe\/wp-content\/uploads\/2026\/02\/WhatsApp-Image-2026-02-19-at-17.23.17.jpeg\" \/><\/a><\/div><\/div>\n\n\n<p>O maior momento de instabilidade vai se dar entre a noite desta quinta, a madrugada e a manh\u00e3 da sexta. Ser\u00e1 quando a frente fria vai avan\u00e7ar com uma faixa de nuvens muito carregadas com raios, chuva que ser\u00e1 localmente forte e a probabilidade de temporais.<\/p>\n\n\n\n<p>Inicialmente, a chuva vai afetar \u00e1reas do Sul da \u00e1rea de concess\u00e3o como o Oeste e o Sul nesta noite. No decorrer da madrugada e da manh\u00e3 da sexta-feira, a instabilidade dever\u00e1 avan\u00e7ar para as demais regi\u00f5es do estado, inclusive a \u00e1rea de Porto Alegre.<\/p>\n\n\n<div class=\"g g-7\"><div class=\"g-dyn a-62 c-1\"><a class=\"gofollow\" data-track=\"NjIsNyw2MA==\" href=\": http:\/\/teliga.corsan.com.br\" target=\"_blank\"><img decoding=\"async\" src=\"http:\/\/tvnativoos.com.br\/wfe\/wp-content\/uploads\/2026\/02\/WhatsApp-Image-2026-02-19-at-17.23.17.jpeg\" \/><\/a><\/div><div class=\"g-dyn a-7 c-2\"><a class=\"gofollow\" data-track=\"Nyw3LDYw\" href=\"https:\/\/inovaimoveis.rs\/\" target=\"_blank\"><img decoding=\"async\" src=\"http:\/\/tvnativoos.com.br\/wfe\/wp-content\/uploads\/2023\/06\/Banner-Inova-300x214-1.jpeg\" \/><\/a><\/div><div class=\"g-dyn a-8 c-3\"><a class=\"gofollow\" data-track=\"OCw3LDYw\" href=\"https:\/\/www.facebook.com\/sonia.conti.7545\" target=\"_blank\"><img decoding=\"async\" src=\"http:\/\/tvnativoos.com.br\/wfe\/wp-content\/uploads\/2023\/06\/BANNERS-350X250-SONIA-CONTI-1-300x214-1.jpg\" \/><\/a><\/div><div class=\"g-dyn a-4 c-4\"><a class=\"gofollow\" data-track=\"NCw3LDYw\" href=\"https:\/\/arquitetalaurabaltar.com.br\/wfe\/\" target=\"_blank\"><img decoding=\"async\" src=\"http:\/\/tvnativoos.com.br\/wfe\/wp-content\/uploads\/2025\/01\/01-1.png\" \/><\/a><\/div><div class=\"g-dyn a-6 c-5\"><a class=\"gofollow\" data-track=\"Niw3LDYw\" href=\"#\" target=\"_blank\"><img decoding=\"async\" src=\"http:\/\/tvnativoos.com.br\/wfe\/wp-content\/uploads\/2023\/01\/banner-agua-kangen-e1701887476486.jpeg\" \/><\/a><\/div><div class=\"g-dyn a-39 c-6\"><a class=\"gofollow\" data-track=\"MzksNyw2MA==\" href=\"https:\/\/tvnativoos.com.br\/wfe\/\" target=\"_blank\"><img decoding=\"async\" src=\"http:\/\/tvnativoos.com.br\/wfe\/wp-content\/uploads\/2024\/05\/WhatsApp-Image-2024-05-17-at-19.58.28.jpeg\" \/><\/a><\/div><div class=\"g-dyn a-58 c-7\"><a class=\"gofollow\" data-track=\"NTgsNyw2MA==\" href=\"https:\/\/transformar.tramandai.rs.gov.br\/\"><img decoding=\"async\" src=\"http:\/\/tvnativoos.com.br\/wfe\/wp-content\/uploads\/2026\/03\/TV-Nativoos-300-x-250-px.png\" \/><\/a><\/div><\/div>\n\n\n<p>Os dados de precipita\u00e7\u00e3o dos modelos indicam que deve chover entre 20 mm e 50 mm na maior parte do Rio Grande do Sul, entretanto em pontos localizados a precipita\u00e7\u00e3o na atua\u00e7\u00e3o deste frente fria pode atingir marcas de 50 mm a 80 mm.<\/p>\n\n\n\n<p>N\u00e3o h\u00e1 preocupa\u00e7\u00e3o, assim, com rios e cheias. O risco \u00e9 de alagamentos em \u00e1reas urbanas por altos volumes em curto intervalo por conta de temporais. A probabilidade de que ocorram temporais isolados na passagem da frente fria \u00e9 muito alta.<\/p>\n\n\n\n<p>Diferentes pontos do Rio Grande do Sul podem ter nas pr\u00f3ximas horas queda de granizo e\/ou vendavais, e isoladamente alguns temporais podem ser fortes a mesmo severos.<\/p>\n\n\n\n<p>Considerando a rapidez com que a frente vai se deslocar pelo estado e a possibilidade de forma\u00e7\u00e3o de linha de instabilidade (QLCS), duas condi\u00e7\u00f5es que favorecem vento forte, \u00e9 alta a probabilidade de vendavais entre o final desta quinta e a manh\u00e3 da sexta.<\/p>\n\n\n\n<p>As rajadas de vento devem ficar, em m\u00e9dia, na maioria dos locais, entre 60 km\/h e 90 km\/h, entretanto de forma localizada podem ocorrer rajadas perto ou acima de 100 km\/h.<\/p>\n\n\n\n<p>Com a presen\u00e7a de uma corrente de jato em baixos n\u00edveis, um corredor de vento muito forte a cerca de 1500 metros de altitude, n\u00e3o se pode afastar o risco de epis\u00f3dios de vento severos extremamente localizados (tornados ou microexplos\u00f5es).<\/p>\n\n\n\n<p>Diante deste cen\u00e1rio, a MetSul alerta que \u00e9 altamente prov\u00e1vel que haja impacto na rede el\u00e9trica e que em alguns pontos podem ter maior gravidade por epis\u00f3dios de vento de maior severidade. Podem ocorrer ainda danos e transtornos como destelhamentos, quedas de postes e \u00e1rvores.<br><strong>Temporais j\u00e1 come\u00e7aram<\/strong><\/p>\n\n\n\n<p>Fortes temporais\u00a0<strong>atingiram a prov\u00edncia de Buenos Aires e o Uruguai<\/strong>\u00a0no final da manh\u00e3 e durante a tarde desta quinta-feira com chuva forte a torrencial, rajadas de vento e, especialmente, queda de granizo.<\/p>\n\n\n\n<p>O granizo em pontos da prov\u00edncia de Buenos Aires, inclusive na \u00e1rea metropolitana da capital argentina, e no Oeste do Uruguai teve tamanho m\u00e9dio a grande com pedras em alguns casos com di\u00e2metro de 5 a 8 cent\u00edmetros.<\/p>\n\n\n\n<p>Fortes \u00e1reas de instabilidade se formaram na fronteira com o Uruguai no final da tarde e o dia virou noite em v\u00e1rias cidades do Sul do estado e da Campanha.<\/p>\n\n\n\n<p>Em Bag\u00e9, a chuva veio acompanhada de queda de granizo.<\/p>\n\n\n\n<p>Fonte: Jornal Correio do Povo<\/p>\n\n\n\n<p>Curta, compartilhe e inscreva em nosso canal do\u00a0<a href=\"https:\/\/youtube.com\/@tvnativoos\">youtube.com\/@tvnativoos<\/a>, curta nossa p\u00e1gina no facebook, instagram e veja nossa programa\u00e7\u00e3o ao vivo portal\u00a0<a href=\"https:\/\/tvnativoos.com.br\/wfe\/\">www.tvnativoos.com.br<\/a><\/p>\n","protected":false},"excerpt":{"rendered":"<p>Instabilidade chega por Argentina e Uruguai; Bag\u00e9, na fronteira, registrou chuva com granizo nesta quinta Uma frente fria vai avan\u00e7ar pelo Rio Grande do Sul entre a noite de hoje (19) e o come\u00e7o desta sexta-feira com chuva e um elevado risco de temporais. Todas as regi\u00f5es ga\u00fachas ter\u00e3o chuva com possibilidade de tempo severo, [&hellip;]<\/p>\n","protected":false},"author":3,"featured_media":22201,"comment_status":"closed","ping_status":"open","sticky":false,"template":"","format":"standard","meta":{"footnotes":""},"categories":[8,2718],"tags":[2168,1525,689,3139,950],"class_list":["post-22200","post","type-post","status-publish","format-standard","has-post-thumbnail","hentry","category-noticias","category-primavera-2025","tag-alagamentos","tag-chuva","tag-clima","tag-frentefria","tag-riograndedosul"],"cc_featured_image_caption":{"caption_text":"A chuva vai afetar \u00e1reas do Sul da \u00e1rea de concess\u00e3o como o Oeste e o Sul nesta noite | Foto: Fabiano do Amaral\/Reprodu\u00e7\u00e3o TV Nativoos","source_text":"","source_url":""},"_links":{"self":[{"href":"https:\/\/tvnativoos.com.br\/wfe\/wp-json\/wp\/v2\/posts\/22200","targetHints":{"allow":["GET"]}}],"collection":[{"href":"https:\/\/tvnativoos.com.br\/wfe\/wp-json\/wp\/v2\/posts"}],"about":[{"href":"https:\/\/tvnativoos.com.br\/wfe\/wp-json\/wp\/v2\/types\/post"}],"author":[{"embeddable":true,"href":"https:\/\/tvnativoos.com.br\/wfe\/wp-json\/wp\/v2\/users\/3"}],"replies":[{"embeddable":true,"href":"https:\/\/tvnativoos.com.br\/wfe\/wp-json\/wp\/v2\/comments?post=22200"}],"version-history":[{"count":1,"href":"https:\/\/tvnativoos.com.br\/wfe\/wp-json\/wp\/v2\/posts\/22200\/revisions"}],"predecessor-version":[{"id":22202,"href":"https:\/\/tvnativoos.com.br\/wfe\/wp-json\/wp\/v2\/posts\/22200\/revisions\/22202"}],"wp:featuredmedia":[{"embeddable":true,"href":"https:\/\/tvnativoos.com.br\/wfe\/wp-json\/wp\/v2\/media\/22201"}],"wp:attachment":[{"href":"https:\/\/tvnativoos.com.br\/wfe\/wp-json\/wp\/v2\/media?parent=22200"}],"wp:term":[{"taxonomy":"category","embeddable":true,"href":"https:\/\/tvnativoos.com.br\/wfe\/wp-json\/wp\/v2\/categories?post=22200"},{"taxonomy":"post_tag","embeddable":true,"href":"https:\/\/tvnativoos.com.br\/wfe\/wp-json\/wp\/v2\/tags?post=22200"}],"curies":[{"name":"wp","href":"https:\/\/api.w.org\/{rel}","templated":true}]}}