{"id":21686,"date":"2024-08-26T01:13:24","date_gmt":"2024-08-26T01:13:24","guid":{"rendered":"https:\/\/tvnativoos.com.br\/wfe\/?p=21686"},"modified":"2024-08-26T01:13:25","modified_gmt":"2024-08-26T01:13:25","slug":"clima-final-de-agosto-sera-de-tempo-bom-mas-muito-gelado-no-rio-grande-do-sul","status":"publish","type":"post","link":"https:\/\/tvnativoos.com.br\/wfe\/clima-final-de-agosto-sera-de-tempo-bom-mas-muito-gelado-no-rio-grande-do-sul\/","title":{"rendered":"Clima &#8211; Final de agosto ser\u00e1 de tempo bom, mas muito gelado no Rio Grande do Sul"},"content":{"rendered":"\n<p>Segunda-feira pode come\u00e7ar com temperaturas negativas em algumas localidades do Estado. A partir de quarta-feira (28), temperatura deve come\u00e7ar a subir gradualmente<\/p>\n\n\n<div class=\"g g-7\"><div class=\"g-dyn a-58 c-1\"><a class=\"gofollow\" data-track=\"NTgsNyw2MA==\" href=\"https:\/\/transformar.tramandai.rs.gov.br\/\"><img decoding=\"async\" src=\"http:\/\/tvnativoos.com.br\/wfe\/wp-content\/uploads\/2026\/03\/TV-Nativoos-300-x-250-px.png\" \/><\/a><\/div><div class=\"g-dyn a-62 c-2\"><a class=\"gofollow\" data-track=\"NjIsNyw2MA==\" href=\": http:\/\/teliga.corsan.com.br\" target=\"_blank\"><img decoding=\"async\" src=\"http:\/\/tvnativoos.com.br\/wfe\/wp-content\/uploads\/2026\/02\/WhatsApp-Image-2026-02-19-at-17.23.17.jpeg\" \/><\/a><\/div><div class=\"g-dyn a-7 c-3\"><a class=\"gofollow\" data-track=\"Nyw3LDYw\" href=\"https:\/\/inovaimoveis.rs\/\" target=\"_blank\"><img decoding=\"async\" src=\"http:\/\/tvnativoos.com.br\/wfe\/wp-content\/uploads\/2023\/06\/Banner-Inova-300x214-1.jpeg\" \/><\/a><\/div><div class=\"g-dyn a-4 c-4\"><a class=\"gofollow\" data-track=\"NCw3LDYw\" href=\"https:\/\/arquitetalaurabaltar.com.br\/wfe\/\" target=\"_blank\"><img decoding=\"async\" src=\"http:\/\/tvnativoos.com.br\/wfe\/wp-content\/uploads\/2025\/01\/01-1.png\" \/><\/a><\/div><div class=\"g-dyn a-39 c-5\"><a class=\"gofollow\" data-track=\"MzksNyw2MA==\" href=\"https:\/\/tvnativoos.com.br\/wfe\/\" target=\"_blank\"><img decoding=\"async\" src=\"http:\/\/tvnativoos.com.br\/wfe\/wp-content\/uploads\/2024\/05\/WhatsApp-Image-2024-05-17-at-19.58.28.jpeg\" \/><\/a><\/div><div class=\"g-dyn a-8 c-6\"><a class=\"gofollow\" data-track=\"OCw3LDYw\" href=\"https:\/\/www.facebook.com\/sonia.conti.7545\" target=\"_blank\"><img decoding=\"async\" src=\"http:\/\/tvnativoos.com.br\/wfe\/wp-content\/uploads\/2023\/06\/BANNERS-350X250-SONIA-CONTI-1-300x214-1.jpg\" \/><\/a><\/div><div class=\"g-dyn a-6 c-7\"><a class=\"gofollow\" data-track=\"Niw3LDYw\" href=\"#\" target=\"_blank\"><img decoding=\"async\" src=\"http:\/\/tvnativoos.com.br\/wfe\/wp-content\/uploads\/2023\/01\/banner-agua-kangen-e1701887476486.jpeg\" \/><\/a><\/div><\/div>\n\n\n<p>A \u00faltima semana do m\u00eas de agosto ser\u00e1 de\u00a0frio at\u00edpico para a \u00e9poca do ano no Rio Grande do Sul. At\u00e9 ter\u00e7a-feira (27), h\u00e1 a possibilidade de geada em diferentes regi\u00f5es do Estado. O vento muda a partir de quarta (28), e a temperatura deve come\u00e7ar a subir gradualmente.<\/p>\n\n\n\n<p>Depois da \u00faltima semana,\u00a0que teve calor, chuva e chegada de frente fria, os pr\u00f3ximos dias ter\u00e3o um tempo mais est\u00e1vel. A frente fria que atuou no Estado j\u00e1 se deslocou para o Centro-Oeste do pa\u00eds, mas apesar disso, as temperaturas seguem baixas no in\u00edcio da semana, com m\u00ednimas de 6\u00baC em Porto Alegre, 2\u00baC em Bag\u00e9 e 0\u00baC em Erechim, por exemplo.\u00a0As m\u00e1ximas n\u00e3o passam de 15\u00baC em todo o Estado.<\/p>\n\n\n\n<p>Conforme o meteorologista da Climatempo, Guilherme Borges, h\u00e1&nbsp;<strong>previs\u00e3o para geada ampla<\/strong>. O fen\u00f4meno deve ser registrado na faixa Norte, Miss\u00f5es, Central, Vales, Oeste e regi\u00e3o da Campanha.<\/p>\n\n\n<div class=\"g g-6\"><div class=\"g-dyn a-62 c-1\"><a class=\"gofollow\" data-track=\"NjIsNiw2MA==\" href=\": http:\/\/teliga.corsan.com.br\" target=\"_blank\"><img decoding=\"async\" src=\"http:\/\/tvnativoos.com.br\/wfe\/wp-content\/uploads\/2026\/02\/WhatsApp-Image-2026-02-19-at-17.23.17.jpeg\" \/><\/a><\/div><div class=\"g-dyn a-58 c-2\"><a class=\"gofollow\" data-track=\"NTgsNiw2MA==\" href=\"https:\/\/transformar.tramandai.rs.gov.br\/\"><img decoding=\"async\" src=\"http:\/\/tvnativoos.com.br\/wfe\/wp-content\/uploads\/2026\/03\/TV-Nativoos-300-x-250-px.png\" \/><\/a><\/div><div class=\"g-dyn a-39 c-3\"><a class=\"gofollow\" data-track=\"MzksNiw2MA==\" href=\"https:\/\/tvnativoos.com.br\/wfe\/\" target=\"_blank\"><img decoding=\"async\" src=\"http:\/\/tvnativoos.com.br\/wfe\/wp-content\/uploads\/2024\/05\/WhatsApp-Image-2024-05-17-at-19.58.28.jpeg\" \/><\/a><\/div><div class=\"g-dyn a-7 c-4\"><a class=\"gofollow\" data-track=\"Nyw2LDYw\" href=\"https:\/\/inovaimoveis.rs\/\" target=\"_blank\"><img decoding=\"async\" src=\"http:\/\/tvnativoos.com.br\/wfe\/wp-content\/uploads\/2023\/06\/Banner-Inova-300x214-1.jpeg\" \/><\/a><\/div><div class=\"g-dyn a-6 c-5\"><a class=\"gofollow\" data-track=\"Niw2LDYw\" href=\"#\" target=\"_blank\"><img decoding=\"async\" src=\"http:\/\/tvnativoos.com.br\/wfe\/wp-content\/uploads\/2023\/01\/banner-agua-kangen-e1701887476486.jpeg\" \/><\/a><\/div><div class=\"g-dyn a-4 c-6\"><a class=\"gofollow\" data-track=\"NCw2LDYw\" href=\"https:\/\/arquitetalaurabaltar.com.br\/wfe\/\" target=\"_blank\"><img decoding=\"async\" src=\"http:\/\/tvnativoos.com.br\/wfe\/wp-content\/uploads\/2025\/01\/01-1.png\" \/><\/a><\/div><\/div>\n\n\n<p>Na faixa leste do Estado n\u00e3o h\u00e1 condi\u00e7\u00e3o para geada na segunda-feira (26), devido \u00e0 umidade caracter\u00edstica da regi\u00e3o litor\u00e2nea que n\u00e3o facilita a ocorr\u00eancia de geada. Por outro lado, haver\u00e1 uma&nbsp;<strong>nebulosidade mais elevada e ventos mais intensos entre Torres e Chu\u00ed<\/strong>. O meteorologista explica a condi\u00e7\u00e3o:<\/p>\n\n\n\n<p>\u2014 \u00c9 porque h\u00e1 um ciclone bem l\u00e1 no mar, deslocado. E ele tem essa caracter\u00edstica de deixar o vento bem intenso, principalmente nas regi\u00f5es litor\u00e2neas. Ent\u00e3o, a gente deve ter um\u00a0mar bem agitado em toda a faixa litor\u00e2nea do RS. Deve ter ventos variando entre 50 e 70 quil\u00f4metros por hora ao longo de toda essa segunda-feira.<\/p>\n\n\n<div class=\"g g-7\"><div class=\"g-dyn a-6 c-1\"><a class=\"gofollow\" data-track=\"Niw3LDYw\" href=\"#\" target=\"_blank\"><img decoding=\"async\" src=\"http:\/\/tvnativoos.com.br\/wfe\/wp-content\/uploads\/2023\/01\/banner-agua-kangen-e1701887476486.jpeg\" \/><\/a><\/div><div class=\"g-dyn a-58 c-2\"><a class=\"gofollow\" data-track=\"NTgsNyw2MA==\" href=\"https:\/\/transformar.tramandai.rs.gov.br\/\"><img decoding=\"async\" src=\"http:\/\/tvnativoos.com.br\/wfe\/wp-content\/uploads\/2026\/03\/TV-Nativoos-300-x-250-px.png\" \/><\/a><\/div><div class=\"g-dyn a-4 c-3\"><a class=\"gofollow\" data-track=\"NCw3LDYw\" href=\"https:\/\/arquitetalaurabaltar.com.br\/wfe\/\" target=\"_blank\"><img decoding=\"async\" src=\"http:\/\/tvnativoos.com.br\/wfe\/wp-content\/uploads\/2025\/01\/01-1.png\" \/><\/a><\/div><div class=\"g-dyn a-62 c-4\"><a class=\"gofollow\" data-track=\"NjIsNyw2MA==\" href=\": http:\/\/teliga.corsan.com.br\" target=\"_blank\"><img decoding=\"async\" src=\"http:\/\/tvnativoos.com.br\/wfe\/wp-content\/uploads\/2026\/02\/WhatsApp-Image-2026-02-19-at-17.23.17.jpeg\" \/><\/a><\/div><div class=\"g-dyn a-39 c-5\"><a class=\"gofollow\" data-track=\"MzksNyw2MA==\" href=\"https:\/\/tvnativoos.com.br\/wfe\/\" target=\"_blank\"><img decoding=\"async\" src=\"http:\/\/tvnativoos.com.br\/wfe\/wp-content\/uploads\/2024\/05\/WhatsApp-Image-2024-05-17-at-19.58.28.jpeg\" \/><\/a><\/div><div class=\"g-dyn a-8 c-6\"><a class=\"gofollow\" data-track=\"OCw3LDYw\" href=\"https:\/\/www.facebook.com\/sonia.conti.7545\" target=\"_blank\"><img decoding=\"async\" src=\"http:\/\/tvnativoos.com.br\/wfe\/wp-content\/uploads\/2023\/06\/BANNERS-350X250-SONIA-CONTI-1-300x214-1.jpg\" \/><\/a><\/div><div class=\"g-dyn a-7 c-7\"><a class=\"gofollow\" data-track=\"Nyw3LDYw\" href=\"https:\/\/inovaimoveis.rs\/\" target=\"_blank\"><img decoding=\"async\" src=\"http:\/\/tvnativoos.com.br\/wfe\/wp-content\/uploads\/2023\/06\/Banner-Inova-300x214-1.jpeg\" \/><\/a><\/div><\/div>\n\n\n<p>Na ter\u00e7a (27), o ciclone se afasta mais, o mar do litoral ga\u00facho se acalma e o tempo segue sem muitas altera\u00e7\u00f5es, apenas com temperaturas levemente mais altas. Mas \u00e9 na quarta-feira (28) que os ga\u00fachos v\u00e3o sentir mais esse aumento gradual da temperatura. A m\u00e1xima \u00e9 de 21\u00baC em Porto Alegre, seis graus a mais do que no in\u00edcio da semana.<\/p>\n\n\n\n<p>A eleva\u00e7\u00e3o da temperatura acontece em virtude do vento que atua no Estado. De acordo com Borges, o vento come\u00e7a a mudar e vir da dire\u00e7\u00e3o Norte, o que traz calor da regi\u00e3o central brasileira.<\/p>\n\n\n\n<p>Somente na quinta-feira (29) \u00e9 que h\u00e1 uma certa instabilidade no RS.&nbsp;<strong>A partir da noite, na regi\u00e3o da Campanha e Sul, h\u00e1 possibilidade de chuva<\/strong>. Nas demais regi\u00f5es, o tempo segue firme.<\/p>\n\n\n\n<h2 class=\"wp-block-heading\"><strong>Veja a previs\u00e3o do tempo para alguns munic\u00edpios do RS na segunda-feira (19):<\/strong><\/h2>\n\n\n\n<ul class=\"wp-block-list\">\n<li><strong>Porto Alegre<\/strong>: sol com algumas nuvens. M\u00ednima de 6\u00b0C e m\u00e1xima de 16\u00b0C. \u00a0Sem previs\u00e3o de chuva<\/li>\n\n\n\n<li><strong>Bag\u00e9<\/strong>: dia de sol, com geada ao amanhecer. M\u00ednima de 2\u00b0C e m\u00e1xima de 14\u00b0C. As nuvens aumentam no decorrer da tarde, mas n\u00e3o h\u00e1 previs\u00e3o de chuva<\/li>\n\n\n\n<li><strong>Caxias do Sul<\/strong>: dia de sol, com geada ao amanhecer. M\u00ednima de 3\u00b0C e m\u00e1xima de 14\u00b0C. As nuvens aumentam no decorrer da tarde, mas n\u00e3o h\u00e1 previs\u00e3o de chuva<\/li>\n\n\n\n<li><strong>Cruz Alta<\/strong>: dia de sol, com geada ao amanhecer. M\u00ednima de 3\u00b0C e m\u00e1xima de 13\u00b0C. As nuvens aumentam no decorrer da tarde, mas n\u00e3o h\u00e1 previs\u00e3o de chuva<\/li>\n\n\n\n<li><strong>Santa Maria<\/strong>: dia de sol, com geada ao amanhecer. M\u00ednima de 3\u00b0C e m\u00e1xima de 15\u00b0C. As nuvens aumentam no decorrer da tarde, mas n\u00e3o h\u00e1 previs\u00e3o de chuva<\/li>\n\n\n\n<li><strong>Erechim<\/strong>: dia de sol, com geada ao amanhecer. M\u00ednima de 0\u00b0C e m\u00e1xima de 11\u00b0C. As nuvens aumentam no decorrer da tarde, mas n\u00e3o h\u00e1 previs\u00e3o de chuva<\/li>\n\n\n\n<li><strong>Passo Fundo<\/strong>: dia de sol, com geada ao amanhecer. M\u00ednima de 1\u00b0C e m\u00e1xima de 12\u00b0C. As nuvens aumentam no decorrer da tarde, mas n\u00e3o h\u00e1 previs\u00e3o de chuva<\/li>\n\n\n\n<li><strong>Pelotas<\/strong>: dia de sol, com geada ao amanhecer. M\u00ednima de 4\u00b0C e m\u00e1xima de 16\u00b0C. As nuvens aumentam no decorrer da tarde, mas n\u00e3o h\u00e1 previs\u00e3o de chuva. Noite ter\u00e1 muitas nuvens<\/li>\n\n\n\n<li><strong>Rio Grande<\/strong>: sol com muitas nuvens durante o dia e per\u00edodos de c\u00e9u nublado. M\u00ednima de 16\u00b0C e m\u00e1xima de 15\u00b0C. N\u00e3o h\u00e1 previs\u00e3o de chuva e noite com muitas nuvens<\/li>\n\n\n\n<li><strong>Santa Cruz do Sul<\/strong>: dia de sol, com geada ao amanhecer. M\u00ednima de 4\u00b0C e m\u00e1xima de 15\u00b0C. As nuvens aumentam no decorrer da tarde, mas n\u00e3o h\u00e1 previs\u00e3o de chuva<\/li>\n\n\n\n<li><strong>Santa Rosa<\/strong>: dia de sol, com geada ao amanhecer. M\u00ednima de 4\u00b0C e m\u00e1xima de 17\u00b0C. As nuvens aumentam no decorrer da tarde, mas n\u00e3o h\u00e1 previs\u00e3o de chuva<\/li>\n\n\n\n<li><strong>Uruguaiana<\/strong>: dia de sol, com geada ao amanhecer. M\u00ednima de 4\u00b0C e m\u00e1xima de 17\u00b0C. As nuvens aumentam no decorrer da tarde, mas n\u00e3o h\u00e1 previs\u00e3o de chuva<\/li>\n\n\n\n<li><strong>Novo Hamburgo<\/strong>: sol com algumas nuvens. M\u00ednima de 5\u00b0C e m\u00e1xima de 16\u00b0C. N\u00e3o chove<\/li>\n\n\n\n<li><strong>Torres<\/strong>: sol com algumas nuvens. M\u00ednima de 6\u00b0C e m\u00e1xima de 17\u00b0C. N\u00e3o chove<\/li>\n\n\n\n<li><strong>Alegrete<\/strong>: dia de sol, com geada ao amanhecer. M\u00ednima de 3\u00b0C e m\u00e1xima de 17\u00b0C. As nuvens aumentam no decorrer da tarde, mas n\u00e3o h\u00e1 previs\u00e3o de chuva<\/li>\n\n\n\n<li><strong>Lajeado<\/strong>: sol com algumas nuvens. M\u00ednima de 7\u00b0C e m\u00e1xima de 17\u00b0C. N\u00e3o chove<\/li>\n<\/ul>\n\n\n\n<p>Fonte: GZH<\/p>\n\n\n\n<p>Curta, compartilhe e inscreva em nosso canal do\u00a0<a href=\"https:\/\/youtube.com\/@tvnativoos\">youtube.com\/@tvnativoos<\/a>, curta nossa p\u00e1gina no facebook, instagram e veja nossa programa\u00e7\u00e3o ao vivo portal\u00a0<a href=\"https:\/\/tvnativoos.com.br\/wfe\/\">www.tvnativoos.com.br<\/a><\/p>\n","protected":false},"excerpt":{"rendered":"<p>Segunda-feira pode come\u00e7ar com temperaturas negativas em algumas localidades do Estado. A partir de quarta-feira (28), temperatura deve come\u00e7ar a subir gradualmente A \u00faltima semana do m\u00eas de agosto ser\u00e1 de\u00a0frio at\u00edpico para a \u00e9poca do ano no Rio Grande do Sul. At\u00e9 ter\u00e7a-feira (27), h\u00e1 a possibilidade de geada em diferentes regi\u00f5es do Estado. [&hellip;]<\/p>\n","protected":false},"author":3,"featured_media":21687,"comment_status":"closed","ping_status":"open","sticky":false,"template":"","format":"standard","meta":{"footnotes":""},"categories":[8],"tags":[1889,3077,66,132,2949,308,585,74,65],"class_list":["post-21686","post","type-post","status-publish","format-standard","has-post-thumbnail","hentry","category-noticias","tag-frio","tag-geada","tag-gramado","tag-litoral","tag-neve","tag-santarosa","tag-serragaucha","tag-turismo","tag-tvnativoos"],"cc_featured_image_caption":{"caption_text":"Geada deve ser intensa no RS ao amanhecer desta sexta-feira | Foto: Halder Ramos \/ CP\/Reprodu\u00e7\u00e3o TV Nativoos","source_text":"","source_url":""},"_links":{"self":[{"href":"https:\/\/tvnativoos.com.br\/wfe\/wp-json\/wp\/v2\/posts\/21686","targetHints":{"allow":["GET"]}}],"collection":[{"href":"https:\/\/tvnativoos.com.br\/wfe\/wp-json\/wp\/v2\/posts"}],"about":[{"href":"https:\/\/tvnativoos.com.br\/wfe\/wp-json\/wp\/v2\/types\/post"}],"author":[{"embeddable":true,"href":"https:\/\/tvnativoos.com.br\/wfe\/wp-json\/wp\/v2\/users\/3"}],"replies":[{"embeddable":true,"href":"https:\/\/tvnativoos.com.br\/wfe\/wp-json\/wp\/v2\/comments?post=21686"}],"version-history":[{"count":1,"href":"https:\/\/tvnativoos.com.br\/wfe\/wp-json\/wp\/v2\/posts\/21686\/revisions"}],"predecessor-version":[{"id":21688,"href":"https:\/\/tvnativoos.com.br\/wfe\/wp-json\/wp\/v2\/posts\/21686\/revisions\/21688"}],"wp:featuredmedia":[{"embeddable":true,"href":"https:\/\/tvnativoos.com.br\/wfe\/wp-json\/wp\/v2\/media\/21687"}],"wp:attachment":[{"href":"https:\/\/tvnativoos.com.br\/wfe\/wp-json\/wp\/v2\/media?parent=21686"}],"wp:term":[{"taxonomy":"category","embeddable":true,"href":"https:\/\/tvnativoos.com.br\/wfe\/wp-json\/wp\/v2\/categories?post=21686"},{"taxonomy":"post_tag","embeddable":true,"href":"https:\/\/tvnativoos.com.br\/wfe\/wp-json\/wp\/v2\/tags?post=21686"}],"curies":[{"name":"wp","href":"https:\/\/api.w.org\/{rel}","templated":true}]}}