{"id":21390,"date":"2024-08-12T12:35:47","date_gmt":"2024-08-12T12:35:47","guid":{"rendered":"https:\/\/tvnativoos.com.br\/wfe\/?p=21390"},"modified":"2024-08-12T12:35:48","modified_gmt":"2024-08-12T12:35:48","slug":"clima-o-tempo-na-semana-varias-noites-frias-e-de-geada-pela-frente","status":"publish","type":"post","link":"https:\/\/tvnativoos.com.br\/wfe\/clima-o-tempo-na-semana-varias-noites-frias-e-de-geada-pela-frente\/","title":{"rendered":"Clima &#8211; O tempo na semana: V\u00e1rias noites frias e de geada pela frente"},"content":{"rendered":"\n<p>Refor\u00e7o de ar polar neste come\u00e7o de semana garante v\u00e1rios dias de tempo firme e com temperatura baixa durante a noite<\/p>\n\n\n\n<p><strong>A semana<\/strong> que se inicia ser\u00e1 marcada pelo predom\u00ednio do tempo ensolarado no Rio Grande do Sul com amplos per\u00edodo de c\u00e9u claro. A primeira metade da semana ter\u00e1 frio e at\u00e9 intenso por efeito de um refor\u00e7o de ar polar enquanto a segunda metade vai anotar eleva\u00e7\u00e3o da temperatura. Refor\u00e7o de ar polar impulsionado por um ciclone extratropical no Atl\u00e2ntico cobre o Rio Grande do Sul nesta segunda-feira. Ser\u00e1 um dia frio em todo o estado com temperatura baixa mesmo durante a tarde e sob a presen\u00e7a do sol.<\/p>\n\n\n<div class=\"g g-6\"><div class=\"g-dyn a-4 c-1\"><a class=\"gofollow\" data-track=\"NCw2LDYw\" href=\"https:\/\/arquitetalaurabaltar.com.br\/wfe\/\" target=\"_blank\"><img decoding=\"async\" src=\"http:\/\/tvnativoos.com.br\/wfe\/wp-content\/uploads\/2025\/01\/01-1.png\" \/><\/a><\/div><div class=\"g-dyn a-6 c-2\"><a class=\"gofollow\" data-track=\"Niw2LDYw\" href=\"#\" target=\"_blank\"><img decoding=\"async\" src=\"http:\/\/tvnativoos.com.br\/wfe\/wp-content\/uploads\/2023\/01\/banner-agua-kangen-e1701887476486.jpeg\" \/><\/a><\/div><div class=\"g-dyn a-62 c-3\"><a class=\"gofollow\" data-track=\"NjIsNiw2MA==\" href=\": http:\/\/teliga.corsan.com.br\" target=\"_blank\"><img decoding=\"async\" src=\"http:\/\/tvnativoos.com.br\/wfe\/wp-content\/uploads\/2026\/02\/WhatsApp-Image-2026-02-19-at-17.23.17.jpeg\" \/><\/a><\/div><div class=\"g-dyn a-39 c-4\"><a class=\"gofollow\" data-track=\"MzksNiw2MA==\" href=\"https:\/\/tvnativoos.com.br\/wfe\/\" target=\"_blank\"><img decoding=\"async\" src=\"http:\/\/tvnativoos.com.br\/wfe\/wp-content\/uploads\/2024\/05\/WhatsApp-Image-2024-05-17-at-19.58.28.jpeg\" \/><\/a><\/div><div class=\"g-dyn a-58 c-5\"><a class=\"gofollow\" data-track=\"NTgsNiw2MA==\" href=\"https:\/\/transformar.tramandai.rs.gov.br\/\"><img decoding=\"async\" src=\"http:\/\/tvnativoos.com.br\/wfe\/wp-content\/uploads\/2026\/03\/TV-Nativoos-300-x-250-px.png\" \/><\/a><\/div><div class=\"g-dyn a-7 c-6\"><a class=\"gofollow\" data-track=\"Nyw2LDYw\" href=\"https:\/\/inovaimoveis.rs\/\" target=\"_blank\"><img decoding=\"async\" src=\"http:\/\/tvnativoos.com.br\/wfe\/wp-content\/uploads\/2023\/06\/Banner-Inova-300x214-1.jpeg\" \/><\/a><\/div><\/div>\n\n\n<p>O ar seco e frio proporciona uma <strong>segunda-feira<\/strong> de sol com amplos per\u00edodos de sol no territ\u00f3rio ga\u00facho. Nuvens aparecem mais na Metade Leste do estado. O ar frio ingressa acompanhado de vento que pode ter rajadas de 40 km\/h a 70 km\/h no Sul e no Leste ga\u00facho, refor\u00e7ando a percep\u00e7\u00e3o de frio com baixa sensa\u00e7\u00e3o t\u00e9rmica. <\/p>\n\n\n\n<p><strong>A ter\u00e7a-feira<\/strong> ser\u00e1 um dia ensolarado no Rio Grande do Sul sob o dom\u00ednio de um centro de alta press\u00e3o que garante o tempo aberto com amplos per\u00edodo de c\u00e9u claro. O dia vai come\u00e7ar muito frio com geada na esmagadora maioria das cidades ga\u00fachas. A maior parte dos munic\u00edpios ter\u00e1 m\u00ednimas perto de 0\u00baC ou negativas. J\u00e1 a tarde ser\u00e1 mais amena.<\/p>\n\n\n\n<p><strong>A quarta-feira<\/strong> ser\u00e1 outro dia ensolarado no estado com muitos per\u00edodos de c\u00e9u limpo. O amanhecer torna a ser muito frio, embora com m\u00ednimas mais altas do que na v\u00e9spera. Ainda deve gear em grande n\u00famero de cidades e voltam a ocorrer marcas abaixo de zero. Bancos isolados de nevoeiro e neblina no come\u00e7o do dia. J\u00e1 a tarde ser\u00e1 bastante agrad\u00e1vel com m\u00e1ximas ao redor e pouco acima dos 20\u00baC. <\/p>\n\n\n<div class=\"g g-7\"><div class=\"g-dyn a-39 c-1\"><a class=\"gofollow\" data-track=\"MzksNyw2MA==\" href=\"https:\/\/tvnativoos.com.br\/wfe\/\" target=\"_blank\"><img decoding=\"async\" src=\"http:\/\/tvnativoos.com.br\/wfe\/wp-content\/uploads\/2024\/05\/WhatsApp-Image-2024-05-17-at-19.58.28.jpeg\" \/><\/a><\/div><div class=\"g-dyn a-6 c-2\"><a class=\"gofollow\" data-track=\"Niw3LDYw\" href=\"#\" target=\"_blank\"><img decoding=\"async\" src=\"http:\/\/tvnativoos.com.br\/wfe\/wp-content\/uploads\/2023\/01\/banner-agua-kangen-e1701887476486.jpeg\" \/><\/a><\/div><div class=\"g-dyn a-4 c-3\"><a class=\"gofollow\" data-track=\"NCw3LDYw\" href=\"https:\/\/arquitetalaurabaltar.com.br\/wfe\/\" target=\"_blank\"><img decoding=\"async\" src=\"http:\/\/tvnativoos.com.br\/wfe\/wp-content\/uploads\/2025\/01\/01-1.png\" \/><\/a><\/div><div class=\"g-dyn a-62 c-4\"><a class=\"gofollow\" data-track=\"NjIsNyw2MA==\" href=\": http:\/\/teliga.corsan.com.br\" target=\"_blank\"><img decoding=\"async\" src=\"http:\/\/tvnativoos.com.br\/wfe\/wp-content\/uploads\/2026\/02\/WhatsApp-Image-2026-02-19-at-17.23.17.jpeg\" \/><\/a><\/div><div class=\"g-dyn a-7 c-5\"><a class=\"gofollow\" data-track=\"Nyw3LDYw\" href=\"https:\/\/inovaimoveis.rs\/\" target=\"_blank\"><img decoding=\"async\" src=\"http:\/\/tvnativoos.com.br\/wfe\/wp-content\/uploads\/2023\/06\/Banner-Inova-300x214-1.jpeg\" \/><\/a><\/div><div class=\"g-dyn a-58 c-6\"><a class=\"gofollow\" data-track=\"NTgsNyw2MA==\" href=\"https:\/\/transformar.tramandai.rs.gov.br\/\"><img decoding=\"async\" src=\"http:\/\/tvnativoos.com.br\/wfe\/wp-content\/uploads\/2026\/03\/TV-Nativoos-300-x-250-px.png\" \/><\/a><\/div><div class=\"g-dyn a-8 c-7\"><a class=\"gofollow\" data-track=\"OCw3LDYw\" href=\"https:\/\/www.facebook.com\/sonia.conti.7545\" target=\"_blank\"><img decoding=\"async\" src=\"http:\/\/tvnativoos.com.br\/wfe\/wp-content\/uploads\/2023\/06\/BANNERS-350X250-SONIA-CONTI-1-300x214-1.jpg\" \/><\/a><\/div><\/div>\n\n\n<p><strong>A quinta-feira<\/strong> segue com o tempo ensolarado no Rio Grande do Sul, mas nuvens j\u00e1 v\u00e3o aparecer em parte do estado. Nevoeiro e neblina em diferentes pontos do estado no come\u00e7o do dia. Segue o frio na madrugada e no come\u00e7o da manh\u00e3 com forma\u00e7\u00e3o de geada em diferentes localidades. Ar mais quente come\u00e7a a ingressar e a tarde vai ser agrad\u00e1vel com m\u00e1ximas entre 22\u00baC e 25\u00baC na maioria dos munic\u00edpios e superiores em algumas \u00e1reas. <\/p>\n\n\n\n<p><strong>A sexta-feira<\/strong> ser\u00e1 de sol e nuvens esparsas no territ\u00f3rio ga\u00facho. O amanhecer ainda \u00e9 frio, mas com m\u00ednimas mais altas que nos dias anteriores, acima de 10\u00baC em diversas localidades. A tarde segue com temperatura agrad\u00e1vel com maior aquecimento no Oeste e no Noroeste ga\u00facho.<\/p>\n\n\n\n<p>Fonte: MetSul Meteorologia\u00a0<a href=\"https:\/\/metsul.com\/o-tempo-na-semana-varias-noites-frias-e-de-geada-pela-frente\/\">https:\/\/metsul.com\/o-tempo-na-semana-varias-noites-frias-e-de-geada-pela-frente\/<\/a>\u00a0<\/p>\n\n\n<div class=\"g g-8\"><div class=\"g-dyn a-45 c-1\"><a href=\"https:\/\/tvnativoos.com.br\/wfe\/radio-online-costeira-nativa\/\" target=\"_blank\"><img decoding=\"async\" src=\"http:\/\/tvnativoos.com.br\/wfe\/wp-content\/uploads\/2024\/06\/radiocosteiranativa-2.jpeg\" \/><\/a><\/div><div class=\"g-dyn a-44 c-2\"><a href=\"https:\/\/tvnativoos.com.br\/wfe\/radio-online-costeira-nativa\/\" target=\"_blank\"><img decoding=\"async\" src=\"http:\/\/tvnativoos.com.br\/wfe\/wp-content\/uploads\/2024\/06\/radiocosteiranativa-1.jpeg\" \/><\/a><\/div><\/div>\n\n\n<p>Curta, compartilhe e inscreva em nosso canal do\u00a0<a href=\"https:\/\/youtube.com\/@tvnativoos\">youtube.com\/@tvnativoos<\/a>, curta nossa p\u00e1gina no facebook, instagram e veja nossa programa\u00e7\u00e3o ao vivo portal\u00a0<a href=\"https:\/\/tvnativoos.com.br\/wfe\/\">www.tvnativoos.com.br<\/a><\/p>\n","protected":false},"excerpt":{"rendered":"<p>Refor\u00e7o de ar polar neste come\u00e7o de semana garante v\u00e1rios dias de tempo firme e com temperatura baixa durante a noite A semana que se inicia ser\u00e1 marcada pelo predom\u00ednio do tempo ensolarado no Rio Grande do Sul com amplos per\u00edodo de c\u00e9u claro. A primeira metade da semana ter\u00e1 frio e at\u00e9 intenso por [&hellip;]<\/p>\n","protected":false},"author":2,"featured_media":21391,"comment_status":"closed","ping_status":"open","sticky":false,"template":"","format":"standard","meta":{"footnotes":""},"categories":[8],"tags":[689,1889,65],"class_list":["post-21390","post","type-post","status-publish","format-standard","has-post-thumbnail","hentry","category-noticias","tag-clima","tag-frio","tag-tvnativoos"],"cc_featured_image_caption":{"caption_text":"Foto: Biblioteca","source_text":"","source_url":""},"_links":{"self":[{"href":"https:\/\/tvnativoos.com.br\/wfe\/wp-json\/wp\/v2\/posts\/21390","targetHints":{"allow":["GET"]}}],"collection":[{"href":"https:\/\/tvnativoos.com.br\/wfe\/wp-json\/wp\/v2\/posts"}],"about":[{"href":"https:\/\/tvnativoos.com.br\/wfe\/wp-json\/wp\/v2\/types\/post"}],"author":[{"embeddable":true,"href":"https:\/\/tvnativoos.com.br\/wfe\/wp-json\/wp\/v2\/users\/2"}],"replies":[{"embeddable":true,"href":"https:\/\/tvnativoos.com.br\/wfe\/wp-json\/wp\/v2\/comments?post=21390"}],"version-history":[{"count":1,"href":"https:\/\/tvnativoos.com.br\/wfe\/wp-json\/wp\/v2\/posts\/21390\/revisions"}],"predecessor-version":[{"id":21392,"href":"https:\/\/tvnativoos.com.br\/wfe\/wp-json\/wp\/v2\/posts\/21390\/revisions\/21392"}],"wp:featuredmedia":[{"embeddable":true,"href":"https:\/\/tvnativoos.com.br\/wfe\/wp-json\/wp\/v2\/media\/21391"}],"wp:attachment":[{"href":"https:\/\/tvnativoos.com.br\/wfe\/wp-json\/wp\/v2\/media?parent=21390"}],"wp:term":[{"taxonomy":"category","embeddable":true,"href":"https:\/\/tvnativoos.com.br\/wfe\/wp-json\/wp\/v2\/categories?post=21390"},{"taxonomy":"post_tag","embeddable":true,"href":"https:\/\/tvnativoos.com.br\/wfe\/wp-json\/wp\/v2\/tags?post=21390"}],"curies":[{"name":"wp","href":"https:\/\/api.w.org\/{rel}","templated":true}]}}