{"id":21221,"date":"2024-08-06T02:08:35","date_gmt":"2024-08-06T02:08:35","guid":{"rendered":"https:\/\/tvnativoos.com.br\/wfe\/?p=21221"},"modified":"2024-08-06T02:08:35","modified_gmt":"2024-08-06T02:08:35","slug":"clima-rs-tera-terca-feira-de-frio-e-chuva-no-sul-mas-sol-aparece-na-metade-norte","status":"publish","type":"post","link":"https:\/\/tvnativoos.com.br\/wfe\/clima-rs-tera-terca-feira-de-frio-e-chuva-no-sul-mas-sol-aparece-na-metade-norte\/","title":{"rendered":"Clima &#8211; RS ter\u00e1 ter\u00e7a-feira de frio e chuva no sul, mas sol aparece na metade norte"},"content":{"rendered":"\n<p>Porto Alegre ter\u00e1 m\u00ednima de 17\u00b0C e m\u00e1xima de 25\u00b0C<\/p>\n\n\n\n<p>O\u00a0Rio Grande do Sul\u00a0pode ser divido em dois nesta ter\u00e7a-feira, 6, pelas condi\u00e7\u00f5es do tempo. Uma frente semi-estacion\u00e1ria vai estar entre o Uruguai e o Rio Grande do Sul com\u00a0chuva no decorrer do dia\u00a0principalmente em pontos do Oeste e do Sul, com risco de pancadas fortes e altos volumes em algumas cidades. N\u00e3o se afasta granizo isolado.<\/p>\n\n\n<div class=\"g g-7\"><div class=\"g-dyn a-39 c-1\"><a class=\"gofollow\" data-track=\"MzksNyw2MA==\" href=\"https:\/\/tvnativoos.com.br\/wfe\/\" target=\"_blank\"><img decoding=\"async\" src=\"http:\/\/tvnativoos.com.br\/wfe\/wp-content\/uploads\/2024\/05\/WhatsApp-Image-2024-05-17-at-19.58.28.jpeg\" \/><\/a><\/div><div class=\"g-dyn a-62 c-2\"><a class=\"gofollow\" data-track=\"NjIsNyw2MA==\" href=\": http:\/\/teliga.corsan.com.br\" target=\"_blank\"><img decoding=\"async\" src=\"http:\/\/tvnativoos.com.br\/wfe\/wp-content\/uploads\/2026\/02\/WhatsApp-Image-2026-02-19-at-17.23.17.jpeg\" \/><\/a><\/div><div class=\"g-dyn a-58 c-3\"><a class=\"gofollow\" data-track=\"NTgsNyw2MA==\" href=\"https:\/\/transformar.tramandai.rs.gov.br\/\"><img decoding=\"async\" src=\"http:\/\/tvnativoos.com.br\/wfe\/wp-content\/uploads\/2026\/03\/TV-Nativoos-300-x-250-px.png\" \/><\/a><\/div><div class=\"g-dyn a-7 c-4\"><a class=\"gofollow\" data-track=\"Nyw3LDYw\" href=\"https:\/\/inovaimoveis.rs\/\" target=\"_blank\"><img decoding=\"async\" src=\"http:\/\/tvnativoos.com.br\/wfe\/wp-content\/uploads\/2023\/06\/Banner-Inova-300x214-1.jpeg\" \/><\/a><\/div><div class=\"g-dyn a-4 c-5\"><a class=\"gofollow\" data-track=\"NCw3LDYw\" href=\"https:\/\/arquitetalaurabaltar.com.br\/wfe\/\" target=\"_blank\"><img decoding=\"async\" src=\"http:\/\/tvnativoos.com.br\/wfe\/wp-content\/uploads\/2025\/01\/01-1.png\" \/><\/a><\/div><div class=\"g-dyn a-8 c-6\"><a class=\"gofollow\" data-track=\"OCw3LDYw\" href=\"https:\/\/www.facebook.com\/sonia.conti.7545\" target=\"_blank\"><img decoding=\"async\" src=\"http:\/\/tvnativoos.com.br\/wfe\/wp-content\/uploads\/2023\/06\/BANNERS-350X250-SONIA-CONTI-1-300x214-1.jpg\" \/><\/a><\/div><div class=\"g-dyn a-6 c-7\"><a class=\"gofollow\" data-track=\"Niw3LDYw\" href=\"#\" target=\"_blank\"><img decoding=\"async\" src=\"http:\/\/tvnativoos.com.br\/wfe\/wp-content\/uploads\/2023\/01\/banner-agua-kangen-e1701887476486.jpeg\" \/><\/a><\/div><\/div>\n\n\n<p>Nas demais regi\u00f5es, embora possa chover em diferentes pontos, sobretudo na primeira metade do dia, o sol aparece com nuvens e aquece bastante ao longo desta ter\u00e7a. A tarde ser\u00e1 abafada e at\u00e9 com calor perto de 30\u00baC em algumas cidades, como no Noroeste.<\/p>\n\n\n\n<h3 class=\"wp-block-heading\">Previs\u00e3o de muito frio nos pr\u00f3ximos dias<\/h3>\n\n\n\n<p>A temperatura em partes da Ant\u00e1rtida subiu a valores quase 30\u00baC acima do normal nos \u00faltimos dias. Embora n\u00e3o seja calor e o clima seja congelante, os cientistas descrevem como uma \u201conda de calor\u201d ant\u00e1rtica, um evento raro. A esta\u00e7\u00e3o do Polo Sul teve seu julho mais quente desde 2002, cerca de 6,3\u00baC acima da m\u00e9dia. Entre 20 e 30 de julho, a temperatura m\u00e9dia na esta\u00e7\u00e3o foi -47,6\u00baC, que \u00e9 uma temperatura t\u00edpica para o final de fevereiro, no fim do ver\u00e3o, e n\u00e3o no auge do inverno.<\/p>\n\n\n<div class=\"g g-6\"><div class=\"g-dyn a-7 c-1\"><a class=\"gofollow\" data-track=\"Nyw2LDYw\" href=\"https:\/\/inovaimoveis.rs\/\" target=\"_blank\"><img decoding=\"async\" src=\"http:\/\/tvnativoos.com.br\/wfe\/wp-content\/uploads\/2023\/06\/Banner-Inova-300x214-1.jpeg\" \/><\/a><\/div><div class=\"g-dyn a-4 c-2\"><a class=\"gofollow\" data-track=\"NCw2LDYw\" href=\"https:\/\/arquitetalaurabaltar.com.br\/wfe\/\" target=\"_blank\"><img decoding=\"async\" src=\"http:\/\/tvnativoos.com.br\/wfe\/wp-content\/uploads\/2025\/01\/01-1.png\" \/><\/a><\/div><div class=\"g-dyn a-58 c-3\"><a class=\"gofollow\" data-track=\"NTgsNiw2MA==\" href=\"https:\/\/transformar.tramandai.rs.gov.br\/\"><img decoding=\"async\" src=\"http:\/\/tvnativoos.com.br\/wfe\/wp-content\/uploads\/2026\/03\/TV-Nativoos-300-x-250-px.png\" \/><\/a><\/div><div class=\"g-dyn a-39 c-4\"><a class=\"gofollow\" data-track=\"MzksNiw2MA==\" href=\"https:\/\/tvnativoos.com.br\/wfe\/\" target=\"_blank\"><img decoding=\"async\" src=\"http:\/\/tvnativoos.com.br\/wfe\/wp-content\/uploads\/2024\/05\/WhatsApp-Image-2024-05-17-at-19.58.28.jpeg\" \/><\/a><\/div><div class=\"g-dyn a-62 c-5\"><a class=\"gofollow\" data-track=\"NjIsNiw2MA==\" href=\": http:\/\/teliga.corsan.com.br\" target=\"_blank\"><img decoding=\"async\" src=\"http:\/\/tvnativoos.com.br\/wfe\/wp-content\/uploads\/2026\/02\/WhatsApp-Image-2026-02-19-at-17.23.17.jpeg\" \/><\/a><\/div><div class=\"g-dyn a-6 c-6\"><a class=\"gofollow\" data-track=\"Niw2LDYw\" href=\"#\" target=\"_blank\"><img decoding=\"async\" src=\"http:\/\/tvnativoos.com.br\/wfe\/wp-content\/uploads\/2023\/01\/banner-agua-kangen-e1701887476486.jpeg\" \/><\/a><\/div><\/div>\n\n\n<p>Em termos leigos, abre-se a porta do refrigerador do polo para que ar frio alcance \u00e1reas como o Sul do Brasil. \u00c9 o que ajuda a explicar o frio previsto para os pr\u00f3ximos dias. Os modelos de previs\u00e3o indicam incurs\u00e3o de ar gelado no final desta semana, at\u00e9 com chance de neve nas \u00e1reas de maior altitude do Sul do Brasil, e a possibilidade de um segundo pulso de ar frio para o come\u00e7o da semana que vem que manteria a temperatura baixa.<\/p>\n\n\n\n<h2 class=\"wp-block-heading\"><strong>Veja a previs\u00e3o do tempo para a sua regi\u00e3o nesta ter\u00e7a-feira:<\/strong><\/h2>\n\n\n\n<ul class=\"wp-block-list\">\n<li><strong>Regi\u00e3o Metropolitana:\u00a0<\/strong>a ter\u00e7a-feira ser\u00e1 de sol entre nuvens, com chuva a qualquer hora. Em\u00a0<strong>Viam\u00e3o<\/strong>, os term\u00f4metros variam de 16\u00b0C a 24\u00b0C.<\/li>\n\n\n\n<li><strong>Campanha:<\/strong>\u00a0a ter\u00e7a-feira ser\u00e1 de tempo fechado, com chuva a qualquer hora do dia. Em\u00a0<strong>Bag\u00e9<\/strong>, os term\u00f4metros variam de 16\u00b0C a 21\u00b0C.\u00a0<\/li>\n\n\n\n<li><strong>Fronteira Oeste:<\/strong>\u00a0a ter\u00e7a-feira ser\u00e1 de tempo fechado, com chuva a qualquer hora do dia. Em\u00a0<strong>Uruguaiana<\/strong>, os term\u00f4metros variam de 18\u00b0C a 22\u00b0C.\u00a0<\/li>\n\n\n\n<li><strong>Litoral Norte:<\/strong>\u00a0a ter\u00e7a-feira ser\u00e1 de sol entre nuvens, com chuva a qualquer hora. Em\u00a0<strong>Torres<\/strong>, os term\u00f4metros variam de 16\u00b0C a 25\u00b0C.\u00a0<\/li>\n\n\n\n<li><strong>Litoral Sul:<\/strong>\u00a0a ter\u00e7a-feira ser\u00e1 de tempo fechado, com chuva a qualquer hora do dia. Em\u00a0<strong>Rio Grande<\/strong>, os term\u00f4metros variam de 15\u00b0C a 17\u00b0C.\u00a0<\/li>\n\n\n\n<li><strong>Regi\u00e3o Central:\u00a0<\/strong>a ter\u00e7a-feira ser\u00e1 de tempo fechado, com chuva a qualquer hora do dia. Em\u00a0<strong>Santa Maria<\/strong>, os term\u00f4metros variam de 17\u00b0C a 24\u00b0C.<\/li>\n\n\n\n<li><strong>Regi\u00e3o Noroeste:<\/strong>\u00a0a ter\u00e7a-feira ser\u00e1 de sol entre nuvens, com per\u00edodos de c\u00e9u nublado e chuva a qualquer hora. Em\u00a0<strong>Iju\u00ed<\/strong>, os term\u00f4metros variam de 18\u00b0C a 27\u00b0C.\u00a0<\/li>\n\n\n\n<li><strong>Regi\u00e3o Norte:\u00a0<\/strong>a ter\u00e7a-feira ser\u00e1 de sol entre nuvens, com per\u00edodos de c\u00e9u nublado e chuva a qualquer hora. Em\u00a0<strong>Erechim<\/strong>, os term\u00f4metros variam de 17\u00b0C a 25\u00b0C.\u00a0<\/li>\n\n\n\n<li><strong>Regi\u00e3o Sul:<\/strong>\u00a0a ter\u00e7a-feira ser\u00e1 tempo fechado, com chuva a qualquer hora do dia. Em\u00a0<strong>Cangu\u00e7u<\/strong>, os term\u00f4metros variam de 12\u00b0C a 14\u00b0C.\u00a0<\/li>\n\n\n\n<li><strong>Serra:<\/strong>\u00a0a ter\u00e7a-feira ser\u00e1 de sol entre nuvens, com per\u00edodos de c\u00e9u nublado e chuva a qualquer hora. Em\u00a0<strong>Bento Gon\u00e7alves<\/strong>, os term\u00f4metros variam de 15\u00b0C a 27\u00b0C.\u00a0<\/li>\n<\/ul>\n\n\n\n<h2 class=\"wp-block-heading\"><strong>Veja como deve ficar o tempo em algumas cidades nesta ter\u00e7a-feira:<\/strong><\/h2>\n\n\n\n<ul class=\"wp-block-list\">\n<li><strong>Porto Alegre:\u00a0<\/strong>sol entre nuvens, chuva a qualquer hora.<strong>\u00a0<\/strong>M\u00ednima de 17\u00b0C e m\u00e1xima de 24\u00b0C.<\/li>\n\n\n\n<li><strong>Bag\u00e9:\u00a0<\/strong>tempo chuvoso. M\u00ednima de 16\u00b0C e m\u00e1xima de 21\u00baC.<\/li>\n\n\n\n<li><strong>Cap\u00e3o da Canoa:\u00a0<\/strong>sol entre nuvens, chuva a qualquer hora. M\u00ednima de 16\u00b0C e m\u00e1xima de 20\u00b0C.<\/li>\n\n\n\n<li><strong>Caxias do Sul:\u00a0<\/strong>sol entre nuvens, chuva a qualquer hora. M\u00ednima de 17\u00b0C e m\u00e1xima de 26\u00b0C.<\/li>\n\n\n\n<li><strong>Erechim:\u00a0<\/strong>sol entre nuvens, chuva a qualquer hora. M\u00ednima de 17\u00b0C e m\u00e1xima de 25\u00b0C.<\/li>\n\n\n\n<li><strong>Lajeado:<\/strong>\u00a0sol entre nuvens, chuva a qualquer hora. M\u00ednima de 18\u00b0C e m\u00e1xima de 25\u00b0C.<\/li>\n\n\n\n<li><strong>Mostardas:<\/strong><em><strong>\u00a0<\/strong><\/em>tempo chuvoso.\u00a0M\u00ednima de 18\u00b0C e m\u00e1xima de 19\u00b0C.<\/li>\n\n\n\n<li><strong>Passo Fundo:\u00a0<\/strong>sol entre nuvens, chuva a qualquer hora. M\u00ednima de 18\u00b0C e m\u00e1xima de 26\u00b0C.<\/li>\n\n\n\n<li><strong>Pelotas:<\/strong>\u00a0tempo chuvoso. M\u00ednima de 13\u00b0C e m\u00e1xima de 17\u00b0C.<\/li>\n\n\n\n<li><strong>Rio Grande:\u00a0<\/strong>tempo chuvoso. M\u00ednima de 15\u00b0C e m\u00e1xima de 17\u00b0C.<\/li>\n\n\n\n<li><strong>S\u00e3o Borja:\u00a0<\/strong>sol entre nuvens, chuva a qualquer hora. M\u00ednima de 19\u00b0C e m\u00e1xima de 29\u00b0C.<\/li>\n\n\n\n<li><strong>Santa Cruz do Sul:<\/strong>\u00a0tempo chuvoso. M\u00ednima de 18\u00b0C e m\u00e1xima de 26\u00b0C.<\/li>\n\n\n\n<li><strong>Santa Maria:\u00a0<\/strong>tempo chuvoso. M\u00ednima de 17\u00b0C e m\u00e1xima de 24\u00b0C.<\/li>\n\n\n\n<li><strong>Santa Rosa:\u00a0<\/strong>sol entre nuvens, chuva a qualquer hora. M\u00ednima de 20\u00b0C e m\u00e1xima de 29\u00b0C.<\/li>\n\n\n\n<li><strong>Torres:\u00a0<\/strong>sol entre nuvens, chuva a qualquer hora. M\u00ednima de 16\u00b0C e m\u00e1xima de 25\u00b0C.<\/li>\n\n\n\n<li><strong>Tramanda\u00ed:\u00a0<\/strong>sol entre nuvens, chuva a qualquer hora. M\u00ednima de 16\u00b0C e m\u00e1xima de 19\u00b0C.<\/li>\n\n\n\n<li><strong>Uruguaiana:\u00a0<\/strong>tempo chuvoso. M\u00ednima de 18\u00b0C e m\u00e1xima de 22\u00b0C.<\/li>\n\n\n\n<li><strong>Xangri-l\u00e1:<\/strong>\u00a0sol entre nuvens, chuva a qualquer hora. M\u00ednima de 16\u00b0C e m\u00e1xima de 18\u00b0C.<\/li>\n<\/ul>\n\n\n\n<p>Fontes: Jornal Correio do Povo e GZH<\/p>\n\n\n\n<p>Curta, compartilhe e inscreva em nosso canal do\u00a0<a href=\"https:\/\/youtube.com\/@tvnativoos\">youtube.com\/@tvnativoos<\/a>, curta nossa p\u00e1gina no facebook, instagram e veja nossa programa\u00e7\u00e3o ao vivo portal\u00a0<a href=\"https:\/\/tvnativoos.com.br\/wfe\/\">www.tvnativoos.com.br<\/a><\/p>\n","protected":false},"excerpt":{"rendered":"<p>Porto Alegre ter\u00e1 m\u00ednima de 17\u00b0C e m\u00e1xima de 25\u00b0C O\u00a0Rio Grande do Sul\u00a0pode ser divido em dois nesta ter\u00e7a-feira, 6, pelas condi\u00e7\u00f5es do tempo. Uma frente semi-estacion\u00e1ria vai estar entre o Uruguai e o Rio Grande do Sul com\u00a0chuva no decorrer do dia\u00a0principalmente em pontos do Oeste e do Sul, com risco de pancadas [&hellip;]<\/p>\n","protected":false},"author":3,"featured_media":21222,"comment_status":"closed","ping_status":"open","sticky":false,"template":"","format":"standard","meta":{"footnotes":""},"categories":[8],"tags":[],"class_list":["post-21221","post","type-post","status-publish","format-standard","has-post-thumbnail","hentry","category-noticias"],"cc_featured_image_caption":{"caption_text":"","source_text":"","source_url":""},"_links":{"self":[{"href":"https:\/\/tvnativoos.com.br\/wfe\/wp-json\/wp\/v2\/posts\/21221","targetHints":{"allow":["GET"]}}],"collection":[{"href":"https:\/\/tvnativoos.com.br\/wfe\/wp-json\/wp\/v2\/posts"}],"about":[{"href":"https:\/\/tvnativoos.com.br\/wfe\/wp-json\/wp\/v2\/types\/post"}],"author":[{"embeddable":true,"href":"https:\/\/tvnativoos.com.br\/wfe\/wp-json\/wp\/v2\/users\/3"}],"replies":[{"embeddable":true,"href":"https:\/\/tvnativoos.com.br\/wfe\/wp-json\/wp\/v2\/comments?post=21221"}],"version-history":[{"count":1,"href":"https:\/\/tvnativoos.com.br\/wfe\/wp-json\/wp\/v2\/posts\/21221\/revisions"}],"predecessor-version":[{"id":21223,"href":"https:\/\/tvnativoos.com.br\/wfe\/wp-json\/wp\/v2\/posts\/21221\/revisions\/21223"}],"wp:featuredmedia":[{"embeddable":true,"href":"https:\/\/tvnativoos.com.br\/wfe\/wp-json\/wp\/v2\/media\/21222"}],"wp:attachment":[{"href":"https:\/\/tvnativoos.com.br\/wfe\/wp-json\/wp\/v2\/media?parent=21221"}],"wp:term":[{"taxonomy":"category","embeddable":true,"href":"https:\/\/tvnativoos.com.br\/wfe\/wp-json\/wp\/v2\/categories?post=21221"},{"taxonomy":"post_tag","embeddable":true,"href":"https:\/\/tvnativoos.com.br\/wfe\/wp-json\/wp\/v2\/tags?post=21221"}],"curies":[{"name":"wp","href":"https:\/\/api.w.org\/{rel}","templated":true}]}}