{"id":20717,"date":"2024-07-25T17:39:41","date_gmt":"2024-07-25T17:39:41","guid":{"rendered":"https:\/\/tvnativoos.com.br\/wfe\/?p=20717"},"modified":"2024-07-25T17:39:41","modified_gmt":"2024-07-25T17:39:41","slug":"reforma-tributaria-nao-acaba-com-direito-a-heranca","status":"publish","type":"post","link":"https:\/\/tvnativoos.com.br\/wfe\/reforma-tributaria-nao-acaba-com-direito-a-heranca\/","title":{"rendered":"Reforma Tribut\u00e1ria n\u00e3o acaba com direito \u00e0 heran\u00e7a"},"content":{"rendered":"\n<p>Mudan\u00e7as nas sucess\u00f5es incluem cobran\u00e7a em domic\u00edlio do falecido e tributa\u00e7\u00e3o progressiva<\/p>\n\n\n\n<p>Otexto-base da Reforma Tribut\u00e1ria,&nbsp;<a href=\"https:\/\/www.camara.leg.br\/proposicoesWeb\/fichadetramitacao?idProposicao=2196833\" target=\"_blank\" rel=\"noreferrer noopener\">aprovado pela C\u00e2mara dos Deputados<\/a>&nbsp;no \u00faltimo 7 de julho, trouxe uma s\u00e9rie de mudan\u00e7as nos impostos e tributos brasileiros. Um dos impactos da reforma foi sobre a tributa\u00e7\u00e3o de heran\u00e7as e doa\u00e7\u00f5es.<\/p>\n\n\n\n<p>A Constitui\u00e7\u00e3o Brasileira garante o direito \u00e0 heran\u00e7a como um direito fundamental presente no inciso XXX do artigo 5\u00ba. Isso significa que o patrim\u00f4nio da pessoa falecida deve passar para seus herdeiros na forma da lei Civil, n\u00e3o podendo o estado confiscar os bens deixados como heran\u00e7a. Por se tratar de um direito fundamental previsto em cl\u00e1usula p\u00e9trea na Constitui\u00e7\u00e3o Brasileira, a Reforma Tribut\u00e1ria n\u00e3o poderia trazer mudan\u00e7as no direito \u00e0 heran\u00e7a em si, como alegam diversas fake news.<\/p>\n\n\n\n<p>O que o texto votado e aprovado pelos deputados federais traz sobre o assunto s\u00e3o mudan\u00e7as no imposto envolvido nas sucess\u00f5es. O Imposto sobre Transmiss\u00e3o Causa Mortis (ITCDM) \u00e9 o tributo que incide sobre as heran\u00e7as e \u00e9 devido pelos herdeiros. O ITCMD \u00e9 previsto na Constitui\u00e7\u00e3o Brasileira (artigo 155) e tamb\u00e9m \u00e9 citado entre os artigos 33 e 45 do C\u00f3digo Tribut\u00e1rio Nacional. O ITCDM \u00e9 um tributo estadual e a sua regulamenta\u00e7\u00e3o \u00e9 feita pelos estados, que tamb\u00e9m definem as al\u00edquotas a serem cobradas. Dentro dessa compet\u00eancia tribut\u00e1ria, 15 estados brasileiros j\u00e1 adotam a cobran\u00e7a progressiva desse imposto, onde sua al\u00edquota varia proporcionalmente ao montante da heran\u00e7a. O ITCDM tamb\u00e9m incide sobre doa\u00e7\u00f5es.<\/p>\n\n\n\n<p>Atualmente, o ITCDM \u00e9 recolhido no estado onde est\u00e1 sendo processado o invent\u00e1rio, que \u00e9 o procedimento legal necess\u00e1rio para que os bens sejam transferidos aos herdeiros. No caso de falecimento no exterior, n\u00e3o h\u00e1 incid\u00eancia de ITCMD pela falta de uma Lei Complementar definindo a cobran\u00e7a, como prev\u00ea a Constitui\u00e7\u00e3o.<\/p>\n\n\n\n<p>A partir da Reforma Tribut\u00e1ria, a cobran\u00e7a progressiva do ITCDM torna-se regra em todo pa\u00eds. Al\u00e9m disso, o recolhimento do imposto sobre bens m\u00f3veis, t\u00edtulos e cr\u00e9ditos ser\u00e1 recolhido no estado de resid\u00eancia da pessoa falecida. A partir de uma Lei Complementar, tamb\u00e9m ser\u00e1 permitida a cobran\u00e7a do tributo sobre heran\u00e7as e doa\u00e7\u00f5es no exterior.<\/p>\n\n\n\n<p>Vale lembrar que a proposta de Reforma Tribut\u00e1ria foi discutida e aprovada na C\u00e2mara dos Deputados. Agora, o projeto segue para o Senado Federal para ser debatido e votado no Plen\u00e1rio. As mudan\u00e7as ser\u00e3o implementadas de acordo com um cronograma que vai de 2026 at\u00e9 2032.<\/p>\n\n\n\n<p>Fonte: SECOM<\/p>\n\n\n\n<p>Curta, compartilhe e inscreva em nosso canal do\u00a0<a href=\"https:\/\/youtube.com\/@tvnativoos\">youtube.com\/@tvnativoos<\/a>, curta nossa p\u00e1gina no facebook, instagram e veja nossa programa\u00e7\u00e3o ao vivo portal\u00a0<a href=\"https:\/\/tvnativoos.com.br\/wfe\/\">www.tvnativoos.com.br<\/a><\/p>\n","protected":false},"excerpt":{"rendered":"<p>Foto: Diogo Zacarias<\/p>\n","protected":false},"author":2,"featured_media":20718,"comment_status":"closed","ping_status":"open","sticky":false,"template":"","format":"standard","meta":{"footnotes":""},"categories":[8],"tags":[3029,65],"class_list":["post-20717","post","type-post","status-publish","format-standard","has-post-thumbnail","hentry","category-noticias","tag-reforma-tributaria-2","tag-tvnativoos"],"cc_featured_image_caption":{"caption_text":"Foto: Diogo Zacarias","source_text":"","source_url":""},"_links":{"self":[{"href":"https:\/\/tvnativoos.com.br\/wfe\/wp-json\/wp\/v2\/posts\/20717","targetHints":{"allow":["GET"]}}],"collection":[{"href":"https:\/\/tvnativoos.com.br\/wfe\/wp-json\/wp\/v2\/posts"}],"about":[{"href":"https:\/\/tvnativoos.com.br\/wfe\/wp-json\/wp\/v2\/types\/post"}],"author":[{"embeddable":true,"href":"https:\/\/tvnativoos.com.br\/wfe\/wp-json\/wp\/v2\/users\/2"}],"replies":[{"embeddable":true,"href":"https:\/\/tvnativoos.com.br\/wfe\/wp-json\/wp\/v2\/comments?post=20717"}],"version-history":[{"count":1,"href":"https:\/\/tvnativoos.com.br\/wfe\/wp-json\/wp\/v2\/posts\/20717\/revisions"}],"predecessor-version":[{"id":20719,"href":"https:\/\/tvnativoos.com.br\/wfe\/wp-json\/wp\/v2\/posts\/20717\/revisions\/20719"}],"wp:featuredmedia":[{"embeddable":true,"href":"https:\/\/tvnativoos.com.br\/wfe\/wp-json\/wp\/v2\/media\/20718"}],"wp:attachment":[{"href":"https:\/\/tvnativoos.com.br\/wfe\/wp-json\/wp\/v2\/media?parent=20717"}],"wp:term":[{"taxonomy":"category","embeddable":true,"href":"https:\/\/tvnativoos.com.br\/wfe\/wp-json\/wp\/v2\/categories?post=20717"},{"taxonomy":"post_tag","embeddable":true,"href":"https:\/\/tvnativoos.com.br\/wfe\/wp-json\/wp\/v2\/tags?post=20717"}],"curies":[{"name":"wp","href":"https:\/\/api.w.org\/{rel}","templated":true}]}}