{"id":2019,"date":"2022-11-09T20:07:14","date_gmt":"2022-11-09T20:07:14","guid":{"rendered":"https:\/\/tvnativoos.com.br\/wfe\/?p=2019"},"modified":"2022-11-09T20:29:19","modified_gmt":"2022-11-09T20:29:19","slug":"rolando-boldrin-morre-aos-86-anos","status":"publish","type":"post","link":"https:\/\/tvnativoos.com.br\/wfe\/rolando-boldrin-morre-aos-86-anos\/","title":{"rendered":"Rolando Boldrin, morre aos 86 anos."},"content":{"rendered":"\n<p>O cantor, compositor e ator\u00a0<strong>Rolando Boldrin<\/strong>\u00a0morreu nesta quarta-feira (9) em S\u00e3o Paulo, confirmada pela assessoria do artista Boldrin, motivo da morte n\u00e3o foi divulgado. Boldrin\u00a0estava no ar semanalmente na\u00a0<strong>TV Cultura<\/strong>\u00a0no programa &#8220;Sr Brasil&#8221;. O vel\u00f3rio ser\u00e1 realizado na\u00a0<strong>Assembleia Legislativa do Estado de S\u00e3o Paulo\u00a0<\/strong>(Alesp). O hor\u00e1rio ser\u00e1 informado em breve.\u00a0<\/p>\n\n\n\n<p>Ator de filmes premiados e de novelas acompanhadas no\u00a0<strong>Brasil\u00a0<\/strong>inteiro e at\u00e9 no exterior, tornou-se compositor e grande contador de causos.<\/p>\n\n\n\n<p>Em maio deste ano, a TV Cultura homenageou Boldrin pelos 85 anos de vida com a exibi\u00e7\u00e3o do document\u00e1rio &#8220;<strong>Eu, A Viola e Deus<\/strong>&#8220;, dirigido por Jo\u00e3o Batista de Andrade.<\/p>\n\n\n\n<p>O filme conta a hist\u00f3ria do artista na m\u00fasica e nas artes desde a inf\u00e2ncia. H\u00e1 depoimentos de pessoas que fizeram parte da trajet\u00f3ria dele. Entre elas est\u00e1 Patricia Boldrin, Rosa Maria Boldrin e Adilson Boldrin, esposa, irm\u00e3 e sobrinho do apresentador, respectivamente. H\u00e1 tamb\u00e9m Aldo Pedersoli e Francisco Zeleskinar (Chiquinho), o sanfoneiro Jos\u00e9 Clovis Franco (Orelha) e do barbeiro Alfredo Gaspar dos Santos.<\/p>\n\n\n\n<p><strong>Trajet\u00f3ria<\/strong><\/p>\n\n\n\n<h1 class=\"wp-block-heading\">ENTRETENIMENTO<\/h1>\n\n\n\n<h2 class=\"wp-block-heading\">Morre aos 86 anos Rolando Boldrin<\/h2>\n\n\n\n<p>Apresentador do &#8220;Sr. Brasil&#8221; estava \u00e0 frente do programa h\u00e1 17 anos<br><strong>Da Reda\u00e7\u00e3o<\/strong><br><small>09\/11\/2022 16h00<\/small><\/p>\n\n\n\n<figure class=\"wp-block-image\"><img decoding=\"async\" src=\"https:\/\/cultura.uol.com.br\/upload\/tvcultura\/entretenimento\/20221108184547_20201021183810-20160804131052-programa-srbrasil-1-.jpg\" alt=\"Divulga\u00e7\u00e3o\/TV Cultura \"\/><figcaption class=\"wp-element-caption\">Divulga\u00e7\u00e3o\/TV Cultura<small><\/small><\/figcaption><\/figure>\n\n\n\n<p>O cantor, compositor e ator&nbsp;<strong>Rolando Boldrin<\/strong>&nbsp;morreu nesta quarta-feira (9) em S\u00e3o Paulo, confirmada pela assessoria do artista Boldrin, motivo da morte n\u00e3o foi divulgado. Boldrin&nbsp;estava no ar semanalmente na&nbsp;<strong>TV Cultura<\/strong>&nbsp;no programa &#8220;Sr Brasil&#8221;. O vel\u00f3rio ser\u00e1 realizado na&nbsp;<strong>Assembleia Legislativa do Estado de S\u00e3o Paulo&nbsp;<\/strong>(Alesp)<strong><\/strong>. O hor\u00e1rio ser\u00e1 informado em breve.&nbsp;<\/p>\n\n\n\n<p>Ator de filmes premiados e de novelas acompanhadas no&nbsp;<strong>Brasil&nbsp;<\/strong>inteiro e at\u00e9 no exterior, tornou-se compositor e grande contador de causos.<\/p>\n\n\n\n<p><\/p>\n\n\n\n<p>Em maio deste ano, a TV Cultura homenageou Boldrin pelos 85 anos de vida com a exibi\u00e7\u00e3o do document\u00e1rio &#8220;<strong>Eu, A Viola e Deus<\/strong>&#8220;, dirigido por Jo\u00e3o Batista de Andrade.<br><br>O filme conta a hist\u00f3ria do artista na m\u00fasica e nas artes desde a inf\u00e2ncia. H\u00e1 depoimentos de pessoas que fizeram parte da trajet\u00f3ria dele. Entre elas est\u00e1 Patricia Boldrin, Rosa Maria Boldrin e Adilson Boldrin, esposa, irm\u00e3 e sobrinho do apresentador, respectivamente. H\u00e1 tamb\u00e9m Aldo Pedersoli e Francisco Zeleskinar (Chiquinho), o sanfoneiro Jos\u00e9 Clovis Franco (Orelha) e do barbeiro Alfredo Gaspar dos Santos.<\/p>\n\n\n\n<figure class=\"wp-block-image\"><img decoding=\"async\" src=\"https:\/\/cultura.uol.com.br\/upload\/redactor\/20221108184135_rolando-boldrin-tv.jpg\" alt=\"\"\/><figcaption class=\"wp-element-caption\">Reprodu\u00e7\u00e3o\/TV Cultura<\/figcaption><\/figure>\n\n\n\n<p><strong>Trajet\u00f3ria<\/strong><\/p>\n\n\n\n<p>Nascido em 22 de outubro no S\u00e3o Joaquim da Barra, interior paulista, Boldrin se mudou para a capital ainda na juventude e come\u00e7ou a trabalhar na extinta TV Tupi em 1958. Aos doze anos de idade, come\u00e7ou uma empreitada musical com o seu irm\u00e3o, formando a dupla\u00a0<em>Boy e Formiga,<\/em>\u00a0que era bem sucedida na r\u00e1dio do munic\u00edpio.<\/p>\n\n\n\n<p>&#8220;Sou fundamentalmente um ator, esse tem sido meu trabalho a vida inteira; radioator, ator de novela, de teatro, de cinema, um ator que canta, declama poesias e conta hist\u00f3rias&#8221;, dizia o multitalento Boldrin.<\/p>\n\n\n\n<p>No cinema estreou com o filme &#8220;Doramundo&#8221; (1978), de Jo\u00e3o Batista de Andrade, seguido de &#8220;O Tronco&#8221; (1999), do mesmo diretor, e fez o &#8220;O Filme da Minha Vida&#8221; (2017), de Selton Mello.<\/p>\n\n\n\n<p>Atuou em dezenas de novelas, entre elas &#8220;O Direito de Nascer&#8221;, &#8220;Roda de Fogo&#8221;, &#8220;Cara a Cara&#8221; e &#8220;Os Imigrantes&#8221;.<\/p>\n\n\n\n<p>Atualmente apresentava o programa\u00a0<a href=\"https:\/\/cultura.uol.com.br\/entretenimento\/noticias\/2020\/10\/22\/206_rolando-boldrin-84-anos-e-estou-inteiraco-quero-trabalhar-mais.html\">&#8220;Sr Brasil&#8221;<\/a>, na\u00a0<strong>TV Cultura<\/strong>, mas j\u00e1 esteve \u00e0 frente do &#8220;Esta\u00e7\u00e3o Brasil&#8221;, &#8220;Emp\u00f3rio Brasil&#8221;, &#8220;Emp\u00f3rio Brasileiro&#8221; e &#8220;Som Brasil&#8221;.\u00a0A TV Cultura agradece pela honra de ter contado com o brilhantismo de Boldrin em sua programa\u00e7\u00e3o. E manifesta os mais sinceros sentimentos aos familiares e amigos deste artista gigante que jamais ser\u00e1 esquecido.<\/p>\n\n\n\n<figure class=\"wp-block-embed is-type-video is-provider-youtube wp-block-embed-youtube wp-embed-aspect-16-9 wp-has-aspect-ratio\"><div class=\"wp-block-embed__wrapper\">\n<iframe loading=\"lazy\" title=\"Sr.Brasil | Rolando Boldrin, Toquinho e Casuarina\" width=\"640\" height=\"360\" src=\"https:\/\/www.youtube.com\/embed\/L6eorOqWvWE?feature=oembed\" frameborder=\"0\" allow=\"accelerometer; autoplay; clipboard-write; encrypted-media; gyroscope; picture-in-picture; web-share\" referrerpolicy=\"strict-origin-when-cross-origin\" allowfullscreen><\/iframe>\n<\/div><\/figure>\n\n\n\n<p>Fonte:Uol.<\/p>\n","protected":false},"excerpt":{"rendered":"<p>O cantor, compositor e ator\u00a0Rolando Boldrin\u00a0morreu nesta quarta-feira (9) em S\u00e3o Paulo, confirmada pela assessoria do artista Boldrin, motivo da morte n\u00e3o foi divulgado. Boldrin\u00a0estava no ar semanalmente na\u00a0TV Cultura\u00a0no programa &#8220;Sr Brasil&#8221;. O vel\u00f3rio ser\u00e1 realizado na\u00a0Assembleia Legislativa do Estado de S\u00e3o Paulo\u00a0(Alesp). O hor\u00e1rio ser\u00e1 informado em breve.\u00a0 Ator de filmes premiados e [&hellip;]<\/p>\n","protected":false},"author":3,"featured_media":2020,"comment_status":"closed","ping_status":"open","sticky":false,"template":"","format":"standard","meta":{"footnotes":""},"categories":[8],"tags":[537,213,536,65],"class_list":["post-2019","post","type-post","status-publish","format-standard","has-post-thumbnail","hentry","category-noticias","tag-boldrin","tag-cultura","tag-romildo","tag-tvnativoos"],"cc_featured_image_caption":{"caption_text":"","source_text":"","source_url":""},"_links":{"self":[{"href":"https:\/\/tvnativoos.com.br\/wfe\/wp-json\/wp\/v2\/posts\/2019","targetHints":{"allow":["GET"]}}],"collection":[{"href":"https:\/\/tvnativoos.com.br\/wfe\/wp-json\/wp\/v2\/posts"}],"about":[{"href":"https:\/\/tvnativoos.com.br\/wfe\/wp-json\/wp\/v2\/types\/post"}],"author":[{"embeddable":true,"href":"https:\/\/tvnativoos.com.br\/wfe\/wp-json\/wp\/v2\/users\/3"}],"replies":[{"embeddable":true,"href":"https:\/\/tvnativoos.com.br\/wfe\/wp-json\/wp\/v2\/comments?post=2019"}],"version-history":[{"count":2,"href":"https:\/\/tvnativoos.com.br\/wfe\/wp-json\/wp\/v2\/posts\/2019\/revisions"}],"predecessor-version":[{"id":2023,"href":"https:\/\/tvnativoos.com.br\/wfe\/wp-json\/wp\/v2\/posts\/2019\/revisions\/2023"}],"wp:featuredmedia":[{"embeddable":true,"href":"https:\/\/tvnativoos.com.br\/wfe\/wp-json\/wp\/v2\/media\/2020"}],"wp:attachment":[{"href":"https:\/\/tvnativoos.com.br\/wfe\/wp-json\/wp\/v2\/media?parent=2019"}],"wp:term":[{"taxonomy":"category","embeddable":true,"href":"https:\/\/tvnativoos.com.br\/wfe\/wp-json\/wp\/v2\/categories?post=2019"},{"taxonomy":"post_tag","embeddable":true,"href":"https:\/\/tvnativoos.com.br\/wfe\/wp-json\/wp\/v2\/tags?post=2019"}],"curies":[{"name":"wp","href":"https:\/\/api.w.org\/{rel}","templated":true}]}}