{"id":19685,"date":"2024-06-22T20:02:28","date_gmt":"2024-06-22T20:02:28","guid":{"rendered":"https:\/\/tvnativoos.com.br\/wfe\/?p=19685"},"modified":"2024-06-22T20:02:28","modified_gmt":"2024-06-22T20:02:28","slug":"clima-defesa-civil-emite-alerta-preventivo-para-temporal-neste-domingo-e-na-segunda-feira","status":"publish","type":"post","link":"https:\/\/tvnativoos.com.br\/wfe\/clima-defesa-civil-emite-alerta-preventivo-para-temporal-neste-domingo-e-na-segunda-feira\/","title":{"rendered":"Clima &#8211; Defesa Civil emite alerta preventivo para temporal neste domingo e na segunda-feira"},"content":{"rendered":"\n<p>Condi\u00e7\u00f5es estar\u00e3o favor\u00e1veis para ocorr\u00eancias de corte de energia, queda de \u00e1rvores e alagamentos<\/p>\n\n\n\n<p>A Defesa Civil de Porto Alegre emitiu alerta meteorol\u00f3gico preventivo diante da possibilidade de tempestade (entre 20 e 45 mil\u00edmetros por hora ou at\u00e9 55 mil\u00edmetros por dia), ventos intensos (entre 40 e 70 quil\u00f4metros por hora), descargas el\u00e9tricas e eventual queda de granizo. As condi\u00e7\u00f5es estar\u00e3o favor\u00e1veis para ocorr\u00eancias de corte de energia el\u00e9trica, queda de \u00e1rvores e alagamentos.<\/p>\n\n\n\n<p>O evento \u00e9 previsto para ocorrer durante a madrugada deste domingo, podendo se prolongar at\u00e9 o final da manh\u00e3 de segunda-feira. A Comiss\u00e3o Permanente de Atua\u00e7\u00e3o em Emerg\u00eancia (Copae), composta por diversos \u00f3rg\u00e3os municipais e estaduais, acompanha as atualiza\u00e7\u00f5es da previs\u00e3o do tempo e mant\u00e9m equipes prontas para prestar assist\u00eancia \u00e0 popula\u00e7\u00e3o.<\/p>\n\n\n\n<p>A Defesa Civil orienta que a popula\u00e7\u00e3o evite enfrentar o mau tempo, abrigue-se em local seguro, mantenha-se afastada de postes, \u00e1rvores e placas de sinaliza\u00e7\u00e3o e publicit\u00e1rias, n\u00e3o entre em alagamentos, observe altera\u00e7\u00f5es nas encostas e, no caso de necessidade, busque auxilio e abrigo tempor\u00e1rio junto a familiares ou na estrutura disponibilizada pela prefeitura municipal.<\/p>\n\n\n\n<p>Fonte: Jornal Correio do Povo<\/p>\n\n\n\n<p>Curta, compartilhe e inscreva em nosso canal do\u00a0<a href=\"https:\/\/youtube.com\/@tvnativoos\">youtube.com\/@tvnativoos<\/a>, curta nossa p\u00e1gina no facebook, instagram e veja nossa programa\u00e7\u00e3o ao vivo portal\u00a0<a href=\"https:\/\/tvnativoos.com.br\/wfe\/\">www.tvnativoos.com.br<\/a><\/p>\n","protected":false},"excerpt":{"rendered":"<p>Condi\u00e7\u00f5es estar\u00e3o favor\u00e1veis para ocorr\u00eancias de corte de energia, queda de \u00e1rvores e alagamentos A Defesa Civil de Porto Alegre emitiu alerta meteorol\u00f3gico preventivo diante da possibilidade de tempestade (entre 20 e 45 mil\u00edmetros por hora ou at\u00e9 55 mil\u00edmetros por dia), ventos intensos (entre 40 e 70 quil\u00f4metros por hora), descargas el\u00e9tricas e eventual [&hellip;]<\/p>\n","protected":false},"author":3,"featured_media":19686,"comment_status":"closed","ping_status":"open","sticky":false,"template":"","format":"standard","meta":{"footnotes":""},"categories":[8,2718],"tags":[689,2884,65],"class_list":["post-19685","post","type-post","status-publish","format-standard","has-post-thumbnail","hentry","category-noticias","category-primavera-2025","tag-clima","tag-defesacivilrs","tag-tvnativoos"],"cc_featured_image_caption":{"caption_text":"Foto: Alex Rocha \/PMPA","source_text":"","source_url":""},"_links":{"self":[{"href":"https:\/\/tvnativoos.com.br\/wfe\/wp-json\/wp\/v2\/posts\/19685","targetHints":{"allow":["GET"]}}],"collection":[{"href":"https:\/\/tvnativoos.com.br\/wfe\/wp-json\/wp\/v2\/posts"}],"about":[{"href":"https:\/\/tvnativoos.com.br\/wfe\/wp-json\/wp\/v2\/types\/post"}],"author":[{"embeddable":true,"href":"https:\/\/tvnativoos.com.br\/wfe\/wp-json\/wp\/v2\/users\/3"}],"replies":[{"embeddable":true,"href":"https:\/\/tvnativoos.com.br\/wfe\/wp-json\/wp\/v2\/comments?post=19685"}],"version-history":[{"count":1,"href":"https:\/\/tvnativoos.com.br\/wfe\/wp-json\/wp\/v2\/posts\/19685\/revisions"}],"predecessor-version":[{"id":19687,"href":"https:\/\/tvnativoos.com.br\/wfe\/wp-json\/wp\/v2\/posts\/19685\/revisions\/19687"}],"wp:featuredmedia":[{"embeddable":true,"href":"https:\/\/tvnativoos.com.br\/wfe\/wp-json\/wp\/v2\/media\/19686"}],"wp:attachment":[{"href":"https:\/\/tvnativoos.com.br\/wfe\/wp-json\/wp\/v2\/media?parent=19685"}],"wp:term":[{"taxonomy":"category","embeddable":true,"href":"https:\/\/tvnativoos.com.br\/wfe\/wp-json\/wp\/v2\/categories?post=19685"},{"taxonomy":"post_tag","embeddable":true,"href":"https:\/\/tvnativoos.com.br\/wfe\/wp-json\/wp\/v2\/tags?post=19685"}],"curies":[{"name":"wp","href":"https:\/\/api.w.org\/{rel}","templated":true}]}}