{"id":19562,"date":"2024-06-19T17:37:13","date_gmt":"2024-06-19T17:37:13","guid":{"rendered":"https:\/\/tvnativoos.com.br\/wfe\/?p=19562"},"modified":"2024-06-19T17:37:14","modified_gmt":"2024-06-19T17:37:14","slug":"reconstruir-rs-sao-leopoldo-rio-dos-sinos-atinge-450m-e-status-e-de-alerta-segundo-placon","status":"publish","type":"post","link":"https:\/\/tvnativoos.com.br\/wfe\/reconstruir-rs-sao-leopoldo-rio-dos-sinos-atinge-450m-e-status-e-de-alerta-segundo-placon\/","title":{"rendered":"Reconstruir-RS \/ S\u00c3O LEOPOLDO | Rio dos Sinos atinge 4,50m e status \u00e9 de Alerta, segundo Placon"},"content":{"rendered":"\n<p>Chove desde a madrugada desta quarta-feira (19) em S\u00e3o Leopoldo. A Defesa Civil n\u00e3o registrou nenhuma ocorr\u00eancia de remo\u00e7\u00e3o de fam\u00edlias no territ\u00f3rio do munic\u00edpio. O acumulado de chuva at\u00e9 o momento \u00e9 de 35,4mm, segundo o Sistema de Telemetria da Ag\u00eancia Nacional de \u00c1guas (ANA\/CPRM). O mesmo sistema registra 4,50m no n\u00edvel do Rio dos Sinos, \u00e0s 10h15, em eleva\u00e7\u00e3o de 3cm\/h, tendo subido 74cm nas \u00faltimas 24h. Pelo Plano de Conting\u00eancia (Placon), o status \u00e9 de Alerta, acionado quando o n\u00edvel do rio atinge 4,30m. Equipes da Defesa Civil se deslocaram na manh\u00e3 de hoje para alertar as fam\u00edlias da rua da Praia e das Cam\u00e9lias, primeiros locais de atingimento, quando o n\u00edvel chega a 4,50m.<\/p>\n\n\n\n<p>Em Boletim Meteorol\u00f3gico emitido ontem pela Sala de Situa\u00e7\u00e3o da Secretaria Estadual do Meio Ambiente (Sema\/RS), a previs\u00e3o \u00e9 de chuvas pontualmente fortes durante esta quarta. Os acumulados variam de 30 e 50mm\/dia, podendo passar pontualmente dos 80mm\/dia nos munic\u00edpios da Regi\u00e3o Metropolitana de Porto Alegre. Na quinta-feira (20), o fluxo de umidade vindo Norte do pa\u00eds mant\u00e9m as chuvas fracas n\u00e3o passando de 15mm\/dia.<\/p>\n\n\n\n<p>Servi\u00e7os<\/p>\n\n\n\n<p>A Prefeitura de S\u00e3o Leopoldo j\u00e1 realizou de forma emergencial a recomposi\u00e7\u00e3o dos diques no Arroio da Jo\u00e3o Corr\u00eaa (bairro Vicentina) e no bairro Santos Dumont\/Vila Br\u00e1s, com a compacta\u00e7\u00e3o e selagem das estruturas.<\/p>\n\n\n\n<p>As cinco Casas de Bombas est\u00e3o em opera\u00e7\u00e3o, caso se fa\u00e7a necess\u00e1rio o seu acionamento. Por seguran\u00e7a, foram mantidas 4 bombas m\u00f3veis com capacidade de drenagem de 3.300 litros por segundo cada, nos bairros Vicentina e Santos Dumont\/Vila Br\u00e1s (duas em cada bairro).<\/p>\n\n\n\n<p>Seguem instaladas duas bombas m\u00f3veis no Arroio Cerquinha, que drenam juntas at\u00e9 500 litros por segundo, e duas na Campina, que totalizam 2.100 litros por segundo.<\/p>\n\n\n\n<p>For\u00e7a-Tarefa de Limpeza da Cidade<\/p>\n\n\n\n<p>A For\u00e7a-Tarefa de limpeza em S\u00e3o Leopoldo j\u00e1 recolheu mais de 200 mil toneladas de res\u00edduos das ruas. As equipes de limpeza est\u00e3o trabalhando nos 26 setores no qual a cidade foi dividida, para gerenciar da melhor forma o servi\u00e7o de recolhimento atrav\u00e9s dos mil trabalhadores e das mais de 300 m\u00e1quinas. As equipes est\u00e3o priorizando neste momento as regi\u00f5es mais atingidas pela enchente, principalmente as \u00e1reas mais baixas e pontos considerados cr\u00edticos.<\/p>\n\n\n\n<p>Canal de Fiscaliza\u00e7\u00e3o da Semurb<\/p>\n\n\n\n<p>O WhatsApp da fiscaliza\u00e7\u00e3o da Secretaria Municipal de Mobilidade e Servi\u00e7os Urbanos (Semurb) serve como um canal direto para que voc\u00ea possa denunciar atividades que n\u00e3o est\u00e3o de acordo com os servi\u00e7os de limpeza divulgados diariamente. O WhatsApp da fiscaliza\u00e7\u00e3o da Limpeza P\u00fablica (51) 99337-6656 est\u00e1 \u00e0 disposi\u00e7\u00e3o de segunda a sexta, das 8h30 \u00e0s 14h30.<\/p>\n\n\n\n<p>Fique atento aos canais de emerg\u00eancia<\/p>\n\n\n\n<p>Os telefones para contato em caso de emerg\u00eancia s\u00e3o o 193 do Corpo de Bombeiros, o (51) 98924-7852, (51) 99117-8291, (51) 98018-5612 e (51) 3579-0450 da Defesa Civil Municipal, e n\u00famero 153 da Guarda Civil Municipal (GCM), todos durante 24 horas.<\/p>\n\n\n\n<p>Texto: Jornalista Lisandro Lorenzoni \u2013 MTb.12.480<br>Foto: Fabiano Camargo\/Defesa Civil<\/p>\n\n\n\n<p>Superintend\u00eancia de Comunica\u00e7\u00e3o da Prefeitura de S\u00e3o Leopoldo<\/p>\n\n\n\n<p>Curta, compartilhe e inscreva em nosso canal do\u00a0<a href=\"https:\/\/youtube.com\/@tvnativoos\">youtube.com\/@tvnativoos<\/a>, curta nossa p\u00e1gina no facebook, instagram e veja nossa programa\u00e7\u00e3o ao vivo portal\u00a0<a href=\"https:\/\/tvnativoos.com.br\/wfe\/\">www.tvnativoos.com.br<\/a><\/p>\n","protected":false},"excerpt":{"rendered":"<p>Chove desde a madrugada desta quarta-feira (19) em S\u00e3o Leopoldo. A Defesa Civil n\u00e3o registrou nenhuma ocorr\u00eancia de remo\u00e7\u00e3o de fam\u00edlias no territ\u00f3rio do munic\u00edpio. O acumulado de chuva at\u00e9 o momento \u00e9 de 35,4mm, segundo o Sistema de Telemetria da Ag\u00eancia Nacional de \u00c1guas (ANA\/CPRM). O mesmo sistema registra 4,50m no n\u00edvel do Rio [&hellip;]<\/p>\n","protected":false},"author":2,"featured_media":19563,"comment_status":"closed","ping_status":"open","sticky":false,"template":"","format":"standard","meta":{"footnotes":""},"categories":[8,2718],"tags":[735,2285,2810,65],"class_list":["post-19562","post","type-post","status-publish","format-standard","has-post-thumbnail","hentry","category-noticias","category-primavera-2025","tag-chuvas","tag-rio-grande-do-sul","tag-sao-leopoldo-2","tag-tvnativoos"],"cc_featured_image_caption":{"caption_text":"Foto: Fabiano Camargo\/Defesa Civil","source_text":"","source_url":""},"_links":{"self":[{"href":"https:\/\/tvnativoos.com.br\/wfe\/wp-json\/wp\/v2\/posts\/19562","targetHints":{"allow":["GET"]}}],"collection":[{"href":"https:\/\/tvnativoos.com.br\/wfe\/wp-json\/wp\/v2\/posts"}],"about":[{"href":"https:\/\/tvnativoos.com.br\/wfe\/wp-json\/wp\/v2\/types\/post"}],"author":[{"embeddable":true,"href":"https:\/\/tvnativoos.com.br\/wfe\/wp-json\/wp\/v2\/users\/2"}],"replies":[{"embeddable":true,"href":"https:\/\/tvnativoos.com.br\/wfe\/wp-json\/wp\/v2\/comments?post=19562"}],"version-history":[{"count":1,"href":"https:\/\/tvnativoos.com.br\/wfe\/wp-json\/wp\/v2\/posts\/19562\/revisions"}],"predecessor-version":[{"id":19564,"href":"https:\/\/tvnativoos.com.br\/wfe\/wp-json\/wp\/v2\/posts\/19562\/revisions\/19564"}],"wp:featuredmedia":[{"embeddable":true,"href":"https:\/\/tvnativoos.com.br\/wfe\/wp-json\/wp\/v2\/media\/19563"}],"wp:attachment":[{"href":"https:\/\/tvnativoos.com.br\/wfe\/wp-json\/wp\/v2\/media?parent=19562"}],"wp:term":[{"taxonomy":"category","embeddable":true,"href":"https:\/\/tvnativoos.com.br\/wfe\/wp-json\/wp\/v2\/categories?post=19562"},{"taxonomy":"post_tag","embeddable":true,"href":"https:\/\/tvnativoos.com.br\/wfe\/wp-json\/wp\/v2\/tags?post=19562"}],"curies":[{"name":"wp","href":"https:\/\/api.w.org\/{rel}","templated":true}]}}