{"id":19185,"date":"2024-06-09T21:21:55","date_gmt":"2024-06-09T21:21:55","guid":{"rendered":"https:\/\/tvnativoos.com.br\/wfe\/?p=19185"},"modified":"2024-06-09T21:21:56","modified_gmt":"2024-06-09T21:21:56","slug":"concursos-rs-tem-mais-de-200-vagas-em-concursos-publicos-esta-semana","status":"publish","type":"post","link":"https:\/\/tvnativoos.com.br\/wfe\/concursos-rs-tem-mais-de-200-vagas-em-concursos-publicos-esta-semana\/","title":{"rendered":"Concursos &#8211; RS tem mais de 200 vagas em concursos p\u00fablicos esta semana"},"content":{"rendered":"\n<p>Candidatos devem ficar atentos aos prazos para inscri\u00e7\u00e3o<\/p>\n\n\n\n<p>H\u00e1, pelo menos, 220 vagas em concursos p\u00fablicos no Rio Grande do Sul esta semana. O prazo para inscri\u00e7\u00e3o de parte deles termina nesta segunda-feira. As oportunidades est\u00e3o distribu\u00eddas entre prefeituras, universidades e demais institui\u00e7\u00f5es municipais e estaduais.<\/p>\n\n\n\n<p><strong>Universidade Federal do Pampa<\/strong><br>N\u00famero de vagas: 8<br>N\u00edvel: superior<br>Sal\u00e1rio: at\u00e9 R$ 10.481,64<br>Prazo: 10 de junho<br>Cargos: Professor<br>Taxa de inscri\u00e7\u00e3o: R$ 180,00<br>Onde se inscrever: no site&nbsp;<a href=\"https:\/\/guri.unipampa.edu.br\/psa\/processos\" target=\"_blank\" rel=\"noreferrer noopener\">GURI<\/a><\/p>\n\n\n<div class=\"g g-6\"><div class=\"g-dyn a-6 c-1\"><a class=\"gofollow\" data-track=\"Niw2LDYw\" href=\"#\" target=\"_blank\"><img decoding=\"async\" src=\"http:\/\/tvnativoos.com.br\/wfe\/wp-content\/uploads\/2023\/01\/banner-agua-kangen-e1701887476486.jpeg\" \/><\/a><\/div><div class=\"g-dyn a-7 c-2\"><a class=\"gofollow\" data-track=\"Nyw2LDYw\" href=\"https:\/\/inovaimoveis.rs\/\" target=\"_blank\"><img decoding=\"async\" src=\"http:\/\/tvnativoos.com.br\/wfe\/wp-content\/uploads\/2023\/06\/Banner-Inova-300x214-1.jpeg\" \/><\/a><\/div><div class=\"g-dyn a-4 c-3\"><a class=\"gofollow\" data-track=\"NCw2LDYw\" href=\"https:\/\/arquitetalaurabaltar.com.br\/wfe\/\" target=\"_blank\"><img decoding=\"async\" src=\"http:\/\/tvnativoos.com.br\/wfe\/wp-content\/uploads\/2025\/01\/01-1.png\" \/><\/a><\/div><div class=\"g-dyn a-62 c-4\"><a class=\"gofollow\" data-track=\"NjIsNiw2MA==\" href=\": http:\/\/teliga.corsan.com.br\" target=\"_blank\"><img decoding=\"async\" src=\"http:\/\/tvnativoos.com.br\/wfe\/wp-content\/uploads\/2026\/02\/WhatsApp-Image-2026-02-19-at-17.23.17.jpeg\" \/><\/a><\/div><div class=\"g-dyn a-39 c-5\"><a class=\"gofollow\" data-track=\"MzksNiw2MA==\" href=\"https:\/\/tvnativoos.com.br\/wfe\/\" target=\"_blank\"><img decoding=\"async\" src=\"http:\/\/tvnativoos.com.br\/wfe\/wp-content\/uploads\/2024\/05\/WhatsApp-Image-2024-05-17-at-19.58.28.jpeg\" \/><\/a><\/div><div class=\"g-dyn a-58 c-6\"><a class=\"gofollow\" data-track=\"NTgsNiw2MA==\" href=\"https:\/\/transformar.tramandai.rs.gov.br\/\"><img decoding=\"async\" src=\"http:\/\/tvnativoos.com.br\/wfe\/wp-content\/uploads\/2026\/03\/TV-Nativoos-300-x-250-px.png\" \/><\/a><\/div><\/div>\n\n\n<p><strong>Universidade Federal da Fronteira Sul (UFFS)<\/strong><\/p>\n\n\n\n<p>N\u00famero de vagas: 3<\/p>\n\n\n\n<p>N\u00edvel: superior<\/p>\n\n\n\n<p>Sal\u00e1rio: at\u00e9 R$ 3.839,21<\/p>\n\n\n\n<p>Prazo: 10 de junho<\/p>\n\n\n\n<p>Cargos: Professor de Cardiologia (1), Patologia Humana (1) e Pediatria (1).<\/p>\n\n\n\n<p>Onde se inscrever: pelo e-mail coord.acad.pf@uffs.edu.br<\/p>\n\n\n\n<p>Data da prova: 19 de junho<\/p>\n\n\n\n<p><br><strong>Prefeitura de S\u00e3o Martinho<\/strong><br>N\u00famero de vagas: 1<br>N\u00edvel: fundamental e m\u00e9dio<br>Sal\u00e1rio: at\u00e9 R$ 1.483,68<br>Prazo: 10 de junho<br>Cargos: Auxiliar de Ensino, Dom\u00e9stica, Auxiliar de Sa\u00fade Bucal e Gari<\/p>\n\n\n\n<p>Taxa de inscri\u00e7\u00e3o: n\u00e3o informado<br>Onde se inscrever: presencialmente &#8211; Avenida Osvaldo de Souza, n\u00ba 124 &#8211; Centro<br>Data da prova: n\u00e3o informado<br><br><strong>Prefeitura de Campestre da Serra<\/strong><br>N\u00famero de vagas: 6<br>N\u00edvel: n\u00e3o informado<br>Sal\u00e1rio: R$ 1.931,25<br>Prazo: 10 de junho<br>Cargos: Motorista<br>Taxa de inscri\u00e7\u00e3o: gratuita<br>Onde se inscrever: presencialmente &#8211; Rua Aldezir Bardini, 210<br>Data da prova: sele\u00e7\u00e3o por meio de prova de t\u00edtulos, documentos e cursos<\/p>\n\n\n<div class=\"g g-7\"><div class=\"g-dyn a-58 c-1\"><a class=\"gofollow\" data-track=\"NTgsNyw2MA==\" href=\"https:\/\/transformar.tramandai.rs.gov.br\/\"><img decoding=\"async\" src=\"http:\/\/tvnativoos.com.br\/wfe\/wp-content\/uploads\/2026\/03\/TV-Nativoos-300-x-250-px.png\" \/><\/a><\/div><div class=\"g-dyn a-39 c-2\"><a class=\"gofollow\" data-track=\"MzksNyw2MA==\" href=\"https:\/\/tvnativoos.com.br\/wfe\/\" target=\"_blank\"><img decoding=\"async\" src=\"http:\/\/tvnativoos.com.br\/wfe\/wp-content\/uploads\/2024\/05\/WhatsApp-Image-2024-05-17-at-19.58.28.jpeg\" \/><\/a><\/div><div class=\"g-dyn a-7 c-3\"><a class=\"gofollow\" data-track=\"Nyw3LDYw\" href=\"https:\/\/inovaimoveis.rs\/\" target=\"_blank\"><img decoding=\"async\" src=\"http:\/\/tvnativoos.com.br\/wfe\/wp-content\/uploads\/2023\/06\/Banner-Inova-300x214-1.jpeg\" \/><\/a><\/div><div class=\"g-dyn a-4 c-4\"><a class=\"gofollow\" data-track=\"NCw3LDYw\" href=\"https:\/\/arquitetalaurabaltar.com.br\/wfe\/\" target=\"_blank\"><img decoding=\"async\" src=\"http:\/\/tvnativoos.com.br\/wfe\/wp-content\/uploads\/2025\/01\/01-1.png\" \/><\/a><\/div><div class=\"g-dyn a-8 c-5\"><a class=\"gofollow\" data-track=\"OCw3LDYw\" href=\"https:\/\/www.facebook.com\/sonia.conti.7545\" target=\"_blank\"><img decoding=\"async\" src=\"http:\/\/tvnativoos.com.br\/wfe\/wp-content\/uploads\/2023\/06\/BANNERS-350X250-SONIA-CONTI-1-300x214-1.jpg\" \/><\/a><\/div><div class=\"g-dyn a-62 c-6\"><a class=\"gofollow\" data-track=\"NjIsNyw2MA==\" href=\": http:\/\/teliga.corsan.com.br\" target=\"_blank\"><img decoding=\"async\" src=\"http:\/\/tvnativoos.com.br\/wfe\/wp-content\/uploads\/2026\/02\/WhatsApp-Image-2026-02-19-at-17.23.17.jpeg\" \/><\/a><\/div><div class=\"g-dyn a-6 c-7\"><a class=\"gofollow\" data-track=\"Niw3LDYw\" href=\"#\" target=\"_blank\"><img decoding=\"async\" src=\"http:\/\/tvnativoos.com.br\/wfe\/wp-content\/uploads\/2023\/01\/banner-agua-kangen-e1701887476486.jpeg\" \/><\/a><\/div><\/div>\n\n\n<p><strong>Prefeitura de Lindolfo Collor<\/strong><\/p>\n\n\n\n<p>N\u00famero de vagas: 2<\/p>\n\n\n\n<p>N\u00edvel: fundamental, m\u00e9dio, t\u00e9cnico e superior<\/p>\n\n\n\n<p>Sal\u00e1rio: at\u00e9 R$ 8.772,57<\/p>\n\n\n\n<p>Prazo: 1 de julho<\/p>\n\n\n\n<p>Cargos: Agente Administrativo (Cr); Agente de Contrata\u00e7\u00f5es (Cr); Agente de Endemias (Cr); Contador (a) (1); Agente de Controle Interno (1); M\u00e9dico (a) Cl\u00ednico Geral (Cr); M\u00e9dico (a) Ginecologista\/Obstetr\u00edcia (Cr); M\u00e9dico (a) Pediatra (Cr); Monitor Geral (Cr); Motorista (Cr); Odont\u00f3logo (a) (Cr); Operador de M\u00e1quinas (Cr); Oper\u00e1rio (a) (Cr); Secret\u00e1rio (a) de Escola (Cr); Servente Merendeira (Cr); T\u00e9cnico (a) de Enfermagem (Cr).<\/p>\n\n\n\n<p>Taxa de inscri\u00e7\u00e3o: de R$ 42,59 a R$ 141,97<\/p>\n\n\n\n<p>Onde se inscrever:\u00a0<a href=\"http:\/\/www.hcassessoriaadm.com.br\/\" target=\"_blank\" rel=\"noreferrer noopener\">no site<\/a><br><strong>Prefeitura de J\u00f3ia<\/strong><br>N\u00famero de vagas: 7<br>N\u00edvel: m\u00e9dio<br>Sal\u00e1rio: R$ 2.824,00<br>Prazo: 14 de junho<br>Cargos: Agente Comunit\u00e1rio de Sa\u00fade<br>Taxa de inscri\u00e7\u00e3o: gratuita<br>Onde se inscrever: presencialmente &#8211; Rua Dr. Edmar Kruel, n\u00ba 188<br>Data da prova: 19\/06<br><br><strong>Prefeitura de Caxias do Sul<\/strong><br>N\u00famero de vagas: 22<br>N\u00edvel: fundamental, m\u00e9dio, t\u00e9cnico e superior<br>Sal\u00e1rio: at\u00e9 R$ 17.815,67<br>Prazo: 16 de junho<br>Cargos: Guarda Civil Municipal; M\u00e9dico Coloproctologista; M\u00e9dico (Endocrinologista e Metabologista, Gastroenterologista, Ginecologista e Obstetra, Infectologista Pediatra, Neurologista, Neurologista &#8211; Pediatra, Psiquiatra, Psiquiatra da Inf\u00e2ncia e Adolesc\u00eancia, Reumatologista, e Estrat\u00e9gia da Sa\u00fade da Fam\u00edlia); Operador de M\u00e1quinas; T\u00e9cnico em Contabilidade.<br>Taxa de inscri\u00e7\u00e3o: R$ 60,00 para cargos de n\u00edvel fundamental, R$ 90,00 para n\u00edveis m\u00e9dio e t\u00e9cnico e R$ 130,00 para n\u00edvel superior<br>Onde se inscrever: no site\u00a0<a href=\"https:\/\/legalleconcursos.com.br\/editais\/ver\/1e1a99102d95d49fe563f6a5cad62907\">Legalle Concursos<\/a><br>Data da prova: 14\/07<br><br><strong>Prefeitura de Tuparendi<\/strong><br>N\u00famero de vagas: 60<br>N\u00edvel: m\u00e9dio<br>Sal\u00e1rio: R$ 2.342,90<br>Prazo: 19 de junho<br>Cargos: Professor<br>Taxa de inscri\u00e7\u00e3o: R$ 156,00<br>Onde se inscrever: no site\u00a0<a href=\"https:\/\/www.fundatec.org.br\/portal\/concursos\/index_concursos.php?concurso=910\" target=\"_blank\" rel=\"noreferrer noopener\">Fundatec<\/a><br>Data da prova: 21\/07\/2024<br><br><strong>Conselho Regional de Biologia<\/strong><br>N\u00famero de vagas: 7<br>N\u00edvel: n\u00edvel m\u00e9dio, t\u00e9cnico e superior<br>Sal\u00e1rio: at\u00e9 R$ 7.925,00<br>Prazo: 20 de junho<br>Cargos: Advogado; Analista de Cobran\u00e7a; Analista de Compras, Licita\u00e7\u00f5es e Contratos; Analista de Recursos Humanos; Auxiliar Administrativo; Fiscal Bi\u00f3logo; T\u00e9cnico Cont\u00e1bil, T\u00e9cnico em Inform\u00e1tica<br>Taxa de inscri\u00e7\u00e3o: n\u00e3o informado<br>Onde se inscrever:no site\u00a0<a href=\"https:\/\/www.legalleconcursos.com.br\/\" target=\"_blank\" rel=\"noreferrer noopener\">Legalle Concursos<\/a><br>Data da prova: 04\/08<br><br><strong>Prefeitura de Doutor Maur\u00edcio Cardoso<\/strong><br>N\u00famero de vagas: 1<br>N\u00edvel: fundamental, m\u00e9dio e superior<br>Sal\u00e1rio: at\u00e9 R$ 3.579,35<br>Prazo: 23 de junho<br>Cargos: Auxiliar de Sa\u00fade Bucal; Fonoaudi\u00f3logo; Monitor de Programas Sociais; Monitor de Turma Escolar; Oper\u00e1rio Especializado; Psic\u00f3logo; Servi\u00e7os Gerais.<br>Taxa de inscri\u00e7\u00e3o: R$ 50,00 para cargos de n\u00edvel fundamental, R$ 90,00 para n\u00edvel m\u00e9dio e R$ 120,00 para n\u00edvel superior<br>Onde se inscrever: n\u00e3o informado &#8211; informa\u00e7\u00f5es devem ser divulgadas por meio do edital de convoca\u00e7\u00e3o, no dia 05 de julho<br>Data da prova: 14\/07<br><br><strong>Prefeitura de Nova Petr\u00f3polis<\/strong><br>N\u00famero de vagas: 13<br>N\u00edvel: fundamental, m\u00e9dio, e superior<br>Sal\u00e1rio: at\u00e9 R$ 5.111,45<br>Prazo: 26 de junho<br>Cargos: Agente Comunit\u00e1rio de Sa\u00fade &#8211; ESF &#8211; Vale do Ca\u00ed; Bi\u00f3logo; Educador F\u00edsico; Monitor de Transporte Escolar; Motorista; Auxiliar de Desenvolvimento Infantil; Operador de M\u00e1quinas; Oper\u00e1rio.<br>Taxa de inscri\u00e7\u00e3o: R$ 66,42 para cargos de n\u00edvel fundamental, R$ 132,84 para n\u00edvel m\u00e9dio e R$ 188,19 n\u00edvel superior<br>Onde se inscrever: no site\u00a0<a href=\"https:\/\/legalleconcursos.com.br\/editais\/ver\/399b2d2e96d05d2178f7e8919f6da841\">Legalle Concursos<\/a><br>Data da prova: 27\/07<\/p>\n\n\n\n<p><strong>CRF-RS<\/strong><\/p>\n\n\n\n<p>N\u00famero de vagas: 7<\/p>\n\n\n\n<p>N\u00edvel: fundamental, m\u00e9dio, t\u00e9cnico e superior<\/p>\n\n\n\n<p>Sal\u00e1rio: at\u00e9 R$ 7.564,03<\/p>\n\n\n\n<p>Prazo: 30 de junho<\/p>\n\n\n\n<p>Cargos: Advogado (Cr), Assistente de Recursos Humanos (Cr), Contador (1), Comunicador Social\/Designer Gr\u00e1fico (Cr), Farmac\u00eautico (1), Jornalista (Cr), Programador (2), T\u00e9cnico de Inform\u00e1tica (Cr), Agente Administrativo (2), Agente de Teleatendimento (Cr) e Copeira (Cr).<\/p>\n\n\n\n<p>Taxa de inscri\u00e7\u00e3o: de R$ 50 a R$ 100<\/p>\n\n\n\n<p>Onde se inscrever:&nbsp;<a href=\"http:\/\/www.fundatec.org.br\/\" target=\"_blank\" rel=\"noreferrer noopener\">no site<\/a><\/p>\n\n\n\n<p><strong>Bento Gon\u00e7alves<\/strong><\/p>\n\n\n\n<p>N\u00famero de vagas: 33<\/p>\n\n\n\n<p>N\u00edvel: fundamental, m\u00e9dio, t\u00e9cnico e superior<\/p>\n\n\n\n<p>Sal\u00e1rio: at\u00e9 R$ 5.226,12<\/p>\n\n\n\n<p>Prazo: 3 de julho<\/p>\n\n\n\n<p>Cargos: Auxiliar de Servi\u00e7os de Obras (1), Calceteiro (1), Carpinteiro (1), Encanador (1), Higienizador (1), Merendeira (1), Motorista (Cr), Operador de M\u00e1quina (Cr), Pedreiro (1), Pintor (1), Servente (1), Assessor Administrativo (Cr), Auxiliar de Educa\u00e7\u00e3o Infantil (1), Auxiliar de Farm\u00e1cia Cr), Auxiliar de Laborat\u00f3rio (1), Auxiliar de Odontologia (1), Auxiliar de Servi\u00e7os Tur\u00edsticos (1), Cuidador (1),Educador Social (1), T\u00e9cnico em Arquivo (1), T\u00e9cnico em Contabilidade (1), T\u00e9cnico em Enfermagem (1), T\u00e9cnico em Inform\u00e1tica (1), T\u00e9cnico Tribut\u00e1rio (Cr), Educador Infantil (Cr), M\u00e9dico Anestesista (Cr), M\u00e9dico Angiologista (1), M\u00e9dico Cardiologista (Cr), M\u00e9dico Cirurgia Geral (Cr), M\u00e9dico Cl\u00ednica M\u00e9dica (1), M\u00e9dico Dermatologista (Cr), M\u00e9dico do Trabalho (1), M\u00e9dico Endocrinologista (1), M\u00e9dico Gastroenterologista (Cr), M\u00e9dico Geral Comunit\u00e1rio (1), M\u00e9dico Ginecologista\/Obstetra (1), M\u00e9dico Infectologista (1), M\u00e9dico Neurologista (1), M\u00e9dico Oftalmologista (1), M\u00e9dico Ortopedista Traumatologista (1), M\u00e9dico Otorrinolaringologista (1), M\u00e9dico Pediatra (1), M\u00e9dico Pneumologista (1), M\u00e9dico Psiquiatra (1), M\u00e9dico Radiologista (Cr), M\u00e9dico Urologista (Cr), Pedagogo Orientador (Cr), Pedagogo Supervisor (Cr), Professor \u00c1rea I &#8211; Professor Anos Iniciais do Ensino Fundamental (Cr), Professor \u00c1rea II &#8211; Professor Ingl\u00eas (Cr), Professor \u00c1rea II &#8211; Professor Portugu\u00eas (Cr), Professor \u00c1rea II &#8211; Professor Educa\u00e7\u00e3o F\u00edsica (Cr)<\/p>\n\n\n\n<p>Taxa de inscri\u00e7\u00e3o: de R$ 50 a R$ 140<\/p>\n\n\n\n<p>Onde se inscrever:&nbsp;<a href=\"http:\/\/www.fundacaolasalle.org.br\/concursos\" target=\"_blank\" rel=\"noreferrer noopener\">no site<\/a><\/p>\n\n\n\n<p><strong>C\u00e2mara de Tavares<\/strong><\/p>\n\n\n\n<p>N\u00famero de vagas: 52<\/p>\n\n\n\n<p>N\u00edvel: m\u00e9dio, t\u00e9cnico e superior<\/p>\n\n\n\n<p>Sal\u00e1rio: at\u00e9 R$ 7.635,54<\/p>\n\n\n\n<p>Prazo: 8 de julho<\/p>\n\n\n\n<p>Cargos: Advogado (1), Agente de Combate \u00e0s Endemias (Cr), Assistente Administrativo (10), Assistente Social (2), Auditor da Receita Municipal (2), Auditor de Controle Interno (1), Auxiliar de Sa\u00fade Bucal (Cr), Contador (1), Enfermeiro (4), Farmac\u00eautico (1), Fiscal (1), Fisioterapeuta (2), Fonoaudi\u00f3logo (1), M\u00e9dico (4), M\u00e9dico Veterin\u00e1rio (Cr), Monitor de Escola (5), Nutricionista (1), Odont\u00f3logo (1), Professor de Artes (Cr), Professor de Ci\u00eancias (Cr), Professor de Educa\u00e7\u00e3o F\u00edsica (Cr), Professor de Educa\u00e7\u00e3o Infantil (3), Professor de Ensino Fundamental (1), Professor de Espanhol (Cr), Professor de Geografia (Cr), Professor de Hist\u00f3ria (Cr), Professor de Ingl\u00eas (1), Professor de Matem\u00e1tica (Cr), Professor de Portugu\u00eas (1), Psic\u00f3logo (2), T\u00e9cnico em Enfermagem (5), T\u00e9cnico em Inform\u00e1tica (1), Vigilante Sanit\u00e1rio (Cr).<\/p>\n\n\n\n<p>Taxa de inscri\u00e7\u00e3o: de R$ 90 a R$ 130<\/p>\n\n\n\n<p>Onde se inscrever:\u00a0<a href=\"http:\/\/www.legalleconcursos.com.br\/\" target=\"_blank\" rel=\"noreferrer noopener\">no site<\/a><\/p>\n\n\n\n<p>Data da prova: 18 de agosto<\/p>\n\n\n\n<p>Fonte: Jornal Correio do Povo<\/p>\n\n\n\n<p>Curta, compartilhe e inscreva em nosso canal do\u00a0<a href=\"https:\/\/youtube.com\/@tvnativoos\">youtube.com\/@tvnativoos<\/a>, curta nossa p\u00e1gina no facebook, instagram e veja nossa programa\u00e7\u00e3o ao vivo portal www.tvnativoos.com.br<\/p>\n","protected":false},"excerpt":{"rendered":"<p>Candidatos devem ficar atentos aos prazos para inscri\u00e7\u00e3o H\u00e1, pelo menos, 220 vagas em concursos p\u00fablicos no Rio Grande do Sul esta semana. O prazo para inscri\u00e7\u00e3o de parte deles termina nesta segunda-feira. As oportunidades est\u00e3o distribu\u00eddas entre prefeituras, universidades e demais institui\u00e7\u00f5es municipais e estaduais. Universidade Federal do PampaN\u00famero de vagas: 8N\u00edvel: superiorSal\u00e1rio: at\u00e9 [&hellip;]<\/p>\n","protected":false},"author":3,"featured_media":4638,"comment_status":"closed","ping_status":"open","sticky":false,"template":"","format":"standard","meta":{"footnotes":""},"categories":[8],"tags":[662,65],"class_list":["post-19185","post","type-post","status-publish","format-standard","has-post-thumbnail","hentry","category-noticias","tag-concursos","tag-tvnativoos"],"cc_featured_image_caption":{"caption_text":"","source_text":"","source_url":""},"_links":{"self":[{"href":"https:\/\/tvnativoos.com.br\/wfe\/wp-json\/wp\/v2\/posts\/19185","targetHints":{"allow":["GET"]}}],"collection":[{"href":"https:\/\/tvnativoos.com.br\/wfe\/wp-json\/wp\/v2\/posts"}],"about":[{"href":"https:\/\/tvnativoos.com.br\/wfe\/wp-json\/wp\/v2\/types\/post"}],"author":[{"embeddable":true,"href":"https:\/\/tvnativoos.com.br\/wfe\/wp-json\/wp\/v2\/users\/3"}],"replies":[{"embeddable":true,"href":"https:\/\/tvnativoos.com.br\/wfe\/wp-json\/wp\/v2\/comments?post=19185"}],"version-history":[{"count":1,"href":"https:\/\/tvnativoos.com.br\/wfe\/wp-json\/wp\/v2\/posts\/19185\/revisions"}],"predecessor-version":[{"id":19186,"href":"https:\/\/tvnativoos.com.br\/wfe\/wp-json\/wp\/v2\/posts\/19185\/revisions\/19186"}],"wp:featuredmedia":[{"embeddable":true,"href":"https:\/\/tvnativoos.com.br\/wfe\/wp-json\/wp\/v2\/media\/4638"}],"wp:attachment":[{"href":"https:\/\/tvnativoos.com.br\/wfe\/wp-json\/wp\/v2\/media?parent=19185"}],"wp:term":[{"taxonomy":"category","embeddable":true,"href":"https:\/\/tvnativoos.com.br\/wfe\/wp-json\/wp\/v2\/categories?post=19185"},{"taxonomy":"post_tag","embeddable":true,"href":"https:\/\/tvnativoos.com.br\/wfe\/wp-json\/wp\/v2\/tags?post=19185"}],"curies":[{"name":"wp","href":"https:\/\/api.w.org\/{rel}","templated":true}]}}