{"id":1913,"date":"2022-11-07T14:41:19","date_gmt":"2022-11-07T14:41:19","guid":{"rendered":"https:\/\/tvnativoos.com.br\/wfe\/?p=1913"},"modified":"2022-11-07T14:41:20","modified_gmt":"2022-11-07T14:41:20","slug":"imbe-artista-imbeense-e-capa-de-playlist-da-maior-plataforma-digital-do-mundo","status":"publish","type":"post","link":"https:\/\/tvnativoos.com.br\/wfe\/imbe-artista-imbeense-e-capa-de-playlist-da-maior-plataforma-digital-do-mundo\/","title":{"rendered":"Imb\u00e9- Artista Imbeense \u00e9 capa de playlist da maior plataforma digital do mundo"},"content":{"rendered":"\n<p>PRINSH acaba de alcan\u00e7ar um feito in\u00e9dito para os artistas da regi\u00e3o sul do pa\u00eds ao ser capa de uma playlist da maior plataforma digital do mundo, o Spotify.<\/p>\n\n\n\n<!--more-->\n\n\n\n<p>Atualmente as plataformas digitais medem o n\u00edvel de popularidade dos artistas e ter sua foto estampada em uma das principais playlists do Spotify, \u00e9 a confirma\u00e7\u00e3o de que todo o trabalho que vem sendo realizado pelo artista imbeense est\u00e1 sendo reconhecido pelo p\u00fablico a n\u00edvel mundial.<\/p>\n\n\n\n<p>Ele j\u00e1 ultrapassou a marca dos 22 milh\u00f5es de plays em suas plataformas digitais. Com lan\u00e7amentos em grandes gravadoras pelo mundo, PRINSH destaca seus principais lan\u00e7amentos de 2022 realizados pelas maiores gravadoras da Holanda, Alemanha e Estados Unidos.<\/p>\n\n\n\n<p>Seu \u00faltimo lan\u00e7amento foi feito em parceria com o produtor Franc\u00eas Ari Lui. Outro grande lan\u00e7amento de 2022 foi em parceria com a cantora norte-americana, Lanx e a m\u00fasica j\u00e1 conta com grandes suportes nacionais e internacionais.<\/p>\n\n\n\n<p>PRINSH, j\u00e1 est\u00e1 de malas prontas para mais uma turn\u00ea internacional. Atualmente ele est\u00e1 em est\u00fadio finalizando as m\u00fasicas para seu \u00e1lbum que ser\u00e1 lan\u00e7ado em 2023. Ainda este ano, ele lan\u00e7ar\u00e1 uma nova m\u00fasica em parceria com a cantora Luka, do hit &#8220;T\u00f4 nem a\u00ed\u201d e em 2023, o artista far\u00e1 grandes parcerias musicais com \u00edcones do sertanejo e do pop-funk tamb\u00e9m.<\/p>\n\n\n\n<p>Para ficar por dentro dos lan\u00e7amentos e apresenta\u00e7\u00f5es do artista, sigam-no nas redes sociais e nas plataformas digitais.<\/p>\n\n\n\n<p>Fonte: Assessoria de comunica\u00e7\u00e3o prefeitura &#8211; Thaynara da Rosa<\/p>\n\n\n\n<p><\/p>\n","protected":false},"excerpt":{"rendered":"<p>PRINSH acaba de alcan\u00e7ar um feito in\u00e9dito para os artistas da regi\u00e3o sul do pa\u00eds ao ser capa de uma playlist da maior plataforma digital do mundo, o Spotify.<\/p>\n","protected":false},"author":3,"featured_media":1914,"comment_status":"closed","ping_status":"open","sticky":false,"template":"","format":"standard","meta":{"footnotes":""},"categories":[8],"tags":[213,24,511,65],"class_list":["post-1913","post","type-post","status-publish","format-standard","has-post-thumbnail","hentry","category-noticias","tag-cultura","tag-imbe","tag-prinsh","tag-tvnativoos"],"cc_featured_image_caption":{"caption_text":"","source_text":"","source_url":""},"_links":{"self":[{"href":"https:\/\/tvnativoos.com.br\/wfe\/wp-json\/wp\/v2\/posts\/1913","targetHints":{"allow":["GET"]}}],"collection":[{"href":"https:\/\/tvnativoos.com.br\/wfe\/wp-json\/wp\/v2\/posts"}],"about":[{"href":"https:\/\/tvnativoos.com.br\/wfe\/wp-json\/wp\/v2\/types\/post"}],"author":[{"embeddable":true,"href":"https:\/\/tvnativoos.com.br\/wfe\/wp-json\/wp\/v2\/users\/3"}],"replies":[{"embeddable":true,"href":"https:\/\/tvnativoos.com.br\/wfe\/wp-json\/wp\/v2\/comments?post=1913"}],"version-history":[{"count":1,"href":"https:\/\/tvnativoos.com.br\/wfe\/wp-json\/wp\/v2\/posts\/1913\/revisions"}],"predecessor-version":[{"id":1915,"href":"https:\/\/tvnativoos.com.br\/wfe\/wp-json\/wp\/v2\/posts\/1913\/revisions\/1915"}],"wp:featuredmedia":[{"embeddable":true,"href":"https:\/\/tvnativoos.com.br\/wfe\/wp-json\/wp\/v2\/media\/1914"}],"wp:attachment":[{"href":"https:\/\/tvnativoos.com.br\/wfe\/wp-json\/wp\/v2\/media?parent=1913"}],"wp:term":[{"taxonomy":"category","embeddable":true,"href":"https:\/\/tvnativoos.com.br\/wfe\/wp-json\/wp\/v2\/categories?post=1913"},{"taxonomy":"post_tag","embeddable":true,"href":"https:\/\/tvnativoos.com.br\/wfe\/wp-json\/wp\/v2\/tags?post=1913"}],"curies":[{"name":"wp","href":"https:\/\/api.w.org\/{rel}","templated":true}]}}