{"id":1910,"date":"2022-11-07T14:36:45","date_gmt":"2022-11-07T14:36:45","guid":{"rendered":"https:\/\/tvnativoos.com.br\/wfe\/?p=1910"},"modified":"2022-11-07T14:36:46","modified_gmt":"2022-11-07T14:36:46","slug":"equipe-da-escola-da-uri-mostra-aspectos-culturais-brasileiros-no-forum-pierre-de-coubertin","status":"publish","type":"post","link":"https:\/\/tvnativoos.com.br\/wfe\/equipe-da-escola-da-uri-mostra-aspectos-culturais-brasileiros-no-forum-pierre-de-coubertin\/","title":{"rendered":"Equipe da Escola da URI mostra aspectos culturais brasileiros no F\u00f3rum Pierre de Coubertin\u00a0"},"content":{"rendered":"\n<p>Os estudantes Yasmin Beutler e Francisco Kozak, da Escola de Educa\u00e7\u00e3o B\u00e1sica da URI, participaram de diversas atividades na sexta, 04, e s\u00e1bado, 05, em Pullach, Alemanha, onde est\u00e1 acontecendo o 13\u00ba F\u00f3rum Internacional Pierre de Coubertin.\u00a0<\/p>\n\n\n\n<!--more-->\n\n\n\n<p>Todos os participantes realizaram provas de conhecimentos relacionados aos jogos ol\u00edmpicos de ver\u00e3o e inverno, s\u00edmbolos Ol\u00edmpicos, hist\u00f3ria de Pierre de Coubertin e provas esportivas onde deveriam atingir um \u00edndice m\u00ednimo (arremesso de peso, corrida com obst\u00e1culos, corrida cross-country e salto triplo estacion\u00e1rio).<\/p>\n\n\n\n<p>Duas noites culturais importantes do evento foram o Workshop, onde os alunos conheceram diversos materiais, alimentos e roupas t\u00edpicas dos pa\u00edses participantes, e a da dan\u00e7a tradicional, onde os brasileiros apresentaram os estilos musicais como samba, forr\u00f3, gauchesca, eletr\u00f4nica, funk e sertanejo.<\/p>\n\n\n\n<p>Na cerim\u00f4nia de encerramento do workshop, Yasmim apresentou can\u00e7\u00f5es, juntamente com seus amigos do f\u00f3rum, e realizou uma leitura sobre o encorajamento dos jovens por meio do esporte e como instig\u00e1-los a participar mais.<\/p>\n\n\n\n<p>Francisco fez parte da elabora\u00e7\u00e3o do banner do f\u00f3rum, uma atividade que vem sendo realizada desde o primeiro f\u00f3rum, e que cada pa\u00eds deixa sua marca de criatividade e cultura.\u00a0<\/p>\n\n\n\n<p>O professor Bruno Faleiro, que acompanha os alunos, participou de reuni\u00f5es de docentes, na parte de m\u00eddia do evento, organiza\u00e7\u00e3o das atividades esportivas e realizou uma sess\u00e3o de exerc\u00edcios matinais que os alunos faziam todas as manh\u00e3s.<\/p>\n\n\n\n<p>O professor Bruno Faleiro, que acompanha os alunos, participou de reuni\u00f5es de docentes, na parte de m\u00eddia do evento, organiza\u00e7\u00e3o das atividades esportivas e realizou uma sess\u00e3o de exerc\u00edcios matinais que os alunos faziam todas as manh\u00e3s.<\/p>\n\n\n\n<p>Os tr\u00eas representantes da Escola, tamb\u00e9m os \u00fanicos da Am\u00e9rica Latina presentes no encontro, ressaltam que estas atividades promovem experi\u00eancias culturais que ir\u00e3o guardar para o resto de suas vidas e ir\u00e3o trazer uma bagagem cultural diferenciada do evento<\/p>\n\n\n\n<p>Fonte: Assessoria de comunica\u00e7\u00e3o URI<\/p>\n","protected":false},"excerpt":{"rendered":"<p>Os estudantes Yasmin Beutler e Francisco Kozak, da Escola de Educa\u00e7\u00e3o B\u00e1sica da URI, participaram de diversas atividades na sexta, 04, e s\u00e1bado, 05, em Pullach, Alemanha, onde est\u00e1 acontecendo o 13\u00ba F\u00f3rum Internacional Pierre de Coubertin.\u00a0<\/p>\n","protected":false},"author":3,"featured_media":1911,"comment_status":"closed","ping_status":"open","sticky":false,"template":"","format":"standard","meta":{"footnotes":""},"categories":[8],"tags":[213,26,110,65],"class_list":["post-1910","post","type-post","status-publish","format-standard","has-post-thumbnail","hentry","category-noticias","tag-cultura","tag-educacao","tag-escola","tag-tvnativoos"],"cc_featured_image_caption":{"caption_text":"","source_text":"","source_url":""},"_links":{"self":[{"href":"https:\/\/tvnativoos.com.br\/wfe\/wp-json\/wp\/v2\/posts\/1910","targetHints":{"allow":["GET"]}}],"collection":[{"href":"https:\/\/tvnativoos.com.br\/wfe\/wp-json\/wp\/v2\/posts"}],"about":[{"href":"https:\/\/tvnativoos.com.br\/wfe\/wp-json\/wp\/v2\/types\/post"}],"author":[{"embeddable":true,"href":"https:\/\/tvnativoos.com.br\/wfe\/wp-json\/wp\/v2\/users\/3"}],"replies":[{"embeddable":true,"href":"https:\/\/tvnativoos.com.br\/wfe\/wp-json\/wp\/v2\/comments?post=1910"}],"version-history":[{"count":1,"href":"https:\/\/tvnativoos.com.br\/wfe\/wp-json\/wp\/v2\/posts\/1910\/revisions"}],"predecessor-version":[{"id":1912,"href":"https:\/\/tvnativoos.com.br\/wfe\/wp-json\/wp\/v2\/posts\/1910\/revisions\/1912"}],"wp:featuredmedia":[{"embeddable":true,"href":"https:\/\/tvnativoos.com.br\/wfe\/wp-json\/wp\/v2\/media\/1911"}],"wp:attachment":[{"href":"https:\/\/tvnativoos.com.br\/wfe\/wp-json\/wp\/v2\/media?parent=1910"}],"wp:term":[{"taxonomy":"category","embeddable":true,"href":"https:\/\/tvnativoos.com.br\/wfe\/wp-json\/wp\/v2\/categories?post=1910"},{"taxonomy":"post_tag","embeddable":true,"href":"https:\/\/tvnativoos.com.br\/wfe\/wp-json\/wp\/v2\/tags?post=1910"}],"curies":[{"name":"wp","href":"https:\/\/api.w.org\/{rel}","templated":true}]}}