{"id":18289,"date":"2024-05-15T17:06:29","date_gmt":"2024-05-15T17:06:29","guid":{"rendered":"https:\/\/tvnativoos.com.br\/wfe\/?p=18289"},"modified":"2024-05-15T17:06:30","modified_gmt":"2024-05-15T17:06:30","slug":"santa-rosa-prefeitura-recebe-cobertores-da-alibem","status":"publish","type":"post","link":"https:\/\/tvnativoos.com.br\/wfe\/santa-rosa-prefeitura-recebe-cobertores-da-alibem\/","title":{"rendered":"Santa Rosa &#8211; Prefeitura recebe cobertores da Alibem"},"content":{"rendered":"\n<p>Os primeiros dias frios j\u00e1 come\u00e7aram a aparecer. Para atender fam\u00edlias de Santa Rosa e contribuir com a Campanha do Agasalho do munic\u00edpio, a empresa Alibem fez a doa\u00e7\u00e3o de cobertores para a Prefeitura. Foram entregues para a Secretaria de Desenvolvimento Social, 40 cobertores. A institui\u00e7\u00e3o tamb\u00e9m anunciou que em breve ir\u00e1 destinar toalhas de banho para serem doadas atrav\u00e9s do Bazar Solid\u00e1rio.<\/p>\n\n\n\n<p>O Conselheiro da Alibem Alimentos, Juscelino Gon\u00e7alves, destacou que a empresa busca auxiliar a popula\u00e7\u00e3o atrav\u00e9s das doa\u00e7\u00f5es realizadas, \u201cN\u00f3s desejamos que esses cobertores ajudem a aquecer quem mais precisa, nesse inverno que est\u00e1 chegando\u201d. Desde 2004, a empresa faz donativos para a comunidade. Na oportunidade, o prefeito Anderson Mantei agradeceu a Alibem que sempre tem colaborado com o munic\u00edpio, \u201cNosso agradecimento por esse gesto generoso e solid\u00e1rio, nesse per\u00edodo em que tantas pessoas necessitam de ajuda e de doa\u00e7\u00f5es\u201d.<\/p>\n\n\n\n<p>Participaram tamb\u00e9m da entrega, o Trainee de Opera\u00e7\u00f5es da Alibem, Jardel Gon\u00e7alves, o vice-prefeito Aldemir Ulrich e a Secret\u00e1ria de Desenvolvimento Social, Taisa Boelter.<\/p>\n\n\n\n<p>Fonte: Assessoria de Comunica\u00e7\u00e3o<\/p>\n\n\n\n<p>Curta, compartilhe e inscreva em nosso canal do youtube.com\/@tvnativoos, curta nossa p\u00e1gina no facebook, instagram e veja nossa programa\u00e7\u00e3o ao vivo portal www.tvnativoos.com.br<\/p>\n","protected":false},"excerpt":{"rendered":"<p>Os primeiros dias frios j\u00e1 come\u00e7aram a aparecer. Para atender fam\u00edlias de Santa Rosa e contribuir com a Campanha do Agasalho do munic\u00edpio, a empresa Alibem fez a doa\u00e7\u00e3o de cobertores para a Prefeitura. Foram entregues para a Secretaria de Desenvolvimento Social, 40 cobertores. A institui\u00e7\u00e3o tamb\u00e9m anunciou que em breve ir\u00e1 destinar toalhas de [&hellip;]<\/p>\n","protected":false},"author":3,"featured_media":18290,"comment_status":"closed","ping_status":"open","sticky":false,"template":"","format":"standard","meta":{"footnotes":""},"categories":[8],"tags":[1559,1567,179,308,65],"class_list":["post-18289","post","type-post","status-publish","format-standard","has-post-thumbnail","hentry","category-noticias","tag-doacao-3","tag-inverno","tag-prefeitura","tag-santarosa","tag-tvnativoos"],"cc_featured_image_caption":{"caption_text":"","source_text":"","source_url":""},"_links":{"self":[{"href":"https:\/\/tvnativoos.com.br\/wfe\/wp-json\/wp\/v2\/posts\/18289","targetHints":{"allow":["GET"]}}],"collection":[{"href":"https:\/\/tvnativoos.com.br\/wfe\/wp-json\/wp\/v2\/posts"}],"about":[{"href":"https:\/\/tvnativoos.com.br\/wfe\/wp-json\/wp\/v2\/types\/post"}],"author":[{"embeddable":true,"href":"https:\/\/tvnativoos.com.br\/wfe\/wp-json\/wp\/v2\/users\/3"}],"replies":[{"embeddable":true,"href":"https:\/\/tvnativoos.com.br\/wfe\/wp-json\/wp\/v2\/comments?post=18289"}],"version-history":[{"count":1,"href":"https:\/\/tvnativoos.com.br\/wfe\/wp-json\/wp\/v2\/posts\/18289\/revisions"}],"predecessor-version":[{"id":18291,"href":"https:\/\/tvnativoos.com.br\/wfe\/wp-json\/wp\/v2\/posts\/18289\/revisions\/18291"}],"wp:featuredmedia":[{"embeddable":true,"href":"https:\/\/tvnativoos.com.br\/wfe\/wp-json\/wp\/v2\/media\/18290"}],"wp:attachment":[{"href":"https:\/\/tvnativoos.com.br\/wfe\/wp-json\/wp\/v2\/media?parent=18289"}],"wp:term":[{"taxonomy":"category","embeddable":true,"href":"https:\/\/tvnativoos.com.br\/wfe\/wp-json\/wp\/v2\/categories?post=18289"},{"taxonomy":"post_tag","embeddable":true,"href":"https:\/\/tvnativoos.com.br\/wfe\/wp-json\/wp\/v2\/tags?post=18289"}],"curies":[{"name":"wp","href":"https:\/\/api.w.org\/{rel}","templated":true}]}}