{"id":18033,"date":"2024-05-06T23:02:34","date_gmt":"2024-05-06T23:02:34","guid":{"rendered":"https:\/\/tvnativoos.com.br\/wfe\/?p=18033"},"modified":"2024-05-06T23:02:35","modified_gmt":"2024-05-06T23:02:35","slug":"clima-procergs-decide-desligar-o-data-center","status":"publish","type":"post","link":"https:\/\/tvnativoos.com.br\/wfe\/clima-procergs-decide-desligar-o-data-center\/","title":{"rendered":"Clima &#8211; Procergs decide desligar o Data Center"},"content":{"rendered":"\n<p>Objetivo \u00e9 preservar a infraestrutura instalada e permitir o retorno dos servi\u00e7os de forma mais tranquilo, ap\u00f3s o final da crise.<\/p>\n\n\n\n<p>Informamos a todos que, apesar de todos os esfor\u00e7os empreendidosao longo dos \u00faltimos dias, e de todas as diversas a\u00e7\u00f5es tomadas no sentido de preservar o Data Center da Procergs e do Estado, nas \u00faltimas horas a enchente em Porto Alegre tomou propor\u00e7\u00f5es in\u00e9ditas e a \u00e1gua entrou no pr\u00e9dio da Companhia, em um volume que a empresa n\u00e3o consegue contornar.<\/p>\n\n\n\n<p>Nesse sentido, com o intuito de preservar a infraestrutura instalada, e de ter condi\u00e7\u00f5es de retomar nossas atividades no menor intervalo de tempoposs\u00edvel, a equipe respons\u00e1vel pela gest\u00e3o da crise tomou a decis\u00e3o consciente de desligar o Data Center, retirando temporariamente a maioria dos nossos servi\u00e7os do ar. <\/p>\n\n\n\n<p>Nesse sentido, com o intuito de preservar a infraestrutura instalada, e de ter condi\u00e7\u00f5es de retomar nossas atividades no menor intervalo de tempoposs\u00edvel, a equipe respons\u00e1vel pela gest\u00e3o da crise tomou a decis\u00e3o consciente de desligar o Data Center, retirando temporariamente a maioria dos nossos servi\u00e7os do ar.<br>Esse procedimento de desligamento total ocorrer\u00e1 em at\u00e9 4h a partir deste momento.<\/p>\n\n\n\n<p>A quase totalidade de nossos servi\u00e7os estar\u00e1 indispon\u00edvel at\u00e9 que seja vi\u00e1vel retomar a normalidade.<br>Esperamos firmemente poder retomar nossas atividades com a maior brevidade poss\u00edvel. Assim que tivermos clareza de quando isso ocorrer\u00e1, todos ser\u00e3o avisados.<\/p>\n\n\n\n<p>Curta, compartilhe e inscreva em nosso canal do\u00a0<a href=\"https:\/\/youtube.com\/@tvnativoos\">youtube.com\/@tvnativoos<\/a>, curta nossa p\u00e1gina no facebook, instagram e veja nossa programa\u00e7\u00e3o ao vivo portal www.tvnativoos.com.br<\/p>\n","protected":false},"excerpt":{"rendered":"<p>Objetivo \u00e9 preservar a infraestrutura instalada e permitir o retorno dos servi\u00e7os de forma mais tranquilo, ap\u00f3s o final da crise. Informamos a todos que, apesar de todos os esfor\u00e7os empreendidosao longo dos \u00faltimos dias, e de todas as diversas a\u00e7\u00f5es tomadas no sentido de preservar o Data Center da Procergs e do Estado, nas [&hellip;]<\/p>\n","protected":false},"author":3,"featured_media":0,"comment_status":"closed","ping_status":"open","sticky":false,"template":"","format":"standard","meta":{"footnotes":""},"categories":[8],"tags":[],"class_list":["post-18033","post","type-post","status-publish","format-standard","hentry","category-noticias"],"cc_featured_image_caption":{"caption_text":"","source_text":"","source_url":""},"_links":{"self":[{"href":"https:\/\/tvnativoos.com.br\/wfe\/wp-json\/wp\/v2\/posts\/18033","targetHints":{"allow":["GET"]}}],"collection":[{"href":"https:\/\/tvnativoos.com.br\/wfe\/wp-json\/wp\/v2\/posts"}],"about":[{"href":"https:\/\/tvnativoos.com.br\/wfe\/wp-json\/wp\/v2\/types\/post"}],"author":[{"embeddable":true,"href":"https:\/\/tvnativoos.com.br\/wfe\/wp-json\/wp\/v2\/users\/3"}],"replies":[{"embeddable":true,"href":"https:\/\/tvnativoos.com.br\/wfe\/wp-json\/wp\/v2\/comments?post=18033"}],"version-history":[{"count":1,"href":"https:\/\/tvnativoos.com.br\/wfe\/wp-json\/wp\/v2\/posts\/18033\/revisions"}],"predecessor-version":[{"id":18034,"href":"https:\/\/tvnativoos.com.br\/wfe\/wp-json\/wp\/v2\/posts\/18033\/revisions\/18034"}],"wp:attachment":[{"href":"https:\/\/tvnativoos.com.br\/wfe\/wp-json\/wp\/v2\/media?parent=18033"}],"wp:term":[{"taxonomy":"category","embeddable":true,"href":"https:\/\/tvnativoos.com.br\/wfe\/wp-json\/wp\/v2\/categories?post=18033"},{"taxonomy":"post_tag","embeddable":true,"href":"https:\/\/tvnativoos.com.br\/wfe\/wp-json\/wp\/v2\/tags?post=18033"}],"curies":[{"name":"wp","href":"https:\/\/api.w.org\/{rel}","templated":true}]}}