{"id":18025,"date":"2024-05-06T22:18:24","date_gmt":"2024-05-06T22:18:24","guid":{"rendered":"https:\/\/tvnativoos.com.br\/wfe\/?p=18025"},"modified":"2024-05-06T22:20:27","modified_gmt":"2024-05-06T22:20:27","slug":"trabalho-de-reestabelecer-o-funcionamento-das-brs-vai-ultrapassar-a-casa-de-r-1-bi-afirma-ministro-renan-filho","status":"publish","type":"post","link":"https:\/\/tvnativoos.com.br\/wfe\/trabalho-de-reestabelecer-o-funcionamento-das-brs-vai-ultrapassar-a-casa-de-r-1-bi-afirma-ministro-renan-filho\/","title":{"rendered":"&#8220;Trabalho de reestabelecer o funcionamento das BRs vai ultrapassar a casa de R$ 1 bi\u201d, afirma ministro Renan Filho"},"content":{"rendered":"\n<p>Governo Federal deve assinar medida provis\u00f3ria para libera\u00e7\u00e3o de cr\u00e9dito extraordin\u00e1rio<\/p>\n\n\n\n<p>O ministro dos Transportes, Renan Filho, informou, nesta segunda-feira, que a reconstru\u00e7\u00e3o dos trechos das rodovias federais destru\u00eddos pelas fortes chuvas que assolaram o Rio Grande do Sul nos \u00faltimos dias dever\u00e1 custar mais de R$ 1 bilh\u00e3o.<\/p>\n\n\n\n<p>De acordo com Renan Filho, o presidente Luiz In\u00e1cio Lula da Silva vai editar uma medida provis\u00f3ria concedendo um cr\u00e9dito or\u00e7ament\u00e1rio extraordin\u00e1rio para destinar recursos financeiros federais ao custeio das despesas resultantes da cat\u00e1strofe clim\u00e1tica.<\/p>\n\n\n\n<p>&#8220;O trabalho do minist\u00e9rio de restabelecer o funcionamento das BRs e de suas respectivas constru\u00e7\u00f5es vai, provavelmente, ultrapassar a casa de R$ 1 bi\u201d, disse o ministro, durante reuni\u00e3o entre deputados federais e estaduais ga\u00fachos com membros da equipe do governo federal, na manh\u00e3 desta segunda-feira na Assembleia Legislativa.<\/p>\n\n\n\n<p>O ministro tamb\u00e9m afirmou que esta ser\u00e1 a primeira vez que o Minist\u00e9rio dos Transportes necessitar\u00e1 de recursos emergenciais da Uni\u00e3o arcar com despesas n\u00e3o previstas no or\u00e7amento da pasta. \u201cMesmo tendo um volume de investimentos consider\u00e1vel para o estado, n\u00e3o ser\u00edamos capazes de tocar todas as obras j\u00e1 em andamento e restabelecer o funcionamento das rodovias federais\u201d, destacou Renan Filho, que garantiu que alguns trechos bloqueados de rodovias como a BR-386 e a BR-290 dever\u00e3o come\u00e7ar a ser liberados a partir dos dias 10 ou 12, facilitando o resgate de pessoas e o abastecimento de cidades.<\/p>\n\n\n\n<p>Fonte: Jornal Correio do Povo<\/p>\n\n\n\n<p>Curta, compartilhe e inscreva em nosso canal do\u00a0<a href=\"https:\/\/youtube.com\/@tvnativoos\">youtube.com\/@tvnativoos<\/a>, curta nossa p\u00e1gina no facebook, instagram e veja nossa programa\u00e7\u00e3o ao vivo portal www.tvnativoos.com.br<\/p>\n","protected":false},"excerpt":{"rendered":"<p>Governo Federal deve assinar medida provis\u00f3ria para libera\u00e7\u00e3o de cr\u00e9dito extraordin\u00e1rio O ministro dos Transportes, Renan Filho, informou, nesta segunda-feira, que a reconstru\u00e7\u00e3o dos trechos das rodovias federais destru\u00eddos pelas fortes chuvas que assolaram o Rio Grande do Sul nos \u00faltimos dias dever\u00e1 custar mais de R$ 1 bilh\u00e3o. De acordo com Renan Filho, o [&hellip;]<\/p>\n","protected":false},"author":3,"featured_media":17817,"comment_status":"closed","ping_status":"open","sticky":false,"template":"","format":"standard","meta":{"footnotes":""},"categories":[8],"tags":[2664,1932,182,2285,65],"class_list":["post-18025","post","type-post","status-publish","format-standard","has-post-thumbnail","hentry","category-noticias","tag-brs","tag-cheias","tag-obras","tag-rio-grande-do-sul","tag-tvnativoos"],"cc_featured_image_caption":{"caption_text":"BR 386 Lajeado\/Estrela","source_text":"","source_url":""},"_links":{"self":[{"href":"https:\/\/tvnativoos.com.br\/wfe\/wp-json\/wp\/v2\/posts\/18025","targetHints":{"allow":["GET"]}}],"collection":[{"href":"https:\/\/tvnativoos.com.br\/wfe\/wp-json\/wp\/v2\/posts"}],"about":[{"href":"https:\/\/tvnativoos.com.br\/wfe\/wp-json\/wp\/v2\/types\/post"}],"author":[{"embeddable":true,"href":"https:\/\/tvnativoos.com.br\/wfe\/wp-json\/wp\/v2\/users\/3"}],"replies":[{"embeddable":true,"href":"https:\/\/tvnativoos.com.br\/wfe\/wp-json\/wp\/v2\/comments?post=18025"}],"version-history":[{"count":1,"href":"https:\/\/tvnativoos.com.br\/wfe\/wp-json\/wp\/v2\/posts\/18025\/revisions"}],"predecessor-version":[{"id":18026,"href":"https:\/\/tvnativoos.com.br\/wfe\/wp-json\/wp\/v2\/posts\/18025\/revisions\/18026"}],"wp:featuredmedia":[{"embeddable":true,"href":"https:\/\/tvnativoos.com.br\/wfe\/wp-json\/wp\/v2\/media\/17817"}],"wp:attachment":[{"href":"https:\/\/tvnativoos.com.br\/wfe\/wp-json\/wp\/v2\/media?parent=18025"}],"wp:term":[{"taxonomy":"category","embeddable":true,"href":"https:\/\/tvnativoos.com.br\/wfe\/wp-json\/wp\/v2\/categories?post=18025"},{"taxonomy":"post_tag","embeddable":true,"href":"https:\/\/tvnativoos.com.br\/wfe\/wp-json\/wp\/v2\/tags?post=18025"}],"curies":[{"name":"wp","href":"https:\/\/api.w.org\/{rel}","templated":true}]}}