{"id":17950,"date":"2024-05-05T10:53:06","date_gmt":"2024-05-05T10:53:06","guid":{"rendered":"https:\/\/tvnativoos.com.br\/wfe\/?p=17950"},"modified":"2024-05-05T10:53:06","modified_gmt":"2024-05-05T10:53:06","slug":"nativoos-esportes-gramado-da-arena-do-gremio-e-invadido-pelas-enchentes-em-porto-alegre","status":"publish","type":"post","link":"https:\/\/tvnativoos.com.br\/wfe\/nativoos-esportes-gramado-da-arena-do-gremio-e-invadido-pelas-enchentes-em-porto-alegre\/","title":{"rendered":"Nativoos Esportes &#8211; Gramado da Arena do Gr\u00eamio \u00e9 invadido pelas enchentes em Porto Alegre"},"content":{"rendered":"\n<p>Cerca de 300 pessoas continuam recebendo assist\u00eancia dentro do est\u00e1dio<\/p>\n\n\n\n<p>O gramado da Arena do\u00a0<strong>Gr\u00eamio<\/strong>, que fica no bairro Humait\u00e1, \u00e9 mais um local invadido pelas\u00a0<strong>enchentes hist\u00f3ricas<\/strong>\u00a0em Porto Alegre. Na tarde deste s\u00e1bado, pessoas que est\u00e3o sendo abrigadas no est\u00e1dio tiraram fotos para mostrar estado do gramado.<\/p>\n\n\n\n<p>De acordo com nota divulgada pela Arena Porto-Alegrense, 500 moradores da comunidade afetada pelas inunda\u00e7\u00f5es foram abrigados no est\u00e1dio. Destes, 200 j\u00e1 foram realocados para abrigos oficiais, enquanto cerca de 300 pessoas continuam recebendo assist\u00eancia dentro da Arena.<\/p>\n\n\n\n<p>O complexo est\u00e1 sem energia e \u00e1gua. Por essa raz\u00e3o, os desabrigados presentes no local est\u00e3o sendo encaminhados para os abrigos municipais, que oferecem infraestrutura adequada.<\/p>\n\n\n\n<p>Fonte: Jornal Correio do Povo<\/p>\n\n\n\n<p>Curta, compartilhe e inscreva em nosso canal do\u00a0<a href=\"https:\/\/youtube.com\/@tvnativoos\">youtube.com\/@tvnativoos<\/a>, curta nossa p\u00e1gina no facebook, instagram e veja nossa programa\u00e7\u00e3o ao vivo portal www.tvnativoos.com.br<\/p>\n","protected":false},"excerpt":{"rendered":"<p>Cerca de 300 pessoas continuam recebendo assist\u00eancia dentro do est\u00e1dio O gramado da Arena do\u00a0Gr\u00eamio, que fica no bairro Humait\u00e1, \u00e9 mais um local invadido pelas\u00a0enchentes hist\u00f3ricas\u00a0em Porto Alegre. Na tarde deste s\u00e1bado, pessoas que est\u00e3o sendo abrigadas no est\u00e1dio tiraram fotos para mostrar estado do gramado. De acordo com nota divulgada pela Arena Porto-Alegrense, [&hellip;]<\/p>\n","protected":false},"author":3,"featured_media":17951,"comment_status":"closed","ping_status":"open","sticky":false,"template":"","format":"standard","meta":{"footnotes":""},"categories":[8],"tags":[1932,689,223,65],"class_list":["post-17950","post","type-post","status-publish","format-standard","has-post-thumbnail","hentry","category-noticias","tag-cheias","tag-clima","tag-esporte","tag-tvnativoos"],"cc_featured_image_caption":{"caption_text":"Gramado da Arena do Gr\u00eamio est\u00e1 tomado pelas \u00e1guas do Gua\u00edba | Foto: Reprodu\u00e7\u00e3o \/ Redes Sociais \/ TV Nativoos","source_text":"","source_url":""},"_links":{"self":[{"href":"https:\/\/tvnativoos.com.br\/wfe\/wp-json\/wp\/v2\/posts\/17950","targetHints":{"allow":["GET"]}}],"collection":[{"href":"https:\/\/tvnativoos.com.br\/wfe\/wp-json\/wp\/v2\/posts"}],"about":[{"href":"https:\/\/tvnativoos.com.br\/wfe\/wp-json\/wp\/v2\/types\/post"}],"author":[{"embeddable":true,"href":"https:\/\/tvnativoos.com.br\/wfe\/wp-json\/wp\/v2\/users\/3"}],"replies":[{"embeddable":true,"href":"https:\/\/tvnativoos.com.br\/wfe\/wp-json\/wp\/v2\/comments?post=17950"}],"version-history":[{"count":1,"href":"https:\/\/tvnativoos.com.br\/wfe\/wp-json\/wp\/v2\/posts\/17950\/revisions"}],"predecessor-version":[{"id":17952,"href":"https:\/\/tvnativoos.com.br\/wfe\/wp-json\/wp\/v2\/posts\/17950\/revisions\/17952"}],"wp:featuredmedia":[{"embeddable":true,"href":"https:\/\/tvnativoos.com.br\/wfe\/wp-json\/wp\/v2\/media\/17951"}],"wp:attachment":[{"href":"https:\/\/tvnativoos.com.br\/wfe\/wp-json\/wp\/v2\/media?parent=17950"}],"wp:term":[{"taxonomy":"category","embeddable":true,"href":"https:\/\/tvnativoos.com.br\/wfe\/wp-json\/wp\/v2\/categories?post=17950"},{"taxonomy":"post_tag","embeddable":true,"href":"https:\/\/tvnativoos.com.br\/wfe\/wp-json\/wp\/v2\/tags?post=17950"}],"curies":[{"name":"wp","href":"https:\/\/api.w.org\/{rel}","templated":true}]}}