{"id":17819,"date":"2024-05-03T16:46:26","date_gmt":"2024-05-03T16:46:26","guid":{"rendered":"https:\/\/tvnativoos.com.br\/wfe\/?p=17819"},"modified":"2024-05-03T17:03:27","modified_gmt":"2024-05-03T17:03:27","slug":"clima-porto-alegre-a-cada-minuto-o-desastre-so-aumenta-portao-14-rompe-na-zona-norte","status":"publish","type":"post","link":"https:\/\/tvnativoos.com.br\/wfe\/clima-porto-alegre-a-cada-minuto-o-desastre-so-aumenta-portao-14-rompe-na-zona-norte\/","title":{"rendered":"Clima &#8211; Porto Alegre, a cada minuto o desastre s\u00f3 aumenta, Port\u00e3o 14 rompe na zona Norte"},"content":{"rendered":"\n<p>Comunicado foi feito durante coletiva do prefeito Sebasti\u00e3o Melo<\/p>\n\n\n\n<p>O port\u00e3o de n\u00famero 14, localizado na zona Norte de\u00a0<strong>Porto Alegre<\/strong>, foi rompido pela for\u00e7a das \u00e1guas do Gua\u00edba. A informa\u00e7\u00e3o foi comunicada durante a entrevista coletiva do prefeito Sebasti\u00e3o Melo. A comporta fica debaixo da avenida Sert\u00f3rio.<\/p>\n\n\n\n<figure class=\"wp-block-embed is-type-video is-provider-youtube wp-block-embed-youtube wp-embed-aspect-16-9 wp-has-aspect-ratio\"><div class=\"wp-block-embed__wrapper\">\n<iframe loading=\"lazy\" title=\"Porto Alegre, a cada minuto o desastre s\u00f3 aumenta, Port\u00e3o 14 rompe na Zona Norte.\" width=\"640\" height=\"360\" src=\"https:\/\/www.youtube.com\/embed\/d2pmsGpgJ9I?feature=oembed\" frameborder=\"0\" allow=\"accelerometer; autoplay; clipboard-write; encrypted-media; gyroscope; picture-in-picture; web-share\" referrerpolicy=\"strict-origin-when-cross-origin\" allowfullscreen><\/iframe>\n<\/div><\/figure>\n\n\n\n<p>Segundo informa\u00e7\u00f5es da prefeitura, a comporta abre caminho para a Volunt\u00e1rios da P\u00e1tria, perto do DC Navegantes, regi\u00e3o que j\u00e1 estava inundada. &#8220;Aquele n\u00e3o \u00e9 um dos maiores port\u00f5es que temos. Ali \u00e9 uma regi\u00e3o plana e pode avan\u00e7ar Sert\u00f3rio adentro. N\u00e3o podemos prever o quanto a \u00e1gua pode avan\u00e7ar&#8221;, relatou Melo.<\/p>\n\n\n<div class=\"g g-6\"><div class=\"g-dyn a-4 c-1\"><a class=\"gofollow\" data-track=\"NCw2LDYw\" href=\"https:\/\/arquitetalaurabaltar.com.br\/wfe\/\" target=\"_blank\"><img decoding=\"async\" src=\"http:\/\/tvnativoos.com.br\/wfe\/wp-content\/uploads\/2025\/01\/01-1.png\" \/><\/a><\/div><div class=\"g-dyn a-7 c-2\"><a class=\"gofollow\" data-track=\"Nyw2LDYw\" href=\"https:\/\/inovaimoveis.rs\/\" target=\"_blank\"><img decoding=\"async\" src=\"http:\/\/tvnativoos.com.br\/wfe\/wp-content\/uploads\/2023\/06\/Banner-Inova-300x214-1.jpeg\" \/><\/a><\/div><div class=\"g-dyn a-62 c-3\"><a class=\"gofollow\" data-track=\"NjIsNiw2MA==\" href=\": http:\/\/teliga.corsan.com.br\" target=\"_blank\"><img decoding=\"async\" src=\"http:\/\/tvnativoos.com.br\/wfe\/wp-content\/uploads\/2026\/02\/WhatsApp-Image-2026-02-19-at-17.23.17.jpeg\" \/><\/a><\/div><div class=\"g-dyn a-58 c-4\"><a class=\"gofollow\" data-track=\"NTgsNiw2MA==\" href=\"https:\/\/transformar.tramandai.rs.gov.br\/\"><img decoding=\"async\" src=\"http:\/\/tvnativoos.com.br\/wfe\/wp-content\/uploads\/2026\/03\/TV-Nativoos-300-x-250-px.png\" \/><\/a><\/div><div class=\"g-dyn a-39 c-5\"><a class=\"gofollow\" data-track=\"MzksNiw2MA==\" href=\"https:\/\/tvnativoos.com.br\/wfe\/\" target=\"_blank\"><img decoding=\"async\" src=\"http:\/\/tvnativoos.com.br\/wfe\/wp-content\/uploads\/2024\/05\/WhatsApp-Image-2024-05-17-at-19.58.28.jpeg\" \/><\/a><\/div><div class=\"g-dyn a-6 c-6\"><a class=\"gofollow\" data-track=\"Niw2LDYw\" href=\"#\" target=\"_blank\"><img decoding=\"async\" src=\"http:\/\/tvnativoos.com.br\/wfe\/wp-content\/uploads\/2023\/01\/banner-agua-kangen-e1701887476486.jpeg\" \/><\/a><\/div><\/div>\n\n\n<p>Esta \u00e9 a segunda comporta vencida pela \u00e1gua nesta sexta-feira. Mais cedo, houve o\u00a0<strong>transbordamento do port\u00e3o de n\u00famero 3<\/strong>, o que precipitou a inunda\u00e7\u00e3o da avenida Mau\u00e1 e em seguida de outras \u00e1reas do Centro de Porto Alegre.<\/p>\n\n\n<div class=\"g g-6\"><div class=\"g-dyn a-7 c-1\"><a class=\"gofollow\" data-track=\"Nyw2LDYw\" href=\"https:\/\/inovaimoveis.rs\/\" target=\"_blank\"><img decoding=\"async\" src=\"http:\/\/tvnativoos.com.br\/wfe\/wp-content\/uploads\/2023\/06\/Banner-Inova-300x214-1.jpeg\" \/><\/a><\/div><div class=\"g-dyn a-62 c-2\"><a class=\"gofollow\" data-track=\"NjIsNiw2MA==\" href=\": http:\/\/teliga.corsan.com.br\" target=\"_blank\"><img decoding=\"async\" src=\"http:\/\/tvnativoos.com.br\/wfe\/wp-content\/uploads\/2026\/02\/WhatsApp-Image-2026-02-19-at-17.23.17.jpeg\" \/><\/a><\/div><div class=\"g-dyn a-6 c-3\"><a class=\"gofollow\" data-track=\"Niw2LDYw\" href=\"#\" target=\"_blank\"><img decoding=\"async\" src=\"http:\/\/tvnativoos.com.br\/wfe\/wp-content\/uploads\/2023\/01\/banner-agua-kangen-e1701887476486.jpeg\" \/><\/a><\/div><div class=\"g-dyn a-4 c-4\"><a class=\"gofollow\" data-track=\"NCw2LDYw\" href=\"https:\/\/arquitetalaurabaltar.com.br\/wfe\/\" target=\"_blank\"><img decoding=\"async\" src=\"http:\/\/tvnativoos.com.br\/wfe\/wp-content\/uploads\/2025\/01\/01-1.png\" \/><\/a><\/div><div class=\"g-dyn a-39 c-5\"><a class=\"gofollow\" data-track=\"MzksNiw2MA==\" href=\"https:\/\/tvnativoos.com.br\/wfe\/\" target=\"_blank\"><img decoding=\"async\" src=\"http:\/\/tvnativoos.com.br\/wfe\/wp-content\/uploads\/2024\/05\/WhatsApp-Image-2024-05-17-at-19.58.28.jpeg\" \/><\/a><\/div><div class=\"g-dyn a-58 c-6\"><a class=\"gofollow\" data-track=\"NTgsNiw2MA==\" href=\"https:\/\/transformar.tramandai.rs.gov.br\/\"><img decoding=\"async\" src=\"http:\/\/tvnativoos.com.br\/wfe\/wp-content\/uploads\/2026\/03\/TV-Nativoos-300-x-250-px.png\" \/><\/a><\/div><\/div>\n\n\n<p>A inunda\u00e7\u00e3o de parte da cidade come\u00e7ou ainda na noite dessa quinta-feira, quando trechos da Orla do Gua\u00edba j\u00e1 estavam com presen\u00e7a excessiva de \u00e1gua.<\/p>\n\n\n\n<p>Durante a madrugada foi\u00a0<strong>a vez da Esta\u00e7\u00e3o Rodovi\u00e1ria<\/strong>, que teve o primeiro piso tomado pela \u00e1gua, tornando inacess\u00edvel algumas lojas e at\u00e9 mesmo a pra\u00e7a de alimenta\u00e7\u00e3o.<\/p>\n\n\n\n<figure class=\"wp-block-image size-full\"><img loading=\"lazy\" decoding=\"async\" width=\"800\" height=\"450\" src=\"http:\/\/tvnativoos.com.br\/wfe\/wp-content\/uploads\/2024\/05\/645d702cd1403c0a6efbad5e7a05e3a1adb6d9c621ec7214f0c4eae3.jpg\" alt=\"\" class=\"wp-image-17777\" srcset=\"https:\/\/tvnativoos.com.br\/wfe\/wp-content\/uploads\/2024\/05\/645d702cd1403c0a6efbad5e7a05e3a1adb6d9c621ec7214f0c4eae3.jpg 800w, https:\/\/tvnativoos.com.br\/wfe\/wp-content\/uploads\/2024\/05\/645d702cd1403c0a6efbad5e7a05e3a1adb6d9c621ec7214f0c4eae3-300x169.jpg 300w, https:\/\/tvnativoos.com.br\/wfe\/wp-content\/uploads\/2024\/05\/645d702cd1403c0a6efbad5e7a05e3a1adb6d9c621ec7214f0c4eae3-768x432.jpg 768w\" sizes=\"auto, (max-width: 800px) 100vw, 800px\" \/><figcaption class=\"wp-element-caption\">Foto: Jonathas Costa \/ Especial \/  CP\/TV Nativoos<br><\/figcaption><\/figure>\n\n\n\n<p>Horas depois, com o transbordamento do port\u00e3o 3, os locais que ficam pr\u00f3ximos da avenida Mau\u00e1 come\u00e7aram a ser inundados. O cen\u00e1rio fez com que o\u00a0<strong>Mercado P\u00fablico fosse fechado<\/strong>, obrigando comerciantes a deixar as lojas muito antes do hor\u00e1rio de encerramento do expediente.<\/p>\n\n\n\n<figure class=\"wp-block-image size-full\"><img loading=\"lazy\" decoding=\"async\" width=\"759\" height=\"506\" src=\"http:\/\/tvnativoos.com.br\/wfe\/wp-content\/uploads\/2024\/05\/WhatsApp-Image-2024-05-03-at-10-31-34.webp\" alt=\"\" class=\"wp-image-17821\" srcset=\"https:\/\/tvnativoos.com.br\/wfe\/wp-content\/uploads\/2024\/05\/WhatsApp-Image-2024-05-03-at-10-31-34.webp 759w, https:\/\/tvnativoos.com.br\/wfe\/wp-content\/uploads\/2024\/05\/WhatsApp-Image-2024-05-03-at-10-31-34-300x200.webp 300w\" sizes=\"auto, (max-width: 759px) 100vw, 759px\" \/><figcaption class=\"wp-element-caption\">Mercado P\u00fablico foi fechado por conta da inunda\u00e7\u00e3o\u00a0| Foto: Mauren Xavier \/ Especial \/ CP\/TV Nativoos<\/figcaption><\/figure>\n\n\n\n<p>Outra consequ\u00eancia importante foi a mudan\u00e7a da rotina da regi\u00e3o Central. Sempre movimentada diariamente, a \u00e1rea come\u00e7ou a se esvaziar, com moradores deixando as pr\u00f3prias casas para buscar abrigo na casa de familiares. O com\u00e9rcio de rua tamb\u00e9m parou, assim como o tr\u00e1fego de carros, que ficou limitado a \u00e1reas livres da \u00e1gua.<\/p>\n\n\n\n<p>Fonte: Jornal Correio do Povo<\/p>\n\n\n\n<p>Curta, compartilhe e inscreva em nosso canal do\u00a0<a href=\"https:\/\/youtube.com\/@tvnativoos\">youtube.com\/@tvnativoos<\/a>, curta nossa p\u00e1gina no facebook, instagram e veja nossa programa\u00e7\u00e3o ao vivo portal www.tvnativoos.com.br<\/p>\n","protected":false},"excerpt":{"rendered":"<p>Comunicado foi feito durante coletiva do prefeito Sebasti\u00e3o Melo O port\u00e3o de n\u00famero 14, localizado na zona Norte de\u00a0Porto Alegre, foi rompido pela for\u00e7a das \u00e1guas do Gua\u00edba. A informa\u00e7\u00e3o foi comunicada durante a entrevista coletiva do prefeito Sebasti\u00e3o Melo. A comporta fica debaixo da avenida Sert\u00f3rio. Segundo informa\u00e7\u00f5es da prefeitura, a comporta abre caminho [&hellip;]<\/p>\n","protected":false},"author":3,"featured_media":17822,"comment_status":"closed","ping_status":"open","sticky":false,"template":"","format":"standard","meta":{"footnotes":""},"categories":[8],"tags":[2640,735,689,89,65],"class_list":["post-17819","post","type-post","status-publish","format-standard","has-post-thumbnail","hentry","category-noticias","tag-centro-historico","tag-chuvas","tag-clima","tag-porto-alegre","tag-tvnativoos"],"cc_featured_image_caption":{"caption_text":"Prefeitura informa rompimento de port\u00e3o na zona Norte de Porto Alegre | Foto: Lucas Keske \/ Especial \/ CP\/Reprodu\u00e7\u00e3o TV Nativoos","source_text":"","source_url":""},"_links":{"self":[{"href":"https:\/\/tvnativoos.com.br\/wfe\/wp-json\/wp\/v2\/posts\/17819","targetHints":{"allow":["GET"]}}],"collection":[{"href":"https:\/\/tvnativoos.com.br\/wfe\/wp-json\/wp\/v2\/posts"}],"about":[{"href":"https:\/\/tvnativoos.com.br\/wfe\/wp-json\/wp\/v2\/types\/post"}],"author":[{"embeddable":true,"href":"https:\/\/tvnativoos.com.br\/wfe\/wp-json\/wp\/v2\/users\/3"}],"replies":[{"embeddable":true,"href":"https:\/\/tvnativoos.com.br\/wfe\/wp-json\/wp\/v2\/comments?post=17819"}],"version-history":[{"count":2,"href":"https:\/\/tvnativoos.com.br\/wfe\/wp-json\/wp\/v2\/posts\/17819\/revisions"}],"predecessor-version":[{"id":17825,"href":"https:\/\/tvnativoos.com.br\/wfe\/wp-json\/wp\/v2\/posts\/17819\/revisions\/17825"}],"wp:featuredmedia":[{"embeddable":true,"href":"https:\/\/tvnativoos.com.br\/wfe\/wp-json\/wp\/v2\/media\/17822"}],"wp:attachment":[{"href":"https:\/\/tvnativoos.com.br\/wfe\/wp-json\/wp\/v2\/media?parent=17819"}],"wp:term":[{"taxonomy":"category","embeddable":true,"href":"https:\/\/tvnativoos.com.br\/wfe\/wp-json\/wp\/v2\/categories?post=17819"},{"taxonomy":"post_tag","embeddable":true,"href":"https:\/\/tvnativoos.com.br\/wfe\/wp-json\/wp\/v2\/tags?post=17819"}],"curies":[{"name":"wp","href":"https:\/\/api.w.org\/{rel}","templated":true}]}}