{"id":17785,"date":"2024-05-03T12:40:59","date_gmt":"2024-05-03T12:40:59","guid":{"rendered":"https:\/\/tvnativoos.com.br\/wfe\/?p=17785"},"modified":"2024-05-03T12:41:04","modified_gmt":"2024-05-03T12:41:04","slug":"clima-centro-historico-de-porto-alegre-comeca-ser-alagado-pelas-cheias-do-guaiba","status":"publish","type":"post","link":"https:\/\/tvnativoos.com.br\/wfe\/clima-centro-historico-de-porto-alegre-comeca-ser-alagado-pelas-cheias-do-guaiba\/","title":{"rendered":"Clima &#8211; Centro Hist\u00f3rico de Porto Alegre come\u00e7a ser alagado pelas cheias do Gua\u00edba"},"content":{"rendered":"\n<p>N\u00edvel do Gua\u00edba atinge 4,50 metros e aguas invadem ruas e rodovi\u00e1ria de Porto Alegre.<\/p>\n\n\n\n<figure class=\"wp-block-embed is-type-video is-provider-youtube wp-block-embed-youtube wp-embed-aspect-16-9 wp-has-aspect-ratio\"><div class=\"wp-block-embed__wrapper\">\n<iframe loading=\"lazy\" title=\"\u00c1gua invade o Centro Hist\u00f3rico de Porto Alegre\" width=\"640\" height=\"360\" src=\"https:\/\/www.youtube.com\/embed\/DKBGoXV5KVE?feature=oembed\" frameborder=\"0\" allow=\"accelerometer; autoplay; clipboard-write; encrypted-media; gyroscope; picture-in-picture; web-share\" referrerpolicy=\"strict-origin-when-cross-origin\" allowfullscreen><\/iframe>\n<\/div><\/figure>\n\n\n\n<p>Orienta\u00e7\u00e3o \u00e9 evitar se deslocar para a Capital, em raz\u00e3o dos alagamentos. Prefeitura decretou estado de calamidade p\u00fablica.<\/p>\n\n\n\n<p>O n\u00edvel do Gua\u00edba, em\u00a0Porto Alegre, chegou a\u00a0<strong>4,50 metros<\/strong>\u00a0na manh\u00e3 desta sexta-feira (3) e segue em eleva\u00e7\u00e3o ap\u00f3s os\u00a0temporais que atingem o Rio Grande do Sul\u00a0desde a \u00faltima semana.\u00a0\u00c9 a maior marca desde a enchente hist\u00f3rica de 1941, quando patamar chegou a 4,76 m.\u00a0A cota de inunda\u00e7\u00e3o \u00e9 de\u00a0<strong>3 metros\u00a0<\/strong>na regi\u00e3o do Cais Mau\u00e1.<\/p>\n\n\n<div class=\"g g-7\"><div class=\"g-dyn a-62 c-1\"><a class=\"gofollow\" data-track=\"NjIsNyw2MA==\" href=\": http:\/\/teliga.corsan.com.br\" target=\"_blank\"><img decoding=\"async\" src=\"http:\/\/tvnativoos.com.br\/wfe\/wp-content\/uploads\/2026\/02\/WhatsApp-Image-2026-02-19-at-17.23.17.jpeg\" \/><\/a><\/div><div class=\"g-dyn a-8 c-2\"><a class=\"gofollow\" data-track=\"OCw3LDYw\" href=\"https:\/\/www.facebook.com\/sonia.conti.7545\" target=\"_blank\"><img decoding=\"async\" src=\"http:\/\/tvnativoos.com.br\/wfe\/wp-content\/uploads\/2023\/06\/BANNERS-350X250-SONIA-CONTI-1-300x214-1.jpg\" \/><\/a><\/div><div class=\"g-dyn a-58 c-3\"><a class=\"gofollow\" data-track=\"NTgsNyw2MA==\" href=\"https:\/\/transformar.tramandai.rs.gov.br\/\"><img decoding=\"async\" src=\"http:\/\/tvnativoos.com.br\/wfe\/wp-content\/uploads\/2026\/03\/TV-Nativoos-300-x-250-px.png\" \/><\/a><\/div><div class=\"g-dyn a-4 c-4\"><a class=\"gofollow\" data-track=\"NCw3LDYw\" href=\"https:\/\/arquitetalaurabaltar.com.br\/wfe\/\" target=\"_blank\"><img decoding=\"async\" src=\"http:\/\/tvnativoos.com.br\/wfe\/wp-content\/uploads\/2025\/01\/01-1.png\" \/><\/a><\/div><div class=\"g-dyn a-39 c-5\"><a class=\"gofollow\" data-track=\"MzksNyw2MA==\" href=\"https:\/\/tvnativoos.com.br\/wfe\/\" target=\"_blank\"><img decoding=\"async\" src=\"http:\/\/tvnativoos.com.br\/wfe\/wp-content\/uploads\/2024\/05\/WhatsApp-Image-2024-05-17-at-19.58.28.jpeg\" \/><\/a><\/div><div class=\"g-dyn a-6 c-6\"><a class=\"gofollow\" data-track=\"Niw3LDYw\" href=\"#\" target=\"_blank\"><img decoding=\"async\" src=\"http:\/\/tvnativoos.com.br\/wfe\/wp-content\/uploads\/2023\/01\/banner-agua-kangen-e1701887476486.jpeg\" \/><\/a><\/div><div class=\"g-dyn a-7 c-7\"><a class=\"gofollow\" data-track=\"Nyw3LDYw\" href=\"https:\/\/inovaimoveis.rs\/\" target=\"_blank\"><img decoding=\"async\" src=\"http:\/\/tvnativoos.com.br\/wfe\/wp-content\/uploads\/2023\/06\/Banner-Inova-300x214-1.jpeg\" \/><\/a><\/div><\/div>\n\n\n<p>Trinta e duas pessoas morreram, 74 est\u00e3o desaparecidas e outras 56 ficaram feridas em decorr\u00eancia dos efeitos do mau tempo. Conforme o boletim mais recente da Defesa Civil,\u00a024,2 mil pessoas est\u00e3o fora de casa, sendo\u00a0<strong>7.165 pessoas em abrigos<\/strong>\u00a0e\u00a0<strong>17.087 desalojados<\/strong>\u00a0(na casa de familiares ou amigos). Ao todo,\u00a0<strong>235\u00a0<\/strong>dos 496 munic\u00edpios do estado registraram algum tipo de problema, afetando 351,6 mil pessoas.<\/p>\n\n\n<div class=\"g g-6\"><div class=\"g-dyn a-4 c-1\"><a class=\"gofollow\" data-track=\"NCw2LDYw\" href=\"https:\/\/arquitetalaurabaltar.com.br\/wfe\/\" target=\"_blank\"><img decoding=\"async\" src=\"http:\/\/tvnativoos.com.br\/wfe\/wp-content\/uploads\/2025\/01\/01-1.png\" \/><\/a><\/div><div class=\"g-dyn a-7 c-2\"><a class=\"gofollow\" data-track=\"Nyw2LDYw\" href=\"https:\/\/inovaimoveis.rs\/\" target=\"_blank\"><img decoding=\"async\" src=\"http:\/\/tvnativoos.com.br\/wfe\/wp-content\/uploads\/2023\/06\/Banner-Inova-300x214-1.jpeg\" \/><\/a><\/div><div class=\"g-dyn a-6 c-3\"><a class=\"gofollow\" data-track=\"Niw2LDYw\" href=\"#\" target=\"_blank\"><img decoding=\"async\" src=\"http:\/\/tvnativoos.com.br\/wfe\/wp-content\/uploads\/2023\/01\/banner-agua-kangen-e1701887476486.jpeg\" \/><\/a><\/div><div class=\"g-dyn a-39 c-4\"><a class=\"gofollow\" data-track=\"MzksNiw2MA==\" href=\"https:\/\/tvnativoos.com.br\/wfe\/\" target=\"_blank\"><img decoding=\"async\" src=\"http:\/\/tvnativoos.com.br\/wfe\/wp-content\/uploads\/2024\/05\/WhatsApp-Image-2024-05-17-at-19.58.28.jpeg\" \/><\/a><\/div><div class=\"g-dyn a-58 c-5\"><a class=\"gofollow\" data-track=\"NTgsNiw2MA==\" href=\"https:\/\/transformar.tramandai.rs.gov.br\/\"><img decoding=\"async\" src=\"http:\/\/tvnativoos.com.br\/wfe\/wp-content\/uploads\/2026\/03\/TV-Nativoos-300-x-250-px.png\" \/><\/a><\/div><div class=\"g-dyn a-62 c-6\"><a class=\"gofollow\" data-track=\"NjIsNiw2MA==\" href=\": http:\/\/teliga.corsan.com.br\" target=\"_blank\"><img decoding=\"async\" src=\"http:\/\/tvnativoos.com.br\/wfe\/wp-content\/uploads\/2026\/02\/WhatsApp-Image-2026-02-19-at-17.23.17.jpeg\" \/><\/a><\/div><\/div>\n\n\n<p><strong>&#8220;Quem puder, evite se deslocar a Porto Alegre&#8221;, alertou a Empresa P\u00fablica de Transporte e Circula\u00e7\u00e3o (EPTC) em uma rede social.<\/strong><\/p>\n\n\n\n<p>As \u00e1guas do Gua\u00edba est\u00e3o avan\u00e7ando e j\u00e1 provocam alagamentos em algumas vias, como\u00a0<strong>trechos da Orla<\/strong>, na Zona Sul, e as avenidas\u00a0<strong>Mau\u00e1\u00a0<\/strong>e\u00a0<strong>Concei\u00e7\u00e3o<\/strong>, no acesso a Capital.<\/p>\n\n\n\n<p>Fonte: Jornal Correio do Povo<\/p>\n\n\n\n<p>Curta, compartilhe e inscreva em nosso canal do\u00a0<a href=\"https:\/\/youtube.com\/@tvnativoos\">youtube.com\/@tvnativoos<\/a>, curta nossa p\u00e1gina no facebook, instagram e veja nossa programa\u00e7\u00e3o ao vivo portal www.tvnativoos.com.br<\/p>\n","protected":false},"excerpt":{"rendered":"<p>N\u00edvel do Gua\u00edba atinge 4,50 metros e aguas invadem ruas e rodovi\u00e1ria de Porto Alegre. Orienta\u00e7\u00e3o \u00e9 evitar se deslocar para a Capital, em raz\u00e3o dos alagamentos. Prefeitura decretou estado de calamidade p\u00fablica. O n\u00edvel do Gua\u00edba, em\u00a0Porto Alegre, chegou a\u00a04,50 metros\u00a0na manh\u00e3 desta sexta-feira (3) e segue em eleva\u00e7\u00e3o ap\u00f3s os\u00a0temporais que atingem o [&hellip;]<\/p>\n","protected":false},"author":3,"featured_media":17786,"comment_status":"closed","ping_status":"open","sticky":false,"template":"","format":"standard","meta":{"footnotes":""},"categories":[8],"tags":[2256,2640,1932,1124,1536,89,2285,65],"class_list":["post-17785","post","type-post","status-publish","format-standard","has-post-thumbnail","hentry","category-noticias","tag-alagamento","tag-centro-historico","tag-cheias","tag-guaiba","tag-mortes","tag-porto-alegre","tag-rio-grande-do-sul","tag-tvnativoos"],"cc_featured_image_caption":{"caption_text":"Temporal no RS: alagamento na Avenida Concei\u00e7\u00e3o, em Porto Alegre \u2014 Foto: Reprodu\u00e7\u00e3o\/RBS TV\/TV Nativoos","source_text":"","source_url":""},"_links":{"self":[{"href":"https:\/\/tvnativoos.com.br\/wfe\/wp-json\/wp\/v2\/posts\/17785","targetHints":{"allow":["GET"]}}],"collection":[{"href":"https:\/\/tvnativoos.com.br\/wfe\/wp-json\/wp\/v2\/posts"}],"about":[{"href":"https:\/\/tvnativoos.com.br\/wfe\/wp-json\/wp\/v2\/types\/post"}],"author":[{"embeddable":true,"href":"https:\/\/tvnativoos.com.br\/wfe\/wp-json\/wp\/v2\/users\/3"}],"replies":[{"embeddable":true,"href":"https:\/\/tvnativoos.com.br\/wfe\/wp-json\/wp\/v2\/comments?post=17785"}],"version-history":[{"count":1,"href":"https:\/\/tvnativoos.com.br\/wfe\/wp-json\/wp\/v2\/posts\/17785\/revisions"}],"predecessor-version":[{"id":17791,"href":"https:\/\/tvnativoos.com.br\/wfe\/wp-json\/wp\/v2\/posts\/17785\/revisions\/17791"}],"wp:featuredmedia":[{"embeddable":true,"href":"https:\/\/tvnativoos.com.br\/wfe\/wp-json\/wp\/v2\/media\/17786"}],"wp:attachment":[{"href":"https:\/\/tvnativoos.com.br\/wfe\/wp-json\/wp\/v2\/media?parent=17785"}],"wp:term":[{"taxonomy":"category","embeddable":true,"href":"https:\/\/tvnativoos.com.br\/wfe\/wp-json\/wp\/v2\/categories?post=17785"},{"taxonomy":"post_tag","embeddable":true,"href":"https:\/\/tvnativoos.com.br\/wfe\/wp-json\/wp\/v2\/tags?post=17785"}],"curies":[{"name":"wp","href":"https:\/\/api.w.org\/{rel}","templated":true}]}}