{"id":17782,"date":"2024-05-03T12:09:38","date_gmt":"2024-05-03T12:09:38","guid":{"rendered":"https:\/\/tvnativoos.com.br\/wfe\/?p=17782"},"modified":"2024-05-03T12:09:39","modified_gmt":"2024-05-03T12:09:39","slug":"identificada-familia-que-morreu-soterrada-em-gramado","status":"publish","type":"post","link":"https:\/\/tvnativoos.com.br\/wfe\/identificada-familia-que-morreu-soterrada-em-gramado\/","title":{"rendered":"Identificada fam\u00edlia que morreu soterrada em Gramado"},"content":{"rendered":"\n<p>Deslizamento de terra foi registrado na Linha Pedras Brancas na quinta-feira (2)<\/p>\n\n\n\n<p>Foi identificada\u00a0<strong>a fam\u00edlia que morreu soterrada<\/strong>\u00a0na manh\u00e3 de quinta-feira (2) no interior de Gramado. As v\u00edtimas s\u00e3o\u00a0<strong>Kaique Andriel Ludvig Santos<\/strong>, 13 anos,\u00a0<strong>Nitiele Ludvig<\/strong>, 36, e Silvio\u00a0<strong>Antonio Pellicioli<\/strong>, 47, filho, m\u00e3e e padrasto, respectivamente.<\/p>\n\n\n\n<p><strong>O soterramento foi registrado na Linha Pedras Brancas<\/strong>, onde quatro casas foram arrastadas pela terra. Al\u00e9m disso, segundo a prefeitura, h\u00e1 outras oito pessoas desaparecidas na regi\u00e3o e uma na Linha Quilombo.<strong>&nbsp;Uma quarta morte em decorr\u00eancia da chuva foi registrada na quinta-feira no munic\u00edpio.<\/strong>&nbsp;O nome ainda n\u00e3o foi informado oficialmente.&nbsp;<\/p>\n\n\n\n<p>Kaique, Nitiele e Silvio s\u00e3o velados na igreja da Linha Furna. O sepultamento est\u00e1 previsto para as 8h30min no cemit\u00e9rio da mesma comunidade.<\/p>\n\n\n\n<p>Fonte: GZH<\/p>\n\n\n\n<p>Curta, compartilhe e inscreva em nosso canal do\u00a0<a href=\"https:\/\/youtube.com\/@tvnativoos\">youtube.com\/@tvnativoos<\/a>, curta nossa p\u00e1gina no facebook, instagram e veja nossa programa\u00e7\u00e3o ao vivo portal www.tvnativoos.com.br<\/p>\n","protected":false},"excerpt":{"rendered":"<p>Deslizamento de terra foi registrado na Linha Pedras Brancas na quinta-feira (2) Foi identificada\u00a0a fam\u00edlia que morreu soterrada\u00a0na manh\u00e3 de quinta-feira (2) no interior de Gramado. As v\u00edtimas s\u00e3o\u00a0Kaique Andriel Ludvig Santos, 13 anos,\u00a0Nitiele Ludvig, 36, e Silvio\u00a0Antonio Pellicioli, 47, filho, m\u00e3e e padrasto, respectivamente. O soterramento foi registrado na Linha Pedras Brancas, onde quatro [&hellip;]<\/p>\n","protected":false},"author":3,"featured_media":17783,"comment_status":"closed","ping_status":"open","sticky":false,"template":"","format":"standard","meta":{"footnotes":""},"categories":[8],"tags":[735,2639,66,1354,65],"class_list":["post-17782","post","type-post","status-publish","format-standard","has-post-thumbnail","hentry","category-noticias","tag-chuvas","tag-deslizamento-de-terra","tag-gramado","tag-morte","tag-tvnativoos"],"cc_featured_image_caption":{"caption_text":"","source_text":"","source_url":""},"_links":{"self":[{"href":"https:\/\/tvnativoos.com.br\/wfe\/wp-json\/wp\/v2\/posts\/17782","targetHints":{"allow":["GET"]}}],"collection":[{"href":"https:\/\/tvnativoos.com.br\/wfe\/wp-json\/wp\/v2\/posts"}],"about":[{"href":"https:\/\/tvnativoos.com.br\/wfe\/wp-json\/wp\/v2\/types\/post"}],"author":[{"embeddable":true,"href":"https:\/\/tvnativoos.com.br\/wfe\/wp-json\/wp\/v2\/users\/3"}],"replies":[{"embeddable":true,"href":"https:\/\/tvnativoos.com.br\/wfe\/wp-json\/wp\/v2\/comments?post=17782"}],"version-history":[{"count":1,"href":"https:\/\/tvnativoos.com.br\/wfe\/wp-json\/wp\/v2\/posts\/17782\/revisions"}],"predecessor-version":[{"id":17784,"href":"https:\/\/tvnativoos.com.br\/wfe\/wp-json\/wp\/v2\/posts\/17782\/revisions\/17784"}],"wp:featuredmedia":[{"embeddable":true,"href":"https:\/\/tvnativoos.com.br\/wfe\/wp-json\/wp\/v2\/media\/17783"}],"wp:attachment":[{"href":"https:\/\/tvnativoos.com.br\/wfe\/wp-json\/wp\/v2\/media?parent=17782"}],"wp:term":[{"taxonomy":"category","embeddable":true,"href":"https:\/\/tvnativoos.com.br\/wfe\/wp-json\/wp\/v2\/categories?post=17782"},{"taxonomy":"post_tag","embeddable":true,"href":"https:\/\/tvnativoos.com.br\/wfe\/wp-json\/wp\/v2\/tags?post=17782"}],"curies":[{"name":"wp","href":"https:\/\/api.w.org\/{rel}","templated":true}]}}