{"id":17771,"date":"2024-05-03T11:22:45","date_gmt":"2024-05-03T11:22:45","guid":{"rendered":"https:\/\/tvnativoos.com.br\/wfe\/?p=17771"},"modified":"2024-05-03T11:22:45","modified_gmt":"2024-05-03T11:22:45","slug":"clima-casa-de-bombas-se-rompe-e-agua-invade-avenida-maua-em-porto-alegre","status":"publish","type":"post","link":"https:\/\/tvnativoos.com.br\/wfe\/clima-casa-de-bombas-se-rompe-e-agua-invade-avenida-maua-em-porto-alegre\/","title":{"rendered":"Clima &#8211; Casa de bombas se rompe e \u00e1gua invade avenida Mau\u00e1, em Porto Alegre"},"content":{"rendered":"\n<p>Incidente ocorreu na manh\u00e3 desta sexta-feira<\/p>\n\n\n\n<p>A casa de bombas que fica pr\u00f3xima ao port\u00e3o 3 se rompeu na manh\u00e3 desta sexta-feira e a \u00e1gua vinda do rio Gua\u00edba invadiu a avenida Mau\u00e1, no Centro de Porto Alegre.<\/p>\n\n\n\n<p>A partir desta situa\u00e7\u00e3o, o cen\u00e1rio de alagamentos em Porto Alegre deve se agravar. Na cidade, outro ponto importante tamb\u00e9m amanheceu completamente inundado:\u00a0<strong>a Rodovi\u00e1ria<\/strong>. A \u00e1rea de embarque e desembarque da esta\u00e7\u00e3o ficou inacess\u00edvel por conta da quantidade de \u00e1gua. Apesar disso, o local segue funcionamento, mas somente no piso de cima.<\/p>\n\n\n<div class=\"g g-7\"><div class=\"g-dyn a-58 c-1\"><a class=\"gofollow\" data-track=\"NTgsNyw2MA==\" href=\"https:\/\/transformar.tramandai.rs.gov.br\/\"><img decoding=\"async\" src=\"http:\/\/tvnativoos.com.br\/wfe\/wp-content\/uploads\/2026\/03\/TV-Nativoos-300-x-250-px.png\" \/><\/a><\/div><div class=\"g-dyn a-62 c-2\"><a class=\"gofollow\" data-track=\"NjIsNyw2MA==\" href=\": http:\/\/teliga.corsan.com.br\" target=\"_blank\"><img decoding=\"async\" src=\"http:\/\/tvnativoos.com.br\/wfe\/wp-content\/uploads\/2026\/02\/WhatsApp-Image-2026-02-19-at-17.23.17.jpeg\" \/><\/a><\/div><div class=\"g-dyn a-4 c-3\"><a class=\"gofollow\" data-track=\"NCw3LDYw\" href=\"https:\/\/arquitetalaurabaltar.com.br\/wfe\/\" target=\"_blank\"><img decoding=\"async\" src=\"http:\/\/tvnativoos.com.br\/wfe\/wp-content\/uploads\/2025\/01\/01-1.png\" \/><\/a><\/div><div class=\"g-dyn a-8 c-4\"><a class=\"gofollow\" data-track=\"OCw3LDYw\" href=\"https:\/\/www.facebook.com\/sonia.conti.7545\" target=\"_blank\"><img decoding=\"async\" src=\"http:\/\/tvnativoos.com.br\/wfe\/wp-content\/uploads\/2023\/06\/BANNERS-350X250-SONIA-CONTI-1-300x214-1.jpg\" \/><\/a><\/div><div class=\"g-dyn a-39 c-5\"><a class=\"gofollow\" data-track=\"MzksNyw2MA==\" href=\"https:\/\/tvnativoos.com.br\/wfe\/\" target=\"_blank\"><img decoding=\"async\" src=\"http:\/\/tvnativoos.com.br\/wfe\/wp-content\/uploads\/2024\/05\/WhatsApp-Image-2024-05-17-at-19.58.28.jpeg\" \/><\/a><\/div><div class=\"g-dyn a-6 c-6\"><a class=\"gofollow\" data-track=\"Niw3LDYw\" href=\"#\" target=\"_blank\"><img decoding=\"async\" src=\"http:\/\/tvnativoos.com.br\/wfe\/wp-content\/uploads\/2023\/01\/banner-agua-kangen-e1701887476486.jpeg\" \/><\/a><\/div><div class=\"g-dyn a-7 c-7\"><a class=\"gofollow\" data-track=\"Nyw3LDYw\" href=\"https:\/\/inovaimoveis.rs\/\" target=\"_blank\"><img decoding=\"async\" src=\"http:\/\/tvnativoos.com.br\/wfe\/wp-content\/uploads\/2023\/06\/Banner-Inova-300x214-1.jpeg\" \/><\/a><\/div><\/div>\n\n\n<p>Al\u00e9m disso,\u00a0<strong>os trilhos do Trensurb est\u00e3o submersos<\/strong>\u00a0por metros de \u00e1gua, comprometendo a opera\u00e7\u00e3o. A suspens\u00e3o do servi\u00e7o do trecho da Farrapos at\u00e9 Esta\u00e7\u00e3o Mercado deve permanecer ao longo do final de semana, afetando a mobilidade de milhares de pessoas.<\/p>\n\n\n<div class=\"g g-6\"><div class=\"g-dyn a-4 c-1\"><a class=\"gofollow\" data-track=\"NCw2LDYw\" href=\"https:\/\/arquitetalaurabaltar.com.br\/wfe\/\" target=\"_blank\"><img decoding=\"async\" src=\"http:\/\/tvnativoos.com.br\/wfe\/wp-content\/uploads\/2025\/01\/01-1.png\" \/><\/a><\/div><div class=\"g-dyn a-62 c-2\"><a class=\"gofollow\" data-track=\"NjIsNiw2MA==\" href=\": http:\/\/teliga.corsan.com.br\" target=\"_blank\"><img decoding=\"async\" src=\"http:\/\/tvnativoos.com.br\/wfe\/wp-content\/uploads\/2026\/02\/WhatsApp-Image-2026-02-19-at-17.23.17.jpeg\" \/><\/a><\/div><div class=\"g-dyn a-39 c-3\"><a class=\"gofollow\" data-track=\"MzksNiw2MA==\" href=\"https:\/\/tvnativoos.com.br\/wfe\/\" target=\"_blank\"><img decoding=\"async\" src=\"http:\/\/tvnativoos.com.br\/wfe\/wp-content\/uploads\/2024\/05\/WhatsApp-Image-2024-05-17-at-19.58.28.jpeg\" \/><\/a><\/div><div class=\"g-dyn a-7 c-4\"><a class=\"gofollow\" data-track=\"Nyw2LDYw\" href=\"https:\/\/inovaimoveis.rs\/\" target=\"_blank\"><img decoding=\"async\" src=\"http:\/\/tvnativoos.com.br\/wfe\/wp-content\/uploads\/2023\/06\/Banner-Inova-300x214-1.jpeg\" \/><\/a><\/div><div class=\"g-dyn a-6 c-5\"><a class=\"gofollow\" data-track=\"Niw2LDYw\" href=\"#\" target=\"_blank\"><img decoding=\"async\" src=\"http:\/\/tvnativoos.com.br\/wfe\/wp-content\/uploads\/2023\/01\/banner-agua-kangen-e1701887476486.jpeg\" \/><\/a><\/div><div class=\"g-dyn a-58 c-6\"><a class=\"gofollow\" data-track=\"NTgsNiw2MA==\" href=\"https:\/\/transformar.tramandai.rs.gov.br\/\"><img decoding=\"async\" src=\"http:\/\/tvnativoos.com.br\/wfe\/wp-content\/uploads\/2026\/03\/TV-Nativoos-300-x-250-px.png\" \/><\/a><\/div><\/div>\n\n\n<p>Tem trechos que a \u00e1gua n\u00e3o chegou o que mostra que as bombas dessa regi\u00e3o est\u00e3o funcionando. Mesmo assim, muitos trechos da Volunt\u00e1rios da P\u00e1tria est\u00e3o completamente alagados e os motoristas devem evitar a regi\u00e3o e ir pela avenida Farrapos em dire\u00e7\u00e3o ao centro ou a Castelo Branco.<\/p>\n\n\n\n<p>Fonte: Jornal Correio do Povo<\/p>\n\n\n\n<p>Curta, compartilhe e inscreva em nosso canal do\u00a0<a href=\"https:\/\/youtube.com\/@tvnativoos\">youtube.com\/@tvnativoos<\/a>, curta nossa p\u00e1gina no facebook, instagram e veja nossa programa\u00e7\u00e3o ao vivo portal www.tvnativoos.com.br<\/p>\n","protected":false},"excerpt":{"rendered":"<p>Incidente ocorreu na manh\u00e3 desta sexta-feira A casa de bombas que fica pr\u00f3xima ao port\u00e3o 3 se rompeu na manh\u00e3 desta sexta-feira e a \u00e1gua vinda do rio Gua\u00edba invadiu a avenida Mau\u00e1, no Centro de Porto Alegre. A partir desta situa\u00e7\u00e3o, o cen\u00e1rio de alagamentos em Porto Alegre deve se agravar. Na cidade, outro [&hellip;]<\/p>\n","protected":false},"author":3,"featured_media":17773,"comment_status":"closed","ping_status":"open","sticky":false,"template":"","format":"standard","meta":{"footnotes":""},"categories":[8],"tags":[735,689,2565,2638,65],"class_list":["post-17771","post","type-post","status-publish","format-standard","has-post-thumbnail","hentry","category-noticias","tag-chuvas","tag-clima","tag-porto-algre","tag-rio-guaiba","tag-tvnativoos"],"cc_featured_image_caption":{"caption_text":"\u00c1gua invadiu a avenida Mau\u00e1 na manh\u00e3 desta sexta-feira | Foto: Jonathas Costa \/ Especial \/ TV Nativoos","source_text":"","source_url":""},"_links":{"self":[{"href":"https:\/\/tvnativoos.com.br\/wfe\/wp-json\/wp\/v2\/posts\/17771","targetHints":{"allow":["GET"]}}],"collection":[{"href":"https:\/\/tvnativoos.com.br\/wfe\/wp-json\/wp\/v2\/posts"}],"about":[{"href":"https:\/\/tvnativoos.com.br\/wfe\/wp-json\/wp\/v2\/types\/post"}],"author":[{"embeddable":true,"href":"https:\/\/tvnativoos.com.br\/wfe\/wp-json\/wp\/v2\/users\/3"}],"replies":[{"embeddable":true,"href":"https:\/\/tvnativoos.com.br\/wfe\/wp-json\/wp\/v2\/comments?post=17771"}],"version-history":[{"count":1,"href":"https:\/\/tvnativoos.com.br\/wfe\/wp-json\/wp\/v2\/posts\/17771\/revisions"}],"predecessor-version":[{"id":17774,"href":"https:\/\/tvnativoos.com.br\/wfe\/wp-json\/wp\/v2\/posts\/17771\/revisions\/17774"}],"wp:featuredmedia":[{"embeddable":true,"href":"https:\/\/tvnativoos.com.br\/wfe\/wp-json\/wp\/v2\/media\/17773"}],"wp:attachment":[{"href":"https:\/\/tvnativoos.com.br\/wfe\/wp-json\/wp\/v2\/media?parent=17771"}],"wp:term":[{"taxonomy":"category","embeddable":true,"href":"https:\/\/tvnativoos.com.br\/wfe\/wp-json\/wp\/v2\/categories?post=17771"},{"taxonomy":"post_tag","embeddable":true,"href":"https:\/\/tvnativoos.com.br\/wfe\/wp-json\/wp\/v2\/tags?post=17771"}],"curies":[{"name":"wp","href":"https:\/\/api.w.org\/{rel}","templated":true}]}}