{"id":17569,"date":"2024-04-27T00:37:27","date_gmt":"2024-04-27T00:37:27","guid":{"rendered":"https:\/\/tvnativoos.com.br\/wfe\/?p=17569"},"modified":"2024-04-27T00:37:27","modified_gmt":"2024-04-27T00:37:27","slug":"falece-jose-santa-cruz-conhecido-por-seu-papel-no-zorra-total-e-como-a-voz-de-dino-em-a-familia-dinossauros","status":"publish","type":"post","link":"https:\/\/tvnativoos.com.br\/wfe\/falece-jose-santa-cruz-conhecido-por-seu-papel-no-zorra-total-e-como-a-voz-de-dino-em-a-familia-dinossauros\/","title":{"rendered":"Falece Jos\u00e9 Santa Cruz, conhecido por seu papel no &#8220;Zorra Total&#8221; e como a voz de Dino em &#8220;A Fam\u00edlia Dinossauros&#8221;"},"content":{"rendered":"\n<p>O artista, que interpretou o Magneto em &#8220;X-Men&#8221; e participou de novelas da TV Globo, faleceu aos 95 anos ap\u00f3s ser internado com broncopneumonia.<\/p>\n\n\n\n<p><br>Nesta sexta-feira (26), faleceu o ator, dublador, radialista e humorista Jos\u00e9 Santa Cruz, aos 95 anos, conforme confirmado pela TV Globo. O artista, que sofria de doen\u00e7a de Parkinson, estava hospitalizado devido a uma broncopneumonia. <\/p>\n\n\n\n<p>Nascido em Picu\u00ed, na Para\u00edba, Jos\u00e9 iniciou sua carreira art\u00edstica aos 18 anos, substituindo um amigo em uma r\u00e1dio. Na televis\u00e3o, estreou em 1960. Na TV Globo, participou de produ\u00e7\u00f5es como O Bem Amado e, entre 2002 e 2015, interpretou personagens como Jojoca, Barbosa, Manoelito, Costado e Tesourinha no Zorra Total. De 2015 a 2017, tamb\u00e9m esteve no elenco do Zorra. <\/p>\n\n\n<div class=\"g g-6\"><div class=\"g-dyn a-62 c-1\"><a class=\"gofollow\" data-track=\"NjIsNiw2MA==\" href=\": http:\/\/teliga.corsan.com.br\" target=\"_blank\"><img decoding=\"async\" src=\"http:\/\/tvnativoos.com.br\/wfe\/wp-content\/uploads\/2026\/02\/WhatsApp-Image-2026-02-19-at-17.23.17.jpeg\" \/><\/a><\/div><div class=\"g-dyn a-4 c-2\"><a class=\"gofollow\" data-track=\"NCw2LDYw\" href=\"https:\/\/arquitetalaurabaltar.com.br\/wfe\/\" target=\"_blank\"><img decoding=\"async\" src=\"http:\/\/tvnativoos.com.br\/wfe\/wp-content\/uploads\/2025\/01\/01-1.png\" \/><\/a><\/div><div class=\"g-dyn a-6 c-3\"><a class=\"gofollow\" data-track=\"Niw2LDYw\" href=\"#\" target=\"_blank\"><img decoding=\"async\" src=\"http:\/\/tvnativoos.com.br\/wfe\/wp-content\/uploads\/2023\/01\/banner-agua-kangen-e1701887476486.jpeg\" \/><\/a><\/div><div class=\"g-dyn a-39 c-4\"><a class=\"gofollow\" data-track=\"MzksNiw2MA==\" href=\"https:\/\/tvnativoos.com.br\/wfe\/\" target=\"_blank\"><img decoding=\"async\" src=\"http:\/\/tvnativoos.com.br\/wfe\/wp-content\/uploads\/2024\/05\/WhatsApp-Image-2024-05-17-at-19.58.28.jpeg\" \/><\/a><\/div><div class=\"g-dyn a-58 c-5\"><a class=\"gofollow\" data-track=\"NTgsNiw2MA==\" href=\"https:\/\/transformar.tramandai.rs.gov.br\/\"><img decoding=\"async\" src=\"http:\/\/tvnativoos.com.br\/wfe\/wp-content\/uploads\/2026\/03\/TV-Nativoos-300-x-250-px.png\" \/><\/a><\/div><div class=\"g-dyn a-7 c-6\"><a class=\"gofollow\" data-track=\"Nyw2LDYw\" href=\"https:\/\/inovaimoveis.rs\/\" target=\"_blank\"><img decoding=\"async\" src=\"http:\/\/tvnativoos.com.br\/wfe\/wp-content\/uploads\/2023\/06\/Banner-Inova-300x214-1.jpeg\" \/><\/a><\/div><\/div>\n\n\n<p>Seu trabalho mais recente na emissora foi em Espelho da Vida (2019). Jos\u00e9 Santa Cruz teve uma vasta trajet\u00f3ria como dublador, sendo reconhecido por dar voz ao bord\u00e3o &#8220;querida, cheguei&#8221;, falado pelo pai de A Fam\u00edlia Dinossauros, al\u00e9m de interpretar personagens como Magneto nos filmes e desenhos X-Men, R\u00fabeo Hagrid na saga Harry Potter e J.Jameson nos filmes do Homem Aranha, entre outros. <\/p>\n\n\n\n<p>O ator deixa a esposa, Ivane Maria Mendes Bastos, com quem foi casado por 72 anos, al\u00e9m de tr\u00eas filhos, cinco netos e quatro bisnetos. O vel\u00f3rio de Jos\u00e9 Santa Cruz ocorrer\u00e1 neste s\u00e1bado (27), a partir das 13h, no Cemit\u00e9rio da Penit\u00eancia, em Botafogo, no Rio de Janeiro.<\/p>\n\n\n<div class=\"g g-7\"><div class=\"g-dyn a-4 c-1\"><a class=\"gofollow\" data-track=\"NCw3LDYw\" href=\"https:\/\/arquitetalaurabaltar.com.br\/wfe\/\" target=\"_blank\"><img decoding=\"async\" src=\"http:\/\/tvnativoos.com.br\/wfe\/wp-content\/uploads\/2025\/01\/01-1.png\" \/><\/a><\/div><div class=\"g-dyn a-62 c-2\"><a class=\"gofollow\" data-track=\"NjIsNyw2MA==\" href=\": http:\/\/teliga.corsan.com.br\" target=\"_blank\"><img decoding=\"async\" src=\"http:\/\/tvnativoos.com.br\/wfe\/wp-content\/uploads\/2026\/02\/WhatsApp-Image-2026-02-19-at-17.23.17.jpeg\" \/><\/a><\/div><div class=\"g-dyn a-8 c-3\"><a class=\"gofollow\" data-track=\"OCw3LDYw\" href=\"https:\/\/www.facebook.com\/sonia.conti.7545\" target=\"_blank\"><img decoding=\"async\" src=\"http:\/\/tvnativoos.com.br\/wfe\/wp-content\/uploads\/2023\/06\/BANNERS-350X250-SONIA-CONTI-1-300x214-1.jpg\" \/><\/a><\/div><div class=\"g-dyn a-7 c-4\"><a class=\"gofollow\" data-track=\"Nyw3LDYw\" href=\"https:\/\/inovaimoveis.rs\/\" target=\"_blank\"><img decoding=\"async\" src=\"http:\/\/tvnativoos.com.br\/wfe\/wp-content\/uploads\/2023\/06\/Banner-Inova-300x214-1.jpeg\" \/><\/a><\/div><div class=\"g-dyn a-6 c-5\"><a class=\"gofollow\" data-track=\"Niw3LDYw\" href=\"#\" target=\"_blank\"><img decoding=\"async\" src=\"http:\/\/tvnativoos.com.br\/wfe\/wp-content\/uploads\/2023\/01\/banner-agua-kangen-e1701887476486.jpeg\" \/><\/a><\/div><div class=\"g-dyn a-39 c-6\"><a class=\"gofollow\" data-track=\"MzksNyw2MA==\" href=\"https:\/\/tvnativoos.com.br\/wfe\/\" target=\"_blank\"><img decoding=\"async\" src=\"http:\/\/tvnativoos.com.br\/wfe\/wp-content\/uploads\/2024\/05\/WhatsApp-Image-2024-05-17-at-19.58.28.jpeg\" \/><\/a><\/div><div class=\"g-dyn a-58 c-7\"><a class=\"gofollow\" data-track=\"NTgsNyw2MA==\" href=\"https:\/\/transformar.tramandai.rs.gov.br\/\"><img decoding=\"async\" src=\"http:\/\/tvnativoos.com.br\/wfe\/wp-content\/uploads\/2026\/03\/TV-Nativoos-300-x-250-px.png\" \/><\/a><\/div><\/div>\n\n\n<p>Curta, compartilhe e inscreva em nosso canal do\u00a0<a href=\"https:\/\/youtube.com\/@tvnativoos\">youtube.com\/@tvnativoos<\/a>, curta nossa p\u00e1gina no facebook, instagram e veja nossa programa\u00e7\u00e3o ao vivo portal www.tvnativoos.com.br<\/p>\n","protected":false},"excerpt":{"rendered":"<p>O artista, que interpretou o Magneto em &#8220;X-Men&#8221; e participou de novelas da TV Globo, faleceu aos 95 anos ap\u00f3s ser internado com broncopneumonia. Nesta sexta-feira (26), faleceu o ator, dublador, radialista e humorista Jos\u00e9 Santa Cruz, aos 95 anos, conforme confirmado pela TV Globo. O artista, que sofria de doen\u00e7a de Parkinson, estava hospitalizado [&hellip;]<\/p>\n","protected":false},"author":2,"featured_media":17570,"comment_status":"closed","ping_status":"open","sticky":false,"template":"","format":"standard","meta":{"footnotes":""},"categories":[8],"tags":[213,65],"class_list":["post-17569","post","type-post","status-publish","format-standard","has-post-thumbnail","hentry","category-noticias","tag-cultura","tag-tvnativoos"],"cc_featured_image_caption":{"caption_text":"","source_text":"","source_url":""},"_links":{"self":[{"href":"https:\/\/tvnativoos.com.br\/wfe\/wp-json\/wp\/v2\/posts\/17569","targetHints":{"allow":["GET"]}}],"collection":[{"href":"https:\/\/tvnativoos.com.br\/wfe\/wp-json\/wp\/v2\/posts"}],"about":[{"href":"https:\/\/tvnativoos.com.br\/wfe\/wp-json\/wp\/v2\/types\/post"}],"author":[{"embeddable":true,"href":"https:\/\/tvnativoos.com.br\/wfe\/wp-json\/wp\/v2\/users\/2"}],"replies":[{"embeddable":true,"href":"https:\/\/tvnativoos.com.br\/wfe\/wp-json\/wp\/v2\/comments?post=17569"}],"version-history":[{"count":1,"href":"https:\/\/tvnativoos.com.br\/wfe\/wp-json\/wp\/v2\/posts\/17569\/revisions"}],"predecessor-version":[{"id":17571,"href":"https:\/\/tvnativoos.com.br\/wfe\/wp-json\/wp\/v2\/posts\/17569\/revisions\/17571"}],"wp:featuredmedia":[{"embeddable":true,"href":"https:\/\/tvnativoos.com.br\/wfe\/wp-json\/wp\/v2\/media\/17570"}],"wp:attachment":[{"href":"https:\/\/tvnativoos.com.br\/wfe\/wp-json\/wp\/v2\/media?parent=17569"}],"wp:term":[{"taxonomy":"category","embeddable":true,"href":"https:\/\/tvnativoos.com.br\/wfe\/wp-json\/wp\/v2\/categories?post=17569"},{"taxonomy":"post_tag","embeddable":true,"href":"https:\/\/tvnativoos.com.br\/wfe\/wp-json\/wp\/v2\/tags?post=17569"}],"curies":[{"name":"wp","href":"https:\/\/api.w.org\/{rel}","templated":true}]}}