{"id":17219,"date":"2024-04-09T17:22:01","date_gmt":"2024-04-09T17:22:01","guid":{"rendered":"https:\/\/tvnativoos.com.br\/wfe\/?p=17219"},"modified":"2024-04-09T17:22:02","modified_gmt":"2024-04-09T17:22:02","slug":"impulsionada-pelo-periodo-eleitoral-rede-essent-jus-disponibiliza-vagas-na-regiao-sul-do-estado-consultor-de-negocios-agente-de-expansao-alem-de-gerente-comercial-e-operacional-estao-entre-as-mais","status":"publish","type":"post","link":"https:\/\/tvnativoos.com.br\/wfe\/impulsionada-pelo-periodo-eleitoral-rede-essent-jus-disponibiliza-vagas-na-regiao-sul-do-estado-consultor-de-negocios-agente-de-expansao-alem-de-gerente-comercial-e-operacional-estao-entre-as-mais\/","title":{"rendered":"Impulsionada pelo per\u00edodo eleitoral, Rede Essent Jus disponibiliza vagas na Regi\u00e3o Sul do Estado, Consultor de Neg\u00f3cios, Agente de Expans\u00e3o, al\u00e9m de Gerente Comercial e operacional est\u00e3o entre as mais de 40 vagas dispon\u00edveis"},"content":{"rendered":"\n<p>Com a proximidade da disputa eleitoral para prefeitos e vereadores, a Rede Essent Jus, maior rede de contabilidade eleitoral da Am\u00e9rica Latina, est\u00e1 disponibilizando uma s\u00e9rie de vagas de trabalho com atua\u00e7\u00e3o na sua sede, em Horizontina, no Sul ga\u00facho. Ao todo s\u00e3o mais de 40 vagas, entre consultor de neg\u00f3cios (30), agente de expans\u00e3o (10), gerente comercial (1) e gerente operacional (1).<br>Os consultores de neg\u00f3cios ir\u00e3o atuar com carga hor\u00e1ria de 40h semanais. S\u00e3o vagas tempor\u00e1rias para o per\u00edodo de elei\u00e7\u00e3o, com possibilidade de efetiva\u00e7\u00e3o. O principal papel da fun\u00e7\u00e3o \u00e9 atender, prestar aux\u00edlio e acompanhar a qualidade de trabalho das Contabilidades Associadas (CAs), que s\u00e3o os contadores que trabalham junto \u00e0 Essent durante nas Elei\u00e7\u00f5es 2024. Tamb\u00e9m \u00e9 necess\u00e1rio gradua\u00e7\u00e3o completa de n\u00edvel t\u00e9cnico ou superior em Contabilidade, Administra\u00e7\u00e3o, Direito, Engenharia ou Gest\u00e3o de Pessoas.<br>Para a vaga de agente de expans\u00e3o \u00e9 um diferencial ter experi\u00eancia de dois anos em atividade comercial ou pol\u00edtica, ocupante de cargo eletivo, dirigente partid\u00e1rio, funcion\u00e1rio de partido pol\u00edtico em \u00e1reas de mobiliza\u00e7\u00e3o\/articula\u00e7\u00e3o ou assessor parlamentar. J\u00e1 as vagas de gerente comercial e operacional exigem experi\u00eancia e gradua\u00e7\u00e3o na \u00e1rea ou afins.<br>Segundo o CEO da Rede Essent Jus, Guilherme Sturm, o per\u00edodo eleitoral \u00e9 um momento crucial para a expans\u00e3o da empresa. \u201cEstamos em constante desenvolvimento e crescimento e nosso combust\u00edvel est\u00e1 nas pessoas que fazem da Essent Jus o que ela \u00e9 hoje. Valorizamos muito colaboradores que possuem \u201csenso de dono\u201d, que cuidam da empresa como se ela fosse sua (porque realmente pode ser)\u201d, define o gestor. Guilherme tamb\u00e9m d\u00e1 a dica para quem quer se candidatar: \u201cBuscamos intraempreendedores, pessoas que querem crescer, que est\u00e3o dispostas a se adaptar e aprender continuamente. Os desafios mudam, e n\u00f3s precisamos mudar tamb\u00e9m.\u201d<br>A Rede Essent Jus \u00e9 a maior rede de contabilidade eleitoral da Am\u00e9rica Latina, com 988 unidades f\u00edsicas de atendimento em todo o pa\u00eds. Fundada em Tucunduva e sediada em Horizontina, a startup ga\u00facha \u00e9 especializada no fornecimento de solu\u00e7\u00f5es cont\u00e1beis e financeiras para partidos pol\u00edticos e campanhas. A empresa \u00e9 l\u00edder no desenvolvimento de aplicativos e ferramentas para facilitar a vida de contadores, al\u00e9m de fornecer tecnologia a escrit\u00f3rios de contabilidade parceiros.<\/p>\n\n\n\n<p><br>Confira as vagas:<br>Consultor de neg\u00f3cios (30 vagas) &#8211; Inscri\u00e7\u00f5es pelo link: https:\/\/grupoessent.vagas.solides.com.br\/vaga\/369560<br>Agente de expans\u00e3o (10 vagas) &#8211; Inscri\u00e7\u00f5es pelo link https:\/\/grupoessent.vagas.solides.com.br\/vaga\/375124<br>Gerente comercial (1 vaga) &#8211; Inscri\u00e7\u00f5es pelo link https:\/\/grupoessent.vagas.solides.com.br\/vaga\/376376<br>Gerente operacional (1 vaga) &#8211; Inscri\u00e7\u00f5es pelo link https:\/\/grupoessent.vagas.solides.com.br\/vaga\/376390<\/p>\n\n\n\n<p>Se inscreva em nosso canal do\u00a0<a href=\"https:\/\/youtube.com\/@tvnativoos\">youtube.com\/@tvnativoos<\/a>, curta nossa p\u00e1gina no facebook, instagram e veja nossa programa\u00e7\u00e3o ao vivo portal www.tvnativoos.com.br<\/p>\n","protected":false},"excerpt":{"rendered":"<p>Com a proximidade da disputa eleitoral para prefeitos e vereadores, a Rede Essent Jus, maior rede de contabilidade eleitoral da Am\u00e9rica Latina, est\u00e1 disponibilizando uma s\u00e9rie de vagas de trabalho com atua\u00e7\u00e3o na sua sede, em Horizontina, no Sul ga\u00facho. Ao todo s\u00e3o mais de 40 vagas, entre consultor de neg\u00f3cios (30), agente de expans\u00e3o [&hellip;]<\/p>\n","protected":false},"author":2,"featured_media":17220,"comment_status":"closed","ping_status":"open","sticky":false,"template":"","format":"standard","meta":{"footnotes":""},"categories":[8],"tags":[75,2600,178],"class_list":["post-17219","post","type-post","status-publish","format-standard","has-post-thumbnail","hentry","category-noticias","tag-emprego","tag-informacao","tag-tv-nativoos"],"cc_featured_image_caption":{"caption_text":"","source_text":"","source_url":""},"_links":{"self":[{"href":"https:\/\/tvnativoos.com.br\/wfe\/wp-json\/wp\/v2\/posts\/17219","targetHints":{"allow":["GET"]}}],"collection":[{"href":"https:\/\/tvnativoos.com.br\/wfe\/wp-json\/wp\/v2\/posts"}],"about":[{"href":"https:\/\/tvnativoos.com.br\/wfe\/wp-json\/wp\/v2\/types\/post"}],"author":[{"embeddable":true,"href":"https:\/\/tvnativoos.com.br\/wfe\/wp-json\/wp\/v2\/users\/2"}],"replies":[{"embeddable":true,"href":"https:\/\/tvnativoos.com.br\/wfe\/wp-json\/wp\/v2\/comments?post=17219"}],"version-history":[{"count":1,"href":"https:\/\/tvnativoos.com.br\/wfe\/wp-json\/wp\/v2\/posts\/17219\/revisions"}],"predecessor-version":[{"id":17221,"href":"https:\/\/tvnativoos.com.br\/wfe\/wp-json\/wp\/v2\/posts\/17219\/revisions\/17221"}],"wp:featuredmedia":[{"embeddable":true,"href":"https:\/\/tvnativoos.com.br\/wfe\/wp-json\/wp\/v2\/media\/17220"}],"wp:attachment":[{"href":"https:\/\/tvnativoos.com.br\/wfe\/wp-json\/wp\/v2\/media?parent=17219"}],"wp:term":[{"taxonomy":"category","embeddable":true,"href":"https:\/\/tvnativoos.com.br\/wfe\/wp-json\/wp\/v2\/categories?post=17219"},{"taxonomy":"post_tag","embeddable":true,"href":"https:\/\/tvnativoos.com.br\/wfe\/wp-json\/wp\/v2\/tags?post=17219"}],"curies":[{"name":"wp","href":"https:\/\/api.w.org\/{rel}","templated":true}]}}