{"id":17058,"date":"2024-04-01T22:17:46","date_gmt":"2024-04-01T22:17:46","guid":{"rendered":"https:\/\/tvnativoos.com.br\/wfe\/?p=17058"},"modified":"2024-04-01T22:17:46","modified_gmt":"2024-04-01T22:17:46","slug":"imbe-governo-municipal-oferta-diversas-atividades-voltadas-a-populacao-da-melhor-idade","status":"publish","type":"post","link":"https:\/\/tvnativoos.com.br\/wfe\/imbe-governo-municipal-oferta-diversas-atividades-voltadas-a-populacao-da-melhor-idade\/","title":{"rendered":"Imb\u00e9 &#8211; Governo municipal oferta diversas atividades voltadas \u00e0 popula\u00e7\u00e3o da melhor idade"},"content":{"rendered":"\n<p>A Secretaria Municipal da Mulher e Direitos Humanos (SEMDHI) realiza, semanalmente, atividades voltadas \u00e0 popula\u00e7\u00e3o idosa de Imb\u00e9, com aulas de dan\u00e7a e gin\u00e1stica. Tamb\u00e9m acontecem jogos de c\u00e2mbio, \u00e0s ter\u00e7as-feiras, no gin\u00e1sio da Escola Municipal de Ensino Fundamental Tiradentes, atrav\u00e9s do Programa S\u00e1bia Idade \u2013 Viver Sem Limites, al\u00e9m das viagens realizadas a v\u00e1rias cidades do Estado, para participarem das festas.<\/p>\n\n\n\n<p>Atualmente, o S\u00e1bia Idade possui sete locais de atendimento em diversos pontos da cidade, sendo que o Centro e o Balne\u00e1rio Albatroz possuem tr\u00eas turmas cada. A iniciativa atende gratuitamente homens e mulheres com idade a partir de 55 anos, para realiza\u00e7\u00e3o das aulas, al\u00e9m de procedimentos de controle de peso e medidas dos participantes. A secret\u00e1ria Daiana Godoy destaca que as inscri\u00e7\u00f5es para o programa seguem abertas.<\/p>\n\n\n\n<p>\u201cFicamos muito felizes em proporcionar este programa que beneficia diversas pessoas com mais idade, permitindo um envelhecimento com mais sa\u00fade e qualidade de vida\u201d, acrescenta Daiana.<\/p>\n\n\n\n<p>As inscri\u00e7\u00f5es para o projeto ocorrem na sede da SEMDHI, no Pr\u00e9dio Anexo I da Prefeitura, localizado na Avenida Paraguass\u00fa, n\u00b0 2070, no Centro, apresentando documento de CPF, RG, comprovante de resid\u00eancia e atestado m\u00e9dico de aptid\u00e3o para realiza\u00e7\u00e3o de atividades f\u00edsicas. Mais Informa\u00e7\u00f5es podem ser obtidas atrav\u00e9s dos telefones (51) 3627-8526 e (51) 3627-8546.<\/p>\n\n\n\n<p><strong>Confira a lista completa de locais e hor\u00e1rios do Programa S\u00e1bia Idade:<\/strong><\/p>\n\n\n\n<p><strong>Segunda-feira<\/strong><\/p>\n\n\n\n<p>8h30 \u2013 Sal\u00e3o da Igreja Medianeira (Centro), Sal\u00e3o da Igreja Santo Ant\u00f4nio (Presidente) e Sal\u00e3o da Igreja Santa Ana (Albatroz) \u2013 Ritmos<\/p>\n\n\n\n<p>10h \u2013 Sal\u00e3o da Igreja Medianeira (Centro)<\/p>\n\n\n\n<p>16h \u2013 Sal\u00e3o da Igreja Medianeira (Centro), SABAN (Nordeste) e Sal\u00e3o da Igreja Santa Ana (Albatroz) \u2013 Ritmos<\/p>\n\n\n\n<p><strong>Ter\u00e7a-feira<\/strong><\/p>\n\n\n\n<p>8h30 \u2013 Sal\u00e3o da Igreja Santa Ana (Albatroz), Sal\u00e3o da Igreja Santo Ant\u00f4nio (Presidente) \u2013 Ritmos<\/p>\n\n\n\n<p>9h \u2013 Sal\u00e3o da Igreja Santa Terezinha (Santa Terezinha)<\/p>\n\n\n\n<p>10h \u2013 Sal\u00e3o da Igreja Santa Ana (Albatroz) e Associa\u00e7\u00e3o de Moradores e Amigos de Imara-Imb\u00e9 (Imara) \u2013 Ritmos a partir de 21 de novembro<\/p>\n\n\n\n<p>16h \u2013 Sal\u00e3o da Igreja Santa Terezinha (Santa Terezinha) e Sal\u00e3o da Igreja Santa Ana (Albatroz)<\/p>\n\n\n\n<p><strong>Quarta-feira<\/strong><\/p>\n\n\n\n<p>8h30 \u2013 Sal\u00e3o da Comunidade Nossa Senhora Aparecida (Mariluz) e Sal\u00e3o da Igreja Medianeira (Centro)<\/p>\n\n\n\n<p>9h \u2013 Sal\u00e3o da Igreja Santa Terezinha (Santa Terezinha) \u2013 Ritmos<\/p>\n\n\n\n<p>10h \u2013 Sal\u00e3o da Igreja Medianeira (Centro)<\/p>\n\n\n\n<p>14h30 \u2013 Sal\u00e3o da Comunidade Nossa Senhora Aparecida (Mariluz)<\/p>\n\n\n\n<p>16h \u2013 Sal\u00e3o da Igreja Medianeira (Centro)<\/p>\n\n\n\n<p><strong>Quinta-feira<\/strong><\/p>\n\n\n\n<p>8h30 \u2013 Sal\u00e3o da Igreja Santa Ana (Albatroz), Sal\u00e3o da Igreja Santo Ant\u00f4nio (Presidente) e Sal\u00e3o da Comunidade Nossa Senhora Aparecida (Mariluz)<\/p>\n\n\n\n<p>10h \u2013 Sal\u00e3o da Igreja Santa Ana (Albatroz)<\/p>\n\n\n\n<p>16h \u2013 Sal\u00e3o da Igreja Santa Ana (Albatroz), SABAN (Nordeste) e Academia da Sa\u00fade (Centro)<\/p>\n\n\n\n<p><strong>Sexta-feira<\/strong><\/p>\n\n\n\n<p>8h30 \u2013 Sal\u00e3o da Comunidade Nossa Senhora Aparecida (Mariluz), Academia da Sa\u00fade (Centro) e Sal\u00e3o da Igreja Santa Terezinha (Santa Terezinha)<\/p>\n\n\n\n<p>10h \u2013 Associa\u00e7\u00e3o dos Moradores e Amigos de Imara-Imb\u00e9 (Imara) \u2013 a partir de 21 de novembro<\/p>\n\n\n\n<p>14h30 \u2013 Sal\u00e3o da Comunidade Nossa Senhora Aparecida (Mariluz)<\/p>\n\n\n\n<p>16h \u2013 SABAN (Nordeste) e Sal\u00e3o da Igreja Santa Terezinha (Santa Terezinha)<\/p>\n\n\n\n<p>Fonte: Assessoria de Co0munica\u00e7\u00e3o\/ Thaynara da Rosa<\/p>\n\n\n\n<p>Se inscreva em nosso canal do\u00a0<a href=\"https:\/\/youtube.com\/@tvnativoos\">youtube.com\/@tvnativoos<\/a>, curta nossa p\u00e1gina no facebook, instagram e veja nossa programa\u00e7\u00e3o ao vivo portal www.tvnativoos.com.br<\/p>\n","protected":false},"excerpt":{"rendered":"<p>A Secretaria Municipal da Mulher e Direitos Humanos (SEMDHI) realiza, semanalmente, atividades voltadas \u00e0 popula\u00e7\u00e3o idosa de Imb\u00e9, com aulas de dan\u00e7a e gin\u00e1stica. Tamb\u00e9m acontecem jogos de c\u00e2mbio, \u00e0s ter\u00e7as-feiras, no gin\u00e1sio da Escola Municipal de Ensino Fundamental Tiradentes, atrav\u00e9s do Programa S\u00e1bia Idade \u2013 Viver Sem Limites, al\u00e9m das viagens realizadas a v\u00e1rias [&hellip;]<\/p>\n","protected":false},"author":3,"featured_media":17059,"comment_status":"closed","ping_status":"open","sticky":false,"template":"","format":"standard","meta":{"footnotes":""},"categories":[8],"tags":[26,24,179,298,65],"class_list":["post-17058","post","type-post","status-publish","format-standard","has-post-thumbnail","hentry","category-noticias","tag-educacao","tag-imbe","tag-prefeitura","tag-saude","tag-tvnativoos"],"cc_featured_image_caption":{"caption_text":"","source_text":"","source_url":""},"_links":{"self":[{"href":"https:\/\/tvnativoos.com.br\/wfe\/wp-json\/wp\/v2\/posts\/17058","targetHints":{"allow":["GET"]}}],"collection":[{"href":"https:\/\/tvnativoos.com.br\/wfe\/wp-json\/wp\/v2\/posts"}],"about":[{"href":"https:\/\/tvnativoos.com.br\/wfe\/wp-json\/wp\/v2\/types\/post"}],"author":[{"embeddable":true,"href":"https:\/\/tvnativoos.com.br\/wfe\/wp-json\/wp\/v2\/users\/3"}],"replies":[{"embeddable":true,"href":"https:\/\/tvnativoos.com.br\/wfe\/wp-json\/wp\/v2\/comments?post=17058"}],"version-history":[{"count":1,"href":"https:\/\/tvnativoos.com.br\/wfe\/wp-json\/wp\/v2\/posts\/17058\/revisions"}],"predecessor-version":[{"id":17060,"href":"https:\/\/tvnativoos.com.br\/wfe\/wp-json\/wp\/v2\/posts\/17058\/revisions\/17060"}],"wp:featuredmedia":[{"embeddable":true,"href":"https:\/\/tvnativoos.com.br\/wfe\/wp-json\/wp\/v2\/media\/17059"}],"wp:attachment":[{"href":"https:\/\/tvnativoos.com.br\/wfe\/wp-json\/wp\/v2\/media?parent=17058"}],"wp:term":[{"taxonomy":"category","embeddable":true,"href":"https:\/\/tvnativoos.com.br\/wfe\/wp-json\/wp\/v2\/categories?post=17058"},{"taxonomy":"post_tag","embeddable":true,"href":"https:\/\/tvnativoos.com.br\/wfe\/wp-json\/wp\/v2\/tags?post=17058"}],"curies":[{"name":"wp","href":"https:\/\/api.w.org\/{rel}","templated":true}]}}