{"id":17041,"date":"2024-03-31T14:03:24","date_gmt":"2024-03-31T14:03:24","guid":{"rendered":"https:\/\/tvnativoos.com.br\/wfe\/?p=17041"},"modified":"2024-03-31T14:03:24","modified_gmt":"2024-03-31T14:03:24","slug":"domingo-de-pascoa-marca-encerramento-dos-servicos-de-guarda-vidas-no-litoral-norte","status":"publish","type":"post","link":"https:\/\/tvnativoos.com.br\/wfe\/domingo-de-pascoa-marca-encerramento-dos-servicos-de-guarda-vidas-no-litoral-norte\/","title":{"rendered":"Domingo de P\u00e1scoa marca encerramento dos servi\u00e7os de guarda-vidas no litoral Norte"},"content":{"rendered":"\n<p>Com a mudan\u00e7a clim\u00e1tica, onde o calor e mar limpo e claro, vem predominando por mais dias, o governo do estado deveria repensar o calend\u00e1rio de guarda-vidas.<\/p>\n\n\n\n<p> Odomingo de P\u00e1scoa, 31 de mar\u00e7o, marca o encerramento dos servi\u00e7os de guarda-vidas no litoral Norte. Apesar da\u00a07\u00aa Opera\u00e7\u00e3o Ver\u00e3o do Corpo de Bombeiros Militar do Rio Grande de Sul ter sido finalizada oficialmente em 3 de mar\u00e7o, a corpora\u00e7\u00e3o manteve guarda-vidas e sinaliza\u00e7\u00e3o nas\u00a0guaritas de maior movimento de banhistas no litoral Norte.\u00a0<\/p>\n\n\n\n<p>No balan\u00e7o apresentado pelo governo do Estado&nbsp;no \u00faltimo dia 25 de mar\u00e7o, o Corpo de Bombeiros realizou 879 salvamentos (aumento de 18,3% em rela\u00e7\u00e3o \u00e0 edi\u00e7\u00e3o anterior), al\u00e9m de 382.336 a\u00e7\u00f5es de preven\u00e7\u00e3o, destacando a atua\u00e7\u00e3o preventiva e socorrista efetiva da institui\u00e7\u00e3o. O Projeto Guarda-Vidas Mirim atingiu um p\u00fablico de 1.641 crian\u00e7as.<\/p>\n\n\n\n<p>O balan\u00e7o final, com nenhuma vida perdida em \u00e1reas com a presen\u00e7a de guarda-vidas, \u00e9 o resultado daquilo que a Institui\u00e7\u00e3o se prop\u00f5e a fazer: guardar e salvar vidas.<\/p>\n\n\n\n<p>O servi\u00e7o de guarda-vidas retorna em dezembro, mas haver\u00e1 a atividade a partir do segundo semestre em alguns finais de semanas quando do in\u00edcio do treinamento para a temporada 2024\/2025.<\/p>\n\n\n\n<p>Fonte e foto: Da Pria News<\/p>\n","protected":false},"excerpt":{"rendered":"<p>Com a mudan\u00e7a clim\u00e1tica, onde o calor e mar limpo e claro, vem predominando por mais dias, o governo do estado deveria repensar o calend\u00e1rio de guarda-vidas. Odomingo de P\u00e1scoa, 31 de mar\u00e7o, marca o encerramento dos servi\u00e7os de guarda-vidas no litoral Norte. Apesar da\u00a07\u00aa Opera\u00e7\u00e3o Ver\u00e3o do Corpo de Bombeiros Militar do Rio Grande [&hellip;]<\/p>\n","protected":false},"author":3,"featured_media":17042,"comment_status":"closed","ping_status":"open","sticky":false,"template":"","format":"standard","meta":{"footnotes":""},"categories":[8],"tags":[213,223,24,179,298,749,74,65],"class_list":["post-17041","post","type-post","status-publish","format-standard","has-post-thumbnail","hentry","category-noticias","tag-cultura","tag-esporte","tag-imbe","tag-prefeitura","tag-saude","tag-seguranca-2","tag-turismo","tag-tvnativoos"],"cc_featured_image_caption":{"caption_text":"","source_text":"","source_url":""},"_links":{"self":[{"href":"https:\/\/tvnativoos.com.br\/wfe\/wp-json\/wp\/v2\/posts\/17041","targetHints":{"allow":["GET"]}}],"collection":[{"href":"https:\/\/tvnativoos.com.br\/wfe\/wp-json\/wp\/v2\/posts"}],"about":[{"href":"https:\/\/tvnativoos.com.br\/wfe\/wp-json\/wp\/v2\/types\/post"}],"author":[{"embeddable":true,"href":"https:\/\/tvnativoos.com.br\/wfe\/wp-json\/wp\/v2\/users\/3"}],"replies":[{"embeddable":true,"href":"https:\/\/tvnativoos.com.br\/wfe\/wp-json\/wp\/v2\/comments?post=17041"}],"version-history":[{"count":1,"href":"https:\/\/tvnativoos.com.br\/wfe\/wp-json\/wp\/v2\/posts\/17041\/revisions"}],"predecessor-version":[{"id":17043,"href":"https:\/\/tvnativoos.com.br\/wfe\/wp-json\/wp\/v2\/posts\/17041\/revisions\/17043"}],"wp:featuredmedia":[{"embeddable":true,"href":"https:\/\/tvnativoos.com.br\/wfe\/wp-json\/wp\/v2\/media\/17042"}],"wp:attachment":[{"href":"https:\/\/tvnativoos.com.br\/wfe\/wp-json\/wp\/v2\/media?parent=17041"}],"wp:term":[{"taxonomy":"category","embeddable":true,"href":"https:\/\/tvnativoos.com.br\/wfe\/wp-json\/wp\/v2\/categories?post=17041"},{"taxonomy":"post_tag","embeddable":true,"href":"https:\/\/tvnativoos.com.br\/wfe\/wp-json\/wp\/v2\/tags?post=17041"}],"curies":[{"name":"wp","href":"https:\/\/api.w.org\/{rel}","templated":true}]}}