{"id":1696,"date":"2022-10-26T20:25:39","date_gmt":"2022-10-26T20:25:39","guid":{"rendered":"https:\/\/tvnativoos.com.br\/wfe\/?p=1696"},"modified":"2022-10-26T20:36:36","modified_gmt":"2022-10-26T20:36:36","slug":"osorio-ifrgs-inaugura-laboratorios-e-biblioteca","status":"publish","type":"post","link":"https:\/\/tvnativoos.com.br\/wfe\/osorio-ifrgs-inaugura-laboratorios-e-biblioteca\/","title":{"rendered":"Os\u00f3rio- IFRGS inaugura laborat\u00f3rios e biblioteca"},"content":{"rendered":"\n<p>Na quinta-feira, 13 de outubro de 2022, o\u00a0<em>Campus\u00a0<\/em>Os\u00f3rio realizou solenidade para marcar oficialmente a inaugura\u00e7\u00e3o do\u00a0<a rel=\"noreferrer noopener\" href=\"https:\/\/ifrs.edu.br\/osorio\/pesquisa-e-inovacao\/windmaker-laboratorio-maker\/\" target=\"_blank\"><em>Laborat\u00f3rio Windmaker<\/em><\/a>, do\u00a0<em>Laborat\u00f3rio de Ci\u00eancias Marie Sklodowska Curie<\/em>\u00a0e da\u00a0<a rel=\"noreferrer noopener\" href=\"https:\/\/ifrs.edu.br\/osorio\/biblioteca\/apresentacao\/\" target=\"_blank\"><em>Biblioteca Professora Tina Hatem<\/em><\/a>. Autoridades civis, acad\u00eamicas e convidados participaram do evento, que iniciou no audit\u00f3rio e seguiu com o descerramento das placas de inaugura\u00e7\u00e3o em cada um dos espa\u00e7os.<\/p>\n\n\n\n<!--more-->\n\n\n\n<p>O p\u00fablico foi recebido \u00e0s 14h com apresenta\u00e7\u00e3o ao piano do estudante Klaus Kaiser, do curso T\u00e9cnico em Inform\u00e1tica. Os anfitri\u00f5es do evento, diretora-geral do\u00a0<em>Campus\u00a0<\/em>Os\u00f3rio professora Fl\u00e1via Twardowski, e o reitor do IFRS professor J\u00falio Xandro Heck, subiram ao palco para fazerem uso da palavra<\/p>\n\n\n\n<p>Fl\u00e1via Twardowski destacou a import\u00e2ncia de cada um dos espa\u00e7os inaugurados, que s\u00e3o voltados \u00e0 comunidade, e do trabalho desempenhado pelas equipes envolvidas mesmo em meio \u00e0 pandemia de Covid-19, com a constru\u00e7\u00e3o do laborat\u00f3rio de ci\u00eancia, a \u00f3tima coloca\u00e7\u00e3o do projeto Windmaker no edital nacional que o fez virar um laborat\u00f3rio e das a\u00e7\u00f5es do N\u00facleo de Mem\u00f3ria que resultaram no nome da biblioteca que tanto significado tem para o campus.<\/p>\n\n\n\n<p>Agradeceu ao IFRS por tornar realidade a constru\u00e7\u00e3o de um laborat\u00f3rio de ci\u00eancias, cumprindo um compromisso firmado pelo pr\u00f3-reitor de Desenvolvimento Institucional Amilton de Moura Figueiredo em 2018, no evento Sal\u00e3o do IFRS, em Bento Gon\u00e7alves.<\/p>\n\n\n\n<p>J\u00e1 o reitor J\u00falio Xandro Heck ressaltou as tr\u00eas importantes entregas que estavam sendo feitas, que fazem o IFRS pulsar, estar vivo, presente na comunidade, entre as quais a \u201cconcretiza\u00e7\u00e3o de um sonho antigo do\u00a0<em>Campus<\/em>\u00a0Os\u00f3rio, que \u00e9 o laborat\u00f3rio de ci\u00eancias (\u2026) um espa\u00e7o para que as pessoas aprendam a gostar de ci\u00eancias, a praticar ci\u00eancia e a formarmos os cientistas do futuro\u201d, disse.<\/p>\n\n\n\n<p>Citou tamb\u00e9m as diversas obras que v\u00eam sendo realizadas e conclu\u00eddas pelo Instituto, com \u00eanfase nas quadras poliesportivas em todos os 17\u00a0<em>campi<\/em>, obra quem em breve tamb\u00e9m ser\u00e1 inaugurada oficialmente no Campus Os\u00f3rio. E entregou documenta\u00e7\u00e3o relativa \u00e0 doa\u00e7\u00e3o de 33 computadores para instala\u00e7\u00e3o em laborat\u00f3rio de ensino para os estudantes<\/p>\n\n\n\n<p>Os presentes assistiram a um\u00a0v\u00eddeo sobre os espa\u00e7os a serem inaugurados\u00a0e ap\u00f3s foram convidados a visitar cada um deles para acompanhar o descerramento das placas. A primeira inaugura\u00e7\u00e3o foi realizada no\u00a0<em>Laborat\u00f3rio de Ci\u00eancia Marie Sklodowska Curie<\/em>, onde bolsistas recepcionaram os visitantes e o ato de descerramento da placa foi realizado com a diretora Fl\u00e1via Twardowski, refer\u00eancia na \u00e1rea de pesquisa.<\/p>\n\n\n\n<p>Na sequ\u00eancia, a comitiva dirigiu-se ao\u00a0<em>Laborat\u00f3rio Windmaker, onde a placa foi descerrada com a coordenadora substituta do\u00a0laborat\u00f3rio, professora Bruna da Rosa.<\/em><\/p>\n\n\n\n<figure class=\"wp-block-image size-large\"><img loading=\"lazy\" decoding=\"async\" width=\"1024\" height=\"683\" src=\"http:\/\/tvnativoos.com.br\/wfe\/wp-content\/uploads\/2022\/10\/IMG_9669-1-1024x683.jpg\" alt=\"\" class=\"wp-image-1698\" srcset=\"https:\/\/tvnativoos.com.br\/wfe\/wp-content\/uploads\/2022\/10\/IMG_9669-1-1024x683.jpg 1024w, https:\/\/tvnativoos.com.br\/wfe\/wp-content\/uploads\/2022\/10\/IMG_9669-1-300x200.jpg 300w, https:\/\/tvnativoos.com.br\/wfe\/wp-content\/uploads\/2022\/10\/IMG_9669-1-768x512.jpg 768w, https:\/\/tvnativoos.com.br\/wfe\/wp-content\/uploads\/2022\/10\/IMG_9669-1-1536x1024.jpg 1536w, https:\/\/tvnativoos.com.br\/wfe\/wp-content\/uploads\/2022\/10\/IMG_9669-1-2048x1365.jpg 2048w\" sizes=\"auto, (max-width: 1024px) 100vw, 1024px\" \/><\/figure>\n\n\n\n<p>Por fim, foi inaugurada a\u00a0<em>Biblioteca Professora Tina Hatem<\/em>, com a presen\u00e7a da bibliotec\u00e1ria Luana Monique Delgado Lopes, que atuava no projeto\u00a0<em>Cafeteira Po\u00e9tica<\/em>, desenvolvido pela ent\u00e3o professora de Artes Maria da Concei\u00e7\u00e3o Hatem de Souza, a Tina (em mem\u00f3ria). Uma homenagem foi realizada por ela em lembran\u00e7a \u00e0 professora e em alus\u00e3o ao Outubro Rosa, m\u00eas de preven\u00e7\u00e3o ao c\u00e2ncer de mama \u2013 doen\u00e7a que vitimou Tina. A servidora Michelen Andrighetto, que venceu a doen\u00e7a e segue em tratamento, foi convidada a colocar um la\u00e7o rosa na cafeteira, que \u00e9 s\u00edmbolo do projeto, emocionando a todos.<\/p>\n\n\n\n<figure class=\"wp-block-image size-large\"><img loading=\"lazy\" decoding=\"async\" width=\"1024\" height=\"683\" src=\"http:\/\/tvnativoos.com.br\/wfe\/wp-content\/uploads\/2022\/10\/IMG_9690-1024x683.jpg\" alt=\"\" class=\"wp-image-1699\" srcset=\"https:\/\/tvnativoos.com.br\/wfe\/wp-content\/uploads\/2022\/10\/IMG_9690-1024x683.jpg 1024w, https:\/\/tvnativoos.com.br\/wfe\/wp-content\/uploads\/2022\/10\/IMG_9690-300x200.jpg 300w, https:\/\/tvnativoos.com.br\/wfe\/wp-content\/uploads\/2022\/10\/IMG_9690-768x512.jpg 768w, https:\/\/tvnativoos.com.br\/wfe\/wp-content\/uploads\/2022\/10\/IMG_9690-1536x1024.jpg 1536w, https:\/\/tvnativoos.com.br\/wfe\/wp-content\/uploads\/2022\/10\/IMG_9690-2048x1365.jpg 2048w\" sizes=\"auto, (max-width: 1024px) 100vw, 1024px\" \/><\/figure>\n\n\n\n<p>Participaram da inaugura\u00e7\u00e3o membros da gest\u00e3o do IFRS e do Campus Os\u00f3rio, o secret\u00e1rio de Administra\u00e7\u00e3o do munic\u00edpio de Os\u00f3rio, Juarez Sebasti\u00e3o Nunes,\u00a0a diretora-geral do Campus Rolante, Cl\u00e1udia Dias Zettermann; o coordenador substituto do Mestrado Nacional Profissional em Ensino de F\u00edsica do Polo da UFRGS Litoral, Alexandre Lu\u00eds Junges, al\u00e9m de estudantes egressos que mantinham rela\u00e7\u00e3o de amizade com a professora Tina Hatem e o ex-diretor do\u00a0<em>campus,<\/em>\u00a0Roberto Saouaya.<\/p>\n\n\n\n<p>Sobre os espa\u00e7os<\/p>\n\n\n\n<h4 class=\"wp-block-heading\">Laborat\u00f3rio Windmaker<\/h4>\n\n\n\n<p>Sua cria\u00e7\u00e3o foi poss\u00edvel por meio do projeto \u2018WindMaker: uma proposta de espa\u00e7o\u00a0<em>maker<\/em>\u00a0no IFRS Campus Os\u00f3rio\u2019 aprovado em 5\u00ba lugar em sele\u00e7\u00e3o nacional da Secretaria de Educa\u00e7\u00e3o Profissional e Tecnol\u00f3gica (Setec\/MEC)\u00a0<a rel=\"noreferrer noopener\" href=\"http:\/\/portal.mec.gov.br\/index.php?option=com_docman&amp;view=download&amp;alias=145681-sei-mec-2064339-edital-chamada-publica&amp;category_slug=2020&amp;Itemid=30192\" target=\"_blank\">(Edital N\u00ba 35\/2020<\/a><a rel=\"noreferrer noopener\" href=\"https:\/\/ifrs.edu.br\/osorio\/wp-content\/uploads\/sites\/9\/2020\/09\/MAKER_1.pdf\" target=\"_blank\">)<\/a>. Foram adquiridos equipamentos que comp\u00f5em o modelo de laborat\u00f3rio definido, com o pre\u00e7o de R$ 132,9 mil.<\/p>\n\n\n\n<figure class=\"wp-block-image size-large\"><img loading=\"lazy\" decoding=\"async\" width=\"1024\" height=\"635\" src=\"http:\/\/tvnativoos.com.br\/wfe\/wp-content\/uploads\/2022\/10\/IMG_9651-3-1-1024x635.jpg\" alt=\"\" class=\"wp-image-1703\" srcset=\"https:\/\/tvnativoos.com.br\/wfe\/wp-content\/uploads\/2022\/10\/IMG_9651-3-1-1024x635.jpg 1024w, https:\/\/tvnativoos.com.br\/wfe\/wp-content\/uploads\/2022\/10\/IMG_9651-3-1-300x186.jpg 300w, https:\/\/tvnativoos.com.br\/wfe\/wp-content\/uploads\/2022\/10\/IMG_9651-3-1-768x476.jpg 768w, https:\/\/tvnativoos.com.br\/wfe\/wp-content\/uploads\/2022\/10\/IMG_9651-3-1-1536x952.jpg 1536w, https:\/\/tvnativoos.com.br\/wfe\/wp-content\/uploads\/2022\/10\/IMG_9651-3-1-2048x1270.jpg 2048w\" sizes=\"auto, (max-width: 1024px) 100vw, 1024px\" \/><\/figure>\n\n\n\n<p>Os espa\u00e7os<em>\u00a0makers<\/em>\u00a0s\u00e3o conhecidos por promover iniciativas de incentivo \u00e0 criatividade, inova\u00e7\u00e3o e empreendedorismo, com projetos focados nas demandas da comunidade, permitindo que o aluno seja protagonista.<\/p>\n\n\n\n<p>Laborat\u00f3rio Marie Sklodowska Curie<\/p>\n\n\n\n<figure class=\"wp-block-image size-large\"><img loading=\"lazy\" decoding=\"async\" width=\"1024\" height=\"683\" src=\"http:\/\/tvnativoos.com.br\/wfe\/wp-content\/uploads\/2022\/10\/IMG_9654-2-1024x683.jpg\" alt=\"\" class=\"wp-image-1701\" srcset=\"https:\/\/tvnativoos.com.br\/wfe\/wp-content\/uploads\/2022\/10\/IMG_9654-2-1024x683.jpg 1024w, https:\/\/tvnativoos.com.br\/wfe\/wp-content\/uploads\/2022\/10\/IMG_9654-2-300x200.jpg 300w, https:\/\/tvnativoos.com.br\/wfe\/wp-content\/uploads\/2022\/10\/IMG_9654-2-768x512.jpg 768w, https:\/\/tvnativoos.com.br\/wfe\/wp-content\/uploads\/2022\/10\/IMG_9654-2-1536x1024.jpg 1536w, https:\/\/tvnativoos.com.br\/wfe\/wp-content\/uploads\/2022\/10\/IMG_9654-2-2048x1365.jpg 2048w\" sizes=\"auto, (max-width: 1024px) 100vw, 1024px\" \/><\/figure>\n\n\n\n<p>Ap\u00f3s uma reforma, em 2021, no valor de R$ 83 mil, o espa\u00e7o que era usado de forma adaptada transformou-se em laborat\u00f3rio de ci\u00eancias. Para a adequa\u00e7\u00e3o do espa\u00e7o foram trocados piso e instala\u00e7\u00f5es el\u00e9tricas, constru\u00eddas bancadas com cubas, mobili\u00e1rio de acordo com as necessidades do espa\u00e7o e atendidas especifica\u00e7\u00f5es do PCCI, como porta corta fogo.<\/p>\n\n\n\n<p>Agora, a maioria das atividades que precisavam ser feitas em laborat\u00f3rios externos, como na UFRGS, j\u00e1 est\u00e3o sendo realizadas no campus.<\/p>\n\n\n\n<p>Biblioteca Professora Tina Hatem<\/p>\n\n\n\n<p>O nome dado oficialmente \u00e0 biblioteca do\u00a0<em>campus,<\/em>\u00a0ap\u00f3s aprova\u00e7\u00e3o de pedido do N\u00facleo de Mem\u00f3ria (Numem) ao Conselho de Campus (Concampo) pela\u00a0<a rel=\"noreferrer noopener\" href=\"https:\/\/ifrs.edu.br\/osorio\/wp-content\/uploads\/sites\/9\/2020\/10\/12.2020-Homenagem-Tina.pdf\" target=\"_blank\">Resolu\u00e7\u00e3o N\u00ba12\/2020<\/a>, homenageia a professora de Artes Maria da Concei\u00e7\u00e3o Hatem de Souza, que se apresentava como Tina Hatem.<\/p>\n\n\n\n<p>A proposta surgiu de in\u00fameras manifesta\u00e7\u00f5es sobre a forte representatividade e atua\u00e7\u00e3o da docente nos primeiros anos de Campus Os\u00f3rio durante a s\u00e9rie de<em>\u00a0lives<\/em>\u00a0\u201cViv\u00eancias e Experi\u00eancias\u201d, realizada em agosto de 2020 com estudantes egressos de todas as modalidades de curso e ex-servidores em comemora\u00e7\u00e3o aos 10 anos do\u00a0<em>campus<\/em>.\u00a0<\/p>\n\n\n\n<figure class=\"wp-block-embed is-type-video is-provider-youtube wp-block-embed-youtube wp-embed-aspect-16-9 wp-has-aspect-ratio\"><div class=\"wp-block-embed__wrapper\">\n<iframe loading=\"lazy\" title=\"Inaugura\u00e7\u00e3o Espa\u00e7os M\u00faltiplos IFRS Campus Os\u00f3rio - V\u00eddeo Abertura\" width=\"640\" height=\"360\" src=\"https:\/\/www.youtube.com\/embed\/ky-3YzqQLZU?feature=oembed\" frameborder=\"0\" allow=\"accelerometer; autoplay; clipboard-write; encrypted-media; gyroscope; picture-in-picture; web-share\" referrerpolicy=\"strict-origin-when-cross-origin\" allowfullscreen><\/iframe>\n<\/div><\/figure>\n\n\n\n<p>Fonte:<\/p>\n\n\n\n<p>Jornalista Gabriela Mor\u00e9l <\/p>\n","protected":false},"excerpt":{"rendered":"<p>Na quinta-feira, 13 de outubro de 2022, o\u00a0Campus\u00a0Os\u00f3rio realizou solenidade para marcar oficialmente a inaugura\u00e7\u00e3o do\u00a0Laborat\u00f3rio Windmaker, do\u00a0Laborat\u00f3rio de Ci\u00eancias Marie Sklodowska Curie\u00a0e da\u00a0Biblioteca Professora Tina Hatem. Autoridades civis, acad\u00eamicas e convidados participaram do evento, que iniciou no audit\u00f3rio e seguiu com o descerramento das placas de inaugura\u00e7\u00e3o em cada um dos espa\u00e7os.<\/p>\n","protected":false},"author":3,"featured_media":1701,"comment_status":"closed","ping_status":"open","sticky":false,"template":"","format":"standard","meta":{"footnotes":""},"categories":[8],"tags":[456,454,455,71,457,459,65,458],"class_list":["post-1696","post","type-post","status-publish","format-standard","has-post-thumbnail","hentry","category-noticias","tag-biblioteca","tag-ifrgs","tag-laboratorios","tag-osorio","tag-reitor","tag-tina","tag-tvnativoos","tag-windmaker"],"cc_featured_image_caption":{"caption_text":"","source_text":"","source_url":""},"_links":{"self":[{"href":"https:\/\/tvnativoos.com.br\/wfe\/wp-json\/wp\/v2\/posts\/1696","targetHints":{"allow":["GET"]}}],"collection":[{"href":"https:\/\/tvnativoos.com.br\/wfe\/wp-json\/wp\/v2\/posts"}],"about":[{"href":"https:\/\/tvnativoos.com.br\/wfe\/wp-json\/wp\/v2\/types\/post"}],"author":[{"embeddable":true,"href":"https:\/\/tvnativoos.com.br\/wfe\/wp-json\/wp\/v2\/users\/3"}],"replies":[{"embeddable":true,"href":"https:\/\/tvnativoos.com.br\/wfe\/wp-json\/wp\/v2\/comments?post=1696"}],"version-history":[{"count":5,"href":"https:\/\/tvnativoos.com.br\/wfe\/wp-json\/wp\/v2\/posts\/1696\/revisions"}],"predecessor-version":[{"id":1709,"href":"https:\/\/tvnativoos.com.br\/wfe\/wp-json\/wp\/v2\/posts\/1696\/revisions\/1709"}],"wp:featuredmedia":[{"embeddable":true,"href":"https:\/\/tvnativoos.com.br\/wfe\/wp-json\/wp\/v2\/media\/1701"}],"wp:attachment":[{"href":"https:\/\/tvnativoos.com.br\/wfe\/wp-json\/wp\/v2\/media?parent=1696"}],"wp:term":[{"taxonomy":"category","embeddable":true,"href":"https:\/\/tvnativoos.com.br\/wfe\/wp-json\/wp\/v2\/categories?post=1696"},{"taxonomy":"post_tag","embeddable":true,"href":"https:\/\/tvnativoos.com.br\/wfe\/wp-json\/wp\/v2\/tags?post=1696"}],"curies":[{"name":"wp","href":"https:\/\/api.w.org\/{rel}","templated":true}]}}