{"id":16837,"date":"2024-03-16T02:00:56","date_gmt":"2024-03-16T02:00:56","guid":{"rendered":"https:\/\/tvnativoos.com.br\/wfe\/?p=16837"},"modified":"2024-03-16T02:00:56","modified_gmt":"2024-03-16T02:00:56","slug":"porto-alegre-ricardo-gomes-vice-prefeito-do-governo-sebastiao-melo-comunica-que-nao-ira-concorrer-novamente-em-2024-e-comunica-que-esta-deixando-o-pl","status":"publish","type":"post","link":"https:\/\/tvnativoos.com.br\/wfe\/porto-alegre-ricardo-gomes-vice-prefeito-do-governo-sebastiao-melo-comunica-que-nao-ira-concorrer-novamente-em-2024-e-comunica-que-esta-deixando-o-pl\/","title":{"rendered":"Porto Alegre &#8211; Ricardo Gomes vice-prefeito do governo Sebasti\u00e3o Melo, comunica que n\u00e3o ir\u00e1 concorrer novamente em 2024 e comunica que est\u00e1 deixando o PL"},"content":{"rendered":"\n<p> Com a decis\u00e3o de Ricardo Gomes, PL pode ter candidato pr\u00f3prio \u00e0 prefeitura de Porto Alegre.<\/p>\n\n\n\n<p>O vice-prefeito de Porto Alegre, Ricardo Gomes, anunciou que n\u00e3o ser\u00e1 candidato nas elei\u00e7\u00f5es de 2024 e tamb\u00e9m se desfiliar\u00e1 do PL. O motivo dessa decis\u00e3o est\u00e1 relacionado \u00e0 nomea\u00e7\u00e3o de uma nova comiss\u00e3o executiva pelo partido em Porto Alegre, o que gerou d\u00favidas sobre o apoio ao governo municipal.<\/p>\n\n\n\n<p>Ricardo Gomes afirmou que, como vice-prefeito, n\u00e3o pode colocar em d\u00favida seu apoio ao governo do qual faz parte. Essa situa\u00e7\u00e3o representa um desejo de mudan\u00e7a na condu\u00e7\u00e3o do partido e reabre discuss\u00f5es sobre o apoio ao governo municipal.<\/p>\n\n\n\n<p>Incomodado com a nomea\u00e7\u00e3o do deputado federal Luciano Zucco para presidir o PL em Porto Alegre, o<strong>&nbsp;vice-prefeito Ricardo Gomes publicou nota<\/strong>&nbsp;em suas redes sociais informando que&nbsp;<strong>n\u00e3o ser\u00e1 candidato na elei\u00e7\u00e3o deste ano<\/strong>.&nbsp;<\/p>\n\n\n\n<p>&#8220;Sou leal a esse projeto e estou comprometido com a sua continuidade. A despeito disso, a dire\u00e7\u00e3o nacional do Partido Liberal, meu partido, optou por nomear uma nova comiss\u00e3o Executiva em Porto Alegre, justamente no momento da constru\u00e7\u00e3o da coliga\u00e7\u00e3o para a elei\u00e7\u00e3o municipal, que v\u00ednhamos liderando&#8221;.&nbsp;<\/p>\n\n\n\n<p><strong>O PL avalia, sim, a possibilidade de lan\u00e7ar candidato nas principais capitais<\/strong>\u00a0e Porto Alegre \u00e9 estrat\u00e9gica para o projeto da elei\u00e7\u00e3o de 2026.\u00a0<strong>Zucco n\u00e3o descarta a possibilidade de o partido ter candidato<\/strong><\/p>\n\n\n\n<p>Fonte: Correio do Povo<\/p>\n\n\n\n<p>Se inscreva em nosso canal do\u00a0<a href=\"https:\/\/youtube.com\/@tvnativoos\">youtube.com\/@tvnativoos<\/a>, curta nossa p\u00e1gina no facebook, instagram e veja nossa programa\u00e7\u00e3o ao vivo portal www.tvnativoos.com.br<\/p>\n","protected":false},"excerpt":{"rendered":"<p>Com a decis\u00e3o de Ricardo Gomes, PL pode ter candidato pr\u00f3prio \u00e0 prefeitura de Porto Alegre. O vice-prefeito de Porto Alegre, Ricardo Gomes, anunciou que n\u00e3o ser\u00e1 candidato nas elei\u00e7\u00f5es de 2024 e tamb\u00e9m se desfiliar\u00e1 do PL. O motivo dessa decis\u00e3o est\u00e1 relacionado \u00e0 nomea\u00e7\u00e3o de uma nova comiss\u00e3o executiva pelo partido em Porto [&hellip;]<\/p>\n","protected":false},"author":3,"featured_media":16839,"comment_status":"closed","ping_status":"open","sticky":false,"template":"","format":"standard","meta":{"footnotes":""},"categories":[8],"tags":[1798,438,636,89,65],"class_list":["post-16837","post","type-post","status-publish","format-standard","has-post-thumbnail","hentry","category-noticias","tag-eleicoes-2","tag-partido","tag-pl","tag-porto-alegre","tag-tvnativoos"],"cc_featured_image_caption":{"caption_text":"Foto: Alex Rocha \/ PMPA \/ TV Nativoos","source_text":"","source_url":""},"_links":{"self":[{"href":"https:\/\/tvnativoos.com.br\/wfe\/wp-json\/wp\/v2\/posts\/16837","targetHints":{"allow":["GET"]}}],"collection":[{"href":"https:\/\/tvnativoos.com.br\/wfe\/wp-json\/wp\/v2\/posts"}],"about":[{"href":"https:\/\/tvnativoos.com.br\/wfe\/wp-json\/wp\/v2\/types\/post"}],"author":[{"embeddable":true,"href":"https:\/\/tvnativoos.com.br\/wfe\/wp-json\/wp\/v2\/users\/3"}],"replies":[{"embeddable":true,"href":"https:\/\/tvnativoos.com.br\/wfe\/wp-json\/wp\/v2\/comments?post=16837"}],"version-history":[{"count":1,"href":"https:\/\/tvnativoos.com.br\/wfe\/wp-json\/wp\/v2\/posts\/16837\/revisions"}],"predecessor-version":[{"id":16840,"href":"https:\/\/tvnativoos.com.br\/wfe\/wp-json\/wp\/v2\/posts\/16837\/revisions\/16840"}],"wp:featuredmedia":[{"embeddable":true,"href":"https:\/\/tvnativoos.com.br\/wfe\/wp-json\/wp\/v2\/media\/16839"}],"wp:attachment":[{"href":"https:\/\/tvnativoos.com.br\/wfe\/wp-json\/wp\/v2\/media?parent=16837"}],"wp:term":[{"taxonomy":"category","embeddable":true,"href":"https:\/\/tvnativoos.com.br\/wfe\/wp-json\/wp\/v2\/categories?post=16837"},{"taxonomy":"post_tag","embeddable":true,"href":"https:\/\/tvnativoos.com.br\/wfe\/wp-json\/wp\/v2\/tags?post=16837"}],"curies":[{"name":"wp","href":"https:\/\/api.w.org\/{rel}","templated":true}]}}