{"id":1668,"date":"2022-10-26T03:21:08","date_gmt":"2022-10-26T03:21:08","guid":{"rendered":"https:\/\/tvnativoos.com.br\/wfe\/?p=1668"},"modified":"2022-10-26T03:21:08","modified_gmt":"2022-10-26T03:21:08","slug":"tres-coroas-campeonato-sul-americano-de-canoagem-de-03-a-06-de-novembro","status":"publish","type":"post","link":"https:\/\/tvnativoos.com.br\/wfe\/tres-coroas-campeonato-sul-americano-de-canoagem-de-03-a-06-de-novembro\/","title":{"rendered":"Tr\u00eas Coroas- Campeonato Sul-americano de Canoagem de 03 a 06 de novembro."},"content":{"rendered":"<p><b>V\u00e1rios pa\u00edses estar\u00e3o representados no sul-americano de canoagem, em Tr\u00eas Coroas<\/b><br \/>\n<!--more--><\/p>\n<p><i>Tr\u00eas Coroas, no Vale do Paranhama, come\u00e7a a receber as delega\u00e7\u00f5es v\u00e1rios estados do Brasil para o\u00a0<\/i><i>Campeonato Sul-americano de Canoagem, que ocorrer\u00e1 de 3 a 6 de novembro, no Parque das Laranjeiras.<\/i><\/p>\n<p style=\"font-weight: 400;\">O evento deve contar com mais de 120 atletas que chegam com anteced\u00eancia para treinar e reconhecer o Rio Paranhana, que possui um excelente percurso t\u00e9cnico para as modalidades esportivas da competi\u00e7\u00e3o: slalom, descida e caiaque extremo.<\/p>\n<p style=\"font-weight: 400;\">O evento contar\u00e1 com importantes cano\u00edstas. Al\u00e9m de\u00a0Ana Satila, que est\u00e1 entre as melhores do mundo e participou das Olimp\u00edadas 2016 e 2021; Mathieu Desnus, franc\u00eas naturalizado brasileiro, campe\u00e3o Europeu Junior; Pedro Aversa, campe\u00e3o mundial 2019 de rafting e sul-americano de rafting 2022. Atletas tr\u00eas-coroenses, representantes da sele\u00e7\u00e3o brasileira de canoagem slalom, Murilo Sorgetz e Guilherme Mapelli e Cassio Petry tamb\u00e9m j\u00e1 confirmaram presen\u00e7a nas competi\u00e7\u00f5es.<\/p>\n<p style=\"font-weight: 400;\">S\u00e3o esperadas delega\u00e7\u00f5es do Chile, Argentina, Colombia, M\u00e9xico, Peru e Paraguai.<\/p>\n<p style=\"font-weight: 400;\">O evento inicia com as competi\u00e7\u00f5es na quinta-feira, dia 3 e segue at\u00e9 domingo, 6, prometendo muita adrenalina nas \u00e1guas do Rio Paranhana.<\/p>\n<p style=\"font-weight: 400;\">Uma programa\u00e7\u00e3o cultural, com shows na beira do rio tamb\u00e9m far\u00e1 parte do evento, sendo que no s\u00e1bado, das\u00a016h \u00e0s 19h, o DJ. Rafael Brum animar\u00e1 a galera e \u00e0s 19h, encerrando as atividades do dia ter\u00e1 show com Paulinho Trindade. No domingo, as atra\u00e7\u00f5es ser\u00e3o \u00e0s 15h, show Pagode Retro e \u00e0s 17h, show Alem\u00e3o Douglas.<\/p>\n<p style=\"font-weight: 400;\">A gastronomia ser\u00e1 uma atra\u00e7\u00e3o a parte, com lanches gourmet e cervejarias locais.<\/p>\n<p style=\"font-weight: 400;\">O evento \u00e9 aberto ao p\u00fablico e os ingressos custam 1Kg de alimento (menos sal) e 5 reais para moradores com comprovante de resid\u00eancia, 10 reais para visitantes e crian\u00e7as abaixo de 5 anos de idade, s\u00e3o isentos.<\/p>\n<p style=\"font-weight: 400;\">Mais informa\u00e7\u00f5es acesse o\u00a0<a href=\"http:\/\/visitetrescoroas.com.br\/\" data-saferedirecturl=\"https:\/\/www.google.com\/url?q=http:\/\/visitetrescoroas.com.br&amp;source=gmail&amp;ust=1666838402806000&amp;usg=AOvVaw1Iusi62pEf0BGcbMrbmOpE\">visitetrescoroas.com.br<\/a><\/p>\n<p style=\"font-weight: 400;\">O Campeonato de Canoagem \u00e9 uma realiza\u00e7\u00e3o da Asteca, com supervis\u00e3o da Confedera\u00e7\u00e3o Brasileira de Canoagem \u2013 CBCA e apoio da Prefeitura Municipal e Adec.<\/p>\n<p><img loading=\"lazy\" decoding=\"async\" class=\"alignnone size-medium wp-image-1671\" src=\"http:\/\/tvnativoos.com.br\/wfe\/wp-content\/uploads\/2022\/10\/IMG_7899-300x200.jpg\" alt=\"\" width=\"300\" height=\"200\" srcset=\"https:\/\/tvnativoos.com.br\/wfe\/wp-content\/uploads\/2022\/10\/IMG_7899-300x200.jpg 300w, https:\/\/tvnativoos.com.br\/wfe\/wp-content\/uploads\/2022\/10\/IMG_7899-1024x682.jpg 1024w, https:\/\/tvnativoos.com.br\/wfe\/wp-content\/uploads\/2022\/10\/IMG_7899-768x512.jpg 768w, https:\/\/tvnativoos.com.br\/wfe\/wp-content\/uploads\/2022\/10\/IMG_7899-1536x1024.jpg 1536w, https:\/\/tvnativoos.com.br\/wfe\/wp-content\/uploads\/2022\/10\/IMG_7899.jpg 1772w\" sizes=\"auto, (max-width: 300px) 100vw, 300px\" \/><\/p>\n<p>Fonte:LU Zanatta, fotos:<b>acervo Asteca<\/b><\/p>\n","protected":false},"excerpt":{"rendered":"<p>V\u00e1rios pa\u00edses estar\u00e3o representados no sul-americano de canoagem, em Tr\u00eas Coroas<\/p>\n","protected":false},"author":3,"featured_media":1669,"comment_status":"closed","ping_status":"open","sticky":false,"template":"","format":"standard","meta":{"footnotes":""},"categories":[8],"tags":[],"class_list":["post-1668","post","type-post","status-publish","format-standard","has-post-thumbnail","hentry","category-noticias"],"cc_featured_image_caption":{"caption_text":"","source_text":"","source_url":""},"_links":{"self":[{"href":"https:\/\/tvnativoos.com.br\/wfe\/wp-json\/wp\/v2\/posts\/1668","targetHints":{"allow":["GET"]}}],"collection":[{"href":"https:\/\/tvnativoos.com.br\/wfe\/wp-json\/wp\/v2\/posts"}],"about":[{"href":"https:\/\/tvnativoos.com.br\/wfe\/wp-json\/wp\/v2\/types\/post"}],"author":[{"embeddable":true,"href":"https:\/\/tvnativoos.com.br\/wfe\/wp-json\/wp\/v2\/users\/3"}],"replies":[{"embeddable":true,"href":"https:\/\/tvnativoos.com.br\/wfe\/wp-json\/wp\/v2\/comments?post=1668"}],"version-history":[{"count":1,"href":"https:\/\/tvnativoos.com.br\/wfe\/wp-json\/wp\/v2\/posts\/1668\/revisions"}],"predecessor-version":[{"id":1672,"href":"https:\/\/tvnativoos.com.br\/wfe\/wp-json\/wp\/v2\/posts\/1668\/revisions\/1672"}],"wp:featuredmedia":[{"embeddable":true,"href":"https:\/\/tvnativoos.com.br\/wfe\/wp-json\/wp\/v2\/media\/1669"}],"wp:attachment":[{"href":"https:\/\/tvnativoos.com.br\/wfe\/wp-json\/wp\/v2\/media?parent=1668"}],"wp:term":[{"taxonomy":"category","embeddable":true,"href":"https:\/\/tvnativoos.com.br\/wfe\/wp-json\/wp\/v2\/categories?post=1668"},{"taxonomy":"post_tag","embeddable":true,"href":"https:\/\/tvnativoos.com.br\/wfe\/wp-json\/wp\/v2\/tags?post=1668"}],"curies":[{"name":"wp","href":"https:\/\/api.w.org\/{rel}","templated":true}]}}