{"id":16144,"date":"2024-02-04T14:41:37","date_gmt":"2024-02-04T14:41:37","guid":{"rendered":"https:\/\/tvnativoos.com.br\/wfe\/?p=16144"},"modified":"2024-02-04T14:51:58","modified_gmt":"2024-02-04T14:51:58","slug":"38a-cavalgada-do-mar-iniciou-neste-sabado-por-torres-e-vai-percorrer-7-praias-do-litoral-norte","status":"publish","type":"post","link":"https:\/\/tvnativoos.com.br\/wfe\/38a-cavalgada-do-mar-iniciou-neste-sabado-por-torres-e-vai-percorrer-7-praias-do-litoral-norte\/","title":{"rendered":"38\u00aa Cavalgada do Mar, iniciou neste s\u00e1bado por Torres, e vai percorrer 7 praias do litoral Norte"},"content":{"rendered":"\n<p>A 38\u00aa edi\u00e7\u00e3o do Cavalgada do Mar reuniu centenas de participantes neste s\u00e1bado, 3 de fevereiro. O evento iniciou em Torres, com sa\u00edda marcada \u00e0s 7h30min, do CTG Porteira Ga\u00facha, na Vila S\u00e3o Jo\u00e3o.<\/p>\n\n\n\n<p>Durante oito dias, a tradi\u00e7\u00e3o ga\u00facha ganhar\u00e1 vida nos cora\u00e7\u00f5es de turistas, veranistas e moradores do Litoral Norte com a participa\u00e7\u00e3o de cavaleiros, amazonas e entusiastas de todas as idades, em um percurso de aproximadamente 300 quil\u00f4metros pela costa oce\u00e2nica.<\/p>\n\n\n<div class=\"g g-6\"><div class=\"g-dyn a-4 c-1\"><a class=\"gofollow\" data-track=\"NCw2LDYw\" href=\"https:\/\/arquitetalaurabaltar.com.br\/wfe\/\" target=\"_blank\"><img decoding=\"async\" src=\"http:\/\/tvnativoos.com.br\/wfe\/wp-content\/uploads\/2025\/01\/01-1.png\" \/><\/a><\/div><div class=\"g-dyn a-62 c-2\"><a class=\"gofollow\" data-track=\"NjIsNiw2MA==\" href=\": http:\/\/teliga.corsan.com.br\" target=\"_blank\"><img decoding=\"async\" src=\"http:\/\/tvnativoos.com.br\/wfe\/wp-content\/uploads\/2026\/02\/WhatsApp-Image-2026-02-19-at-17.23.17.jpeg\" \/><\/a><\/div><div class=\"g-dyn a-39 c-3\"><a class=\"gofollow\" data-track=\"MzksNiw2MA==\" href=\"https:\/\/tvnativoos.com.br\/wfe\/\" target=\"_blank\"><img decoding=\"async\" src=\"http:\/\/tvnativoos.com.br\/wfe\/wp-content\/uploads\/2024\/05\/WhatsApp-Image-2024-05-17-at-19.58.28.jpeg\" \/><\/a><\/div><div class=\"g-dyn a-6 c-4\"><a class=\"gofollow\" data-track=\"Niw2LDYw\" href=\"#\" target=\"_blank\"><img decoding=\"async\" src=\"http:\/\/tvnativoos.com.br\/wfe\/wp-content\/uploads\/2023\/01\/banner-agua-kangen-e1701887476486.jpeg\" \/><\/a><\/div><div class=\"g-dyn a-7 c-5\"><a class=\"gofollow\" data-track=\"Nyw2LDYw\" href=\"https:\/\/inovaimoveis.rs\/\" target=\"_blank\"><img decoding=\"async\" src=\"http:\/\/tvnativoos.com.br\/wfe\/wp-content\/uploads\/2023\/06\/Banner-Inova-300x214-1.jpeg\" \/><\/a><\/div><div class=\"g-dyn a-58 c-6\"><a class=\"gofollow\" data-track=\"NTgsNiw2MA==\" href=\"https:\/\/transformar.tramandai.rs.gov.br\/\"><img decoding=\"async\" src=\"http:\/\/tvnativoos.com.br\/wfe\/wp-content\/uploads\/2026\/03\/TV-Nativoos-300-x-250-px.png\" \/><\/a><\/div><\/div>\n\n\n<p>\u201cHomenagear o homem do campo \u00e9 um dos objetivos da nossa cavalgada, aquele ga\u00facho que n\u00e3o desiste. Com esta singela homenagem, reunimos amigos feitos no lombo do cavalo, amizades de uma vida inteira. N\u00e3o h\u00e1 nada melhor\u201d, destaca o presidente da Cavalgada, Luiz Eduardo Amaro Pellizzer.<\/p>\n\n\n\n<p>A Cavalgada tem in\u00edcio em 3 de fevereiro e est\u00e1 programada para encerrar em 10 de fevereiro, em Palmares do Sul. A jornada seguir\u00e1 de Torres para Cap\u00e3o da Canoa, passando por praias como Arroio do Sal, Imb\u00e9, Tramanda\u00ed, Cidreira e Balne\u00e1rio Pinhal, culminando na parada final em Palmares. Antes da sa\u00edda, em Torres, ser\u00e1 realizada uma missa campeira \u00e0s 7h, no CTG.<\/p>\n\n\n\n<p>Mais de 3,5 mil cavaleiros iniciaram na manh\u00e3 deste s\u00e1bado a 38\u00aa Cavalgada do Mar. O primeiro percurso, de 39 quil\u00f4metros, iniciou no CTG Porteira Ga\u00facha, em Torres, por volta das 7h30min e se encerra \u00e0 tarde em Arroio do Sal, onde os participantes ficar\u00e3o acampados at\u00e9 a manh\u00e3 deste domingo.<\/p>\n\n\n<div class=\"g g-7\"><div class=\"g-dyn a-62 c-1\"><a class=\"gofollow\" data-track=\"NjIsNyw2MA==\" href=\": http:\/\/teliga.corsan.com.br\" target=\"_blank\"><img decoding=\"async\" src=\"http:\/\/tvnativoos.com.br\/wfe\/wp-content\/uploads\/2026\/02\/WhatsApp-Image-2026-02-19-at-17.23.17.jpeg\" \/><\/a><\/div><div class=\"g-dyn a-7 c-2\"><a class=\"gofollow\" data-track=\"Nyw3LDYw\" href=\"https:\/\/inovaimoveis.rs\/\" target=\"_blank\"><img decoding=\"async\" src=\"http:\/\/tvnativoos.com.br\/wfe\/wp-content\/uploads\/2023\/06\/Banner-Inova-300x214-1.jpeg\" \/><\/a><\/div><div class=\"g-dyn a-58 c-3\"><a class=\"gofollow\" data-track=\"NTgsNyw2MA==\" href=\"https:\/\/transformar.tramandai.rs.gov.br\/\"><img decoding=\"async\" src=\"http:\/\/tvnativoos.com.br\/wfe\/wp-content\/uploads\/2026\/03\/TV-Nativoos-300-x-250-px.png\" \/><\/a><\/div><div class=\"g-dyn a-39 c-4\"><a class=\"gofollow\" data-track=\"MzksNyw2MA==\" href=\"https:\/\/tvnativoos.com.br\/wfe\/\" target=\"_blank\"><img decoding=\"async\" src=\"http:\/\/tvnativoos.com.br\/wfe\/wp-content\/uploads\/2024\/05\/WhatsApp-Image-2024-05-17-at-19.58.28.jpeg\" \/><\/a><\/div><div class=\"g-dyn a-8 c-5\"><a class=\"gofollow\" data-track=\"OCw3LDYw\" href=\"https:\/\/www.facebook.com\/sonia.conti.7545\" target=\"_blank\"><img decoding=\"async\" src=\"http:\/\/tvnativoos.com.br\/wfe\/wp-content\/uploads\/2023\/06\/BANNERS-350X250-SONIA-CONTI-1-300x214-1.jpg\" \/><\/a><\/div><div class=\"g-dyn a-4 c-6\"><a class=\"gofollow\" data-track=\"NCw3LDYw\" href=\"https:\/\/arquitetalaurabaltar.com.br\/wfe\/\" target=\"_blank\"><img decoding=\"async\" src=\"http:\/\/tvnativoos.com.br\/wfe\/wp-content\/uploads\/2025\/01\/01-1.png\" \/><\/a><\/div><div class=\"g-dyn a-6 c-7\"><a class=\"gofollow\" data-track=\"Niw3LDYw\" href=\"#\" target=\"_blank\"><img decoding=\"async\" src=\"http:\/\/tvnativoos.com.br\/wfe\/wp-content\/uploads\/2023\/01\/banner-agua-kangen-e1701887476486.jpeg\" \/><\/a><\/div><\/div>\n\n\n<p>O grupo de cavaleiros chegou \u00e0 beira do mar pouco depois das 10h, pela praia de Itapeva, que este ano foi o ponto de entrada na faixa de areia, uma vez que a antiga passagem pelo Parque da Guarita n\u00e3o foi permitida.<\/p>\n\n\n\n<p>Ao todo, ser\u00e3o 330 quil\u00f4metros e oito dias de jornada, percorrendo as principais praias do litoral norte ga\u00facho, como Cap\u00e3o da Canoa, Imb\u00e9, Tramanda\u00ed, Cidreira e Balne\u00e1rio Pinhal. A Cavalgada do Mar 2024 termina no dia 10 de fevereiro, em Palmares do Sul, onde ocorrer\u00e1 a festa de encerramento da edi\u00e7\u00e3o.<\/p>\n\n\n\n<p>O evento tradicional \u00e9 realizado pelo Instituto Cultural Cavalgada do Mar. Al\u00e9m dos acampamentos itinerantes, ser\u00e3o realizadas celebra\u00e7\u00f5es, competi\u00e7\u00f5es campeiras e homenagens em cada parada. Haver\u00e1 tamb\u00e9m concurso de declama\u00e7\u00e3o de poesias, com premia\u00e7\u00e3o tr\u00eas dos primeiros apresentados.<\/p>\n\n\n\n<p>De acordo com o presidente do Instituto, Luiz Eduardo Amaro Pellizzer, este momento \u00e9 de homenagem ao homem do campo. \u201cUm dos objetivos \u00e9 valorizar aquele ga\u00facho que n\u00e3o desiste. Com esta singela homenagem, reunimos amigos feitos no lombo do cavalo, amizades de uma vida inteira. N\u00e3o h\u00e1 nada melhor\u201d, destaca o presidente.<\/p>\n\n\n\n<p>\u201c\u00c9 uma hist\u00f3ria sendo preservada e, ao mesmo tempo, ganhando vida nos cora\u00e7\u00f5es de turistas, veranistas e moradores do Litoral Norte. \u00c9 turismo, tradi\u00e7\u00e3o e companheirismo&#8221;, ressaltou Pellizzer.<\/p>\n\n\n\n<p>Dentro da programa\u00e7\u00e3o da 38\u00aa edi\u00e7\u00e3o da Cavalgada, ocorrer\u00e3o a\u00e7\u00f5es como piquetes, declama\u00e7\u00e3o de poesias, entre outros desempenhos que engrandecem a cultura ga\u00facha. Os tr\u00eas primeiro lugares de cada categoria ser\u00e3o premiados.<\/p>\n\n\n\n<h3 class=\"wp-block-heading\">Programa\u00e7\u00e3o:<\/h3>\n\n\n\n<ul class=\"wp-block-list\">\n<li>2 de fevereiro &#8211; Concentra\u00e7\u00e3o<\/li>\n\n\n\n<li>3 de fevereiro &#8211; Partida Torres-Arroio do Sal<\/li>\n\n\n\n<li>4 de fevereiro &#8211; Partida Arroio do Sal &#8211; Cap\u00e3o da Canoa &#8211; CTG Jo\u00e3o Sobrinho<\/li>\n\n\n\n<li>5 de fevereiro &#8211; Partida Cap\u00e3o da Canoa &#8211; Imb\u00e9 &#8211; Parque de Eventos Santa Terezinha<\/li>\n\n\n\n<li>7 de fevereiro &#8211; Partida Imb\u00e9 \u2013 Tramanda\u00ed &#8211; Parque Municipal de Eventos<\/li>\n\n\n\n<li>8 de fevereiro &#8211; Partida Tramanda\u00ed- Cidreira- Farol de Salinas<\/li>\n\n\n\n<li>9 de fevereiro &#8211; Partida Cidreira &#8211; Palmares do Sul &#8211; Rei do Peixe<\/li>\n\n\n\n<li>10 de fevereiro &#8211; Palmares do Sul intervalo de encerramento<\/li>\n<\/ul>\n\n\n\n<p>Se inscreva em nosso canal do\u00a0<a href=\"https:\/\/youtube.com\/@tvnativoos\">youtube.com\/@tvnativoos<\/a>, curta nossa p\u00e1gina no facebook, instagram e veja nossa programa\u00e7\u00e3o ao vivo pelo canal 6 da Claro Net ou pelo portal tvnativoos.com.br<\/p>\n","protected":false},"excerpt":{"rendered":"<p>A 38\u00aa edi\u00e7\u00e3o do Cavalgada do Mar reuniu centenas de participantes neste s\u00e1bado, 3 de fevereiro. O evento iniciou em Torres, com sa\u00edda marcada \u00e0s 7h30min, do CTG Porteira Ga\u00facha, na Vila S\u00e3o Jo\u00e3o. Durante oito dias, a tradi\u00e7\u00e3o ga\u00facha ganhar\u00e1 vida nos cora\u00e7\u00f5es de turistas, veranistas e moradores do Litoral Norte com a participa\u00e7\u00e3o [&hellip;]<\/p>\n","protected":false},"author":3,"featured_media":16145,"comment_status":"closed","ping_status":"open","sticky":false,"template":"","format":"standard","meta":{"footnotes":""},"categories":[8],"tags":[2510,213,179,2110,74,65],"class_list":["post-16144","post","type-post","status-publish","format-standard","has-post-thumbnail","hentry","category-noticias","tag-cavalgada","tag-cultura","tag-prefeitura","tag-tradicao","tag-turismo","tag-tvnativoos"],"cc_featured_image_caption":{"caption_text":"Cavaleiros chegaram na beira de areia em Itapeva por volta das 10h | Foto: Mauro Schaefer -Correio do Povo","source_text":"","source_url":""},"_links":{"self":[{"href":"https:\/\/tvnativoos.com.br\/wfe\/wp-json\/wp\/v2\/posts\/16144","targetHints":{"allow":["GET"]}}],"collection":[{"href":"https:\/\/tvnativoos.com.br\/wfe\/wp-json\/wp\/v2\/posts"}],"about":[{"href":"https:\/\/tvnativoos.com.br\/wfe\/wp-json\/wp\/v2\/types\/post"}],"author":[{"embeddable":true,"href":"https:\/\/tvnativoos.com.br\/wfe\/wp-json\/wp\/v2\/users\/3"}],"replies":[{"embeddable":true,"href":"https:\/\/tvnativoos.com.br\/wfe\/wp-json\/wp\/v2\/comments?post=16144"}],"version-history":[{"count":2,"href":"https:\/\/tvnativoos.com.br\/wfe\/wp-json\/wp\/v2\/posts\/16144\/revisions"}],"predecessor-version":[{"id":16147,"href":"https:\/\/tvnativoos.com.br\/wfe\/wp-json\/wp\/v2\/posts\/16144\/revisions\/16147"}],"wp:featuredmedia":[{"embeddable":true,"href":"https:\/\/tvnativoos.com.br\/wfe\/wp-json\/wp\/v2\/media\/16145"}],"wp:attachment":[{"href":"https:\/\/tvnativoos.com.br\/wfe\/wp-json\/wp\/v2\/media?parent=16144"}],"wp:term":[{"taxonomy":"category","embeddable":true,"href":"https:\/\/tvnativoos.com.br\/wfe\/wp-json\/wp\/v2\/categories?post=16144"},{"taxonomy":"post_tag","embeddable":true,"href":"https:\/\/tvnativoos.com.br\/wfe\/wp-json\/wp\/v2\/tags?post=16144"}],"curies":[{"name":"wp","href":"https:\/\/api.w.org\/{rel}","templated":true}]}}