{"id":16012,"date":"2024-01-29T13:55:53","date_gmt":"2024-01-29T13:55:53","guid":{"rendered":"https:\/\/tvnativoos.com.br\/wfe\/?p=16012"},"modified":"2024-02-11T18:45:41","modified_gmt":"2024-02-11T18:45:41","slug":"ultimas-unidades-residencial-essen-em-tramandai","status":"publish","type":"post","link":"https:\/\/tvnativoos.com.br\/wfe\/ultimas-unidades-residencial-essen-em-tramandai\/","title":{"rendered":"Corretor Ant\u00f4nio Baltar, apresenta \u00faltimas unidades do Residencial Essence em Tramanda\u00ed"},"content":{"rendered":"\n<p class=\"has-text-align-center\">Excelente localiza\u00e7\u00e3o: Avenida Fernando Amaral, a poucos metros do mar e a uma quadra da Avenida Da Igreja. Bem pertinho da SAT.<\/p>\n\n\n\n<p>Vista panor\u00e2mica da cidade, mar, serra e p\u00f4r-do-sol.<\/p>\n\n\n\n<figure class=\"wp-block-embed is-type-video is-provider-youtube wp-block-embed-youtube wp-embed-aspect-16-9 wp-has-aspect-ratio\"><div class=\"wp-block-embed__wrapper\">\n<iframe loading=\"lazy\" title=\"Residencial Essence\" width=\"640\" height=\"360\" src=\"https:\/\/www.youtube.com\/embed\/nsBDpYIKrd0?feature=oembed\" frameborder=\"0\" allow=\"accelerometer; autoplay; clipboard-write; encrypted-media; gyroscope; picture-in-picture; web-share\" referrerpolicy=\"strict-origin-when-cross-origin\" allowfullscreen><\/iframe>\n<\/div><\/figure>\n\n\n\n<p>Residencial Essence, dezoito pavimentos, 9.512,00m\u00b2 de \u00e1rea total, 74 apartamentos, 85 box de estacionamento, tr\u00eas andares de garagem, dois elevadores com resgate autom\u00e1tico, espera para \u00e1gua quente, g\u00e1s central, port\u00e3o e porteiro eletr\u00f4nico, espera para TV a cabo e internet, luz de presen\u00e7a nas \u00e1reas de condom\u00ednio, medidor individual de \u00e1gua e g\u00e1s, com gerenciamento, hall de entrada mobiliado e decorado todo em porcelanato polido e granito, detalhes em gesso, aberturas externas em alum\u00ednio, espera para ar Split , piscina externa aquecida, sal\u00e3o de festas mobiliado e decorado, fachada 100% revestida, zelador permanente.<\/p>\n\n\n\n<p>Com apartamentos de 01, 02 e 03 dormit\u00f3rios, com su\u00edte (ou n\u00e3o), banheiro social, ambientes de estar e jantar integrados a sacada fechado com vidro, churrasqueira, espa\u00e7o gourmet, cozinha, lavanderia. Op\u00e7\u00e3o de uma ou mais vagas de garagens. Apartamentos com espera para ar Split em todos os ambientes, piso em porcelanato e somente quatro op\u00e7\u00f5es dispon\u00edveis com terra\u00e7o.<\/p>\n\n\n\n<p><strong>Excelente localiza\u00e7\u00e3o:<\/strong> Avenida Fernando Amaral, a poucos metros do mar e a uma quadra da Avenida Da Igreja. Bem pertinho da SAT<\/p>\n\n\n\n<p class=\"has-medium-font-size\"><strong>02 dorm. c\/su\u00edte leste\/norte \u00e1rea privativa: <\/strong>69,62 \u00e1rea total, com box de garagem: 122,97<br><strong>Valor: R$ 750.000.00<\/strong><\/p>\n\n\n\n<p><strong>02 dorm. c\/su\u00edte leste \u00e1rea privativa:<\/strong> 68,04 \u00e1rea total, com box de garagem: 115,87 <br><strong>Valor: R$ 690.000.00<\/strong><\/p>\n\n\n\n<p>Consulte outras op\u00e7\u00f5es de im\u00f3veis para o litoral Norte (51)983-190036<\/p>\n\n\n\n<div style=\"height:100px\" aria-hidden=\"true\" class=\"wp-block-spacer\"><\/div>\n\n\n\n<p class=\"has-text-align-center has-vivid-cyan-blue-background-color has-background has-medium-font-size\"><strong>Parcelamento direto com a construtora em at\u00e9 60X<\/strong><\/p>\n\n\n\n<div style=\"height:67px\" aria-hidden=\"true\" class=\"wp-block-spacer\"><\/div>\n\n\n\n<div class=\"wp-block-columns is-layout-flex wp-container-core-columns-is-layout-9d6595d7 wp-block-columns-is-layout-flex\">\n<div class=\"wp-block-column is-layout-flow wp-block-column-is-layout-flow\"><\/div>\n\n\n\n<div class=\"wp-block-column is-layout-flow wp-block-column-is-layout-flow\"><div class=\"nta_wa_button\" data-id=\"229\" data-info=\"{&quot;name&quot;:&quot;Baltar&quot;,&quot;info&quot;:{&quot;number&quot;:&quot;+5551983190036&quot;,&quot;title&quot;:&quot;Comercial&quot;,&quot;predefinedText&quot;:&quot;Ol\\u00e1,&quot;,&quot;willBeBackText&quot;:&quot;I will be back in [njwa_time_work]&quot;,&quot;dayOffsText&quot;:&quot;I will be back soon&quot;,&quot;isAlwaysAvailable&quot;:&quot;ON&quot;,&quot;daysOfWeekWorking&quot;:{&quot;sunday&quot;:{&quot;isWorkingOnDay&quot;:&quot;OFF&quot;,&quot;workHours&quot;:[{&quot;startTime&quot;:&quot;08:00&quot;,&quot;endTime&quot;:&quot;17:30&quot;}]},&quot;monday&quot;:{&quot;isWorkingOnDay&quot;:&quot;OFF&quot;,&quot;workHours&quot;:[{&quot;startTime&quot;:&quot;08:00&quot;,&quot;endTime&quot;:&quot;17:30&quot;}]},&quot;tuesday&quot;:{&quot;isWorkingOnDay&quot;:&quot;OFF&quot;,&quot;workHours&quot;:[{&quot;startTime&quot;:&quot;08:00&quot;,&quot;endTime&quot;:&quot;17:30&quot;}]},&quot;wednesday&quot;:{&quot;isWorkingOnDay&quot;:&quot;OFF&quot;,&quot;workHours&quot;:[{&quot;startTime&quot;:&quot;08:00&quot;,&quot;endTime&quot;:&quot;17:30&quot;}]},&quot;thursday&quot;:{&quot;isWorkingOnDay&quot;:&quot;OFF&quot;,&quot;workHours&quot;:[{&quot;startTime&quot;:&quot;08:00&quot;,&quot;endTime&quot;:&quot;17:30&quot;}]},&quot;friday&quot;:{&quot;isWorkingOnDay&quot;:&quot;OFF&quot;,&quot;workHours&quot;:[{&quot;startTime&quot;:&quot;08:00&quot;,&quot;endTime&quot;:&quot;17:30&quot;}]},&quot;saturday&quot;:{&quot;isWorkingOnDay&quot;:&quot;OFF&quot;,&quot;workHours&quot;:[{&quot;startTime&quot;:&quot;08:00&quot;,&quot;endTime&quot;:&quot;17:30&quot;}]}}},&quot;styles&quot;:{&quot;type&quot;:&quot;round&quot;,&quot;backgroundColor&quot;:&quot;#2DB742&quot;,&quot;textColor&quot;:&quot;#fff&quot;,&quot;label&quot;:&quot;Vamos Conversar!&quot;,&quot;width&quot;:300,&quot;height&quot;:64},&quot;avatar&quot;:false,&quot;options&quot;:{&quot;display&quot;:{&quot;displayCondition&quot;:&quot;showAllPage&quot;,&quot;includePages&quot;:[],&quot;excludePages&quot;:[],&quot;includePosts&quot;:[],&quot;showOnDesktop&quot;:&quot;ON&quot;,&quot;showOnMobile&quot;:&quot;ON&quot;,&quot;time_symbols&quot;:&quot;h:m&quot;},&quot;styles&quot;:{&quot;title&quot;:&quot;Inicie uma conversa&quot;,&quot;responseText&quot;:&quot;Responde em alguns minutos.&quot;,&quot;description&quot;:&quot;Escolha com quem voc\\u00ea quer conversar. Voc\\u00ea ser\\u00e1 &lt;strong&gt;direcionado ao WhatsApp&lt;\\\/strong&gt;&quot;,&quot;backgroundColor&quot;:&quot;#2db742&quot;,&quot;textColor&quot;:&quot;#fff&quot;,&quot;titleSize&quot;:18,&quot;accountNameSize&quot;:14,&quot;descriptionTextSize&quot;:12,&quot;regularTextSize&quot;:11,&quot;scrollHeight&quot;:&quot;500&quot;,&quot;isShowScroll&quot;:&quot;OFF&quot;,&quot;isShowResponseText&quot;:&quot;OFF&quot;,&quot;btnLabel&quot;:&quot;.&quot;,&quot;btnLabelWidth&quot;:&quot;0&quot;,&quot;btnPosition&quot;:&quot;right&quot;,&quot;btnLeftDistance&quot;:&quot;30&quot;,&quot;btnRightDistance&quot;:&quot;18&quot;,&quot;btnBottomDistance&quot;:&quot;147&quot;,&quot;isShowBtnLabel&quot;:&quot;OFF&quot;,&quot;isShowGDPR&quot;:&quot;OFF&quot;,&quot;gdprContent&quot;:&quot;Please accept our &lt;a href=\\&quot;https:\\\/\\\/ninjateam.org\\\/privacy-policy\\\/\\&quot;&gt;privacy policy&lt;\\\/a&gt; first to start a conversation.&quot;,&quot;isShowPoweredBy&quot;:&quot;ON&quot;},&quot;analytics&quot;:{&quot;enabledGoogle&quot;:&quot;OFF&quot;,&quot;enabledFacebook&quot;:&quot;OFF&quot;,&quot;enabledGoogleGA4&quot;:&quot;OFF&quot;}},&quot;gdprStatus&quot;:false,&quot;defaultAvatar&quot;:&quot;https:\\\/\\\/tvnativoos.com.br\\\/wfe\\\/wp-content\\\/plugins\\\/wp-whatsapp\\\/assets\\\/img\\\/whatsapp_logo.svg&quot;}\"><\/div><\/div>\n\n\n\n<div class=\"wp-block-column is-layout-flow wp-block-column-is-layout-flow\"><\/div>\n<\/div>\n\n\n\n<div style=\"height:100px\" aria-hidden=\"true\" class=\"wp-block-spacer\"><\/div>\n","protected":false},"excerpt":{"rendered":"<p>Excelente localiza\u00e7\u00e3o: Avenida Fernando Amaral, a poucos metros do mar e a uma quadra da Avenida Da Igreja. Bem pertinho da SAT. Vista panor\u00e2mica da cidade, mar, serra e p\u00f4r-do-sol. Residencial Essence, dezoito pavimentos, 9.512,00m\u00b2 de \u00e1rea total, 74 apartamentos, 85 box de estacionamento, tr\u00eas andares de garagem, dois elevadores com resgate autom\u00e1tico, espera para [&hellip;]<\/p>\n","protected":false},"author":1,"featured_media":16281,"comment_status":"closed","ping_status":"open","sticky":false,"template":"","format":"standard","meta":{"footnotes":""},"categories":[2496,2498],"tags":[],"class_list":["post-16012","post","type-post","status-publish","format-standard","has-post-thumbnail","hentry","category-imoveis","category-tramandai-imoveis"],"cc_featured_image_caption":{"caption_text":"","source_text":"","source_url":""},"_links":{"self":[{"href":"https:\/\/tvnativoos.com.br\/wfe\/wp-json\/wp\/v2\/posts\/16012","targetHints":{"allow":["GET"]}}],"collection":[{"href":"https:\/\/tvnativoos.com.br\/wfe\/wp-json\/wp\/v2\/posts"}],"about":[{"href":"https:\/\/tvnativoos.com.br\/wfe\/wp-json\/wp\/v2\/types\/post"}],"author":[{"embeddable":true,"href":"https:\/\/tvnativoos.com.br\/wfe\/wp-json\/wp\/v2\/users\/1"}],"replies":[{"embeddable":true,"href":"https:\/\/tvnativoos.com.br\/wfe\/wp-json\/wp\/v2\/comments?post=16012"}],"version-history":[{"count":9,"href":"https:\/\/tvnativoos.com.br\/wfe\/wp-json\/wp\/v2\/posts\/16012\/revisions"}],"predecessor-version":[{"id":16282,"href":"https:\/\/tvnativoos.com.br\/wfe\/wp-json\/wp\/v2\/posts\/16012\/revisions\/16282"}],"wp:featuredmedia":[{"embeddable":true,"href":"https:\/\/tvnativoos.com.br\/wfe\/wp-json\/wp\/v2\/media\/16281"}],"wp:attachment":[{"href":"https:\/\/tvnativoos.com.br\/wfe\/wp-json\/wp\/v2\/media?parent=16012"}],"wp:term":[{"taxonomy":"category","embeddable":true,"href":"https:\/\/tvnativoos.com.br\/wfe\/wp-json\/wp\/v2\/categories?post=16012"},{"taxonomy":"post_tag","embeddable":true,"href":"https:\/\/tvnativoos.com.br\/wfe\/wp-json\/wp\/v2\/tags?post=16012"}],"curies":[{"name":"wp","href":"https:\/\/api.w.org\/{rel}","templated":true}]}}