{"id":15850,"date":"2024-01-25T02:57:25","date_gmt":"2024-01-25T02:57:25","guid":{"rendered":"https:\/\/tvnativoos.com.br\/wfe\/?p=15850"},"modified":"2024-01-25T02:57:25","modified_gmt":"2024-01-25T02:57:25","slug":"animais-marinhos-azulados-aparecem-no-litoral-norte","status":"publish","type":"post","link":"https:\/\/tvnativoos.com.br\/wfe\/animais-marinhos-azulados-aparecem-no-litoral-norte\/","title":{"rendered":"Animais Marinhos Azulados, aparecem no litoral norte"},"content":{"rendered":"\n<p>Confira seus nomes,  suas caracter\u00edsticas e quais os riscos para os seres humanos<\/p>\n\n\n\n<p>Desconhecidas de grande parte dos veranistas ga\u00fachos, pelo menos cinco esp\u00e9cies de seres marinhos est\u00e3o sendo encontradas encalhadas na faixa de areia. Na manh\u00e3 desta quarta-feira (24),\u00a0 centenas das\u00a0<em>porpitas porpitas<\/em>\u00a0e alguns exemplares das temidas caravelas-portuguesas\u00a0na\u00a0<strong>praia de Cap\u00e3o da Canoa<\/strong>. Tamb\u00e9m foram identificadas por pesquisadores a\u00a0<em>vellela\u00a0vellela<\/em>\u00a0e mais duas esp\u00e9cies de moluscos.<\/p>\n\n\n\n<p>Embora algumas sejam comuns em \u00e1reas oce\u00e2nicas tropicais e subtropicais, a apari\u00e7\u00e3o \u00e0 beira-mar ou at\u00e9 mesmo na areia \u00e9 rara e acontece por uma converg\u00eancia de fatores.<\/p>\n\n\n\n<p>\u2014\u00a0<strong>Tem ventos intensos e constantes que v\u00eam do mar e que est\u00e3o empurrando esses organismos que normalmente vivem na superf\u00edcie do oceano, flutuando<\/strong>. \u00a0Ent\u00e3o eles v\u00eam passivamente atrav\u00e9s da for\u00e7a do vento, sendo direcionados para a costa. A gente tem tamb\u00e9m uma quest\u00e3o sazonal, um tempo de ver\u00e3o com \u00e1guas mais quente\u00a0\u2014 explicou a doutora em oceanografia e professora da UFRGS no Litoral Norte, Elisabeth Cabral.<\/p>\n\n\n\n<p>Das cinco esp\u00e9cies, tr\u00eas s\u00e3o classificadas como cnid\u00e1rias, que \u00e9 a\u00a0<strong>mesma da \u00e1gua-viva mais comum no litoral ga\u00facho<\/strong>. Elas possuem c\u00e9lulas urticantes, que atuam como um arp\u00e3o para atacar as presas. \u00c9 dessas c\u00e9lulas que vem a sensa\u00e7\u00e3o de queima\u00e7\u00e3o quando h\u00e1 um contato com os tent\u00e1culos. As outras duas esp\u00e9cies s\u00e3o\u00a0de\u00a0moluscos.<\/p>\n\n\n\n<p>Mas, afinal, como identificar e quais os riscos do contato com os animais? A professora adianta que cada uma possui um grau de risco, mas alerta que o contato deve ser sempre evitado.<\/p>\n\n\n\n<p>Confira abaixo cada uma das esp\u00e9cies encontradas:<\/p>\n\n\n\n<h2 class=\"wp-block-heading\"><strong>Cnid\u00e1rias<\/strong><\/h2>\n\n\n\n<h3 class=\"wp-block-heading\"><strong>Caravelas-portuguesas<\/strong><\/h3>\n\n\n\n<figure class=\"wp-block-image size-full\"><img loading=\"lazy\" decoding=\"async\" width=\"700\" height=\"466\" src=\"http:\/\/tvnativoos.com.br\/wfe\/wp-content\/uploads\/2024\/01\/4902374_62e7f5d092d7f66.jpg\" alt=\"\" class=\"wp-image-15851\" srcset=\"https:\/\/tvnativoos.com.br\/wfe\/wp-content\/uploads\/2024\/01\/4902374_62e7f5d092d7f66.jpg 700w, https:\/\/tvnativoos.com.br\/wfe\/wp-content\/uploads\/2024\/01\/4902374_62e7f5d092d7f66-300x200.jpg 300w\" sizes=\"auto, (max-width: 700px) 100vw, 700px\" \/><figcaption class=\"wp-element-caption\">O flutuador \u00e9 a causa do nome, por se assemelhar a uma embarca\u00e7\u00e3o de s\u00e9culos passados.<br>Anselmo Cunha \/ Agencia RBS\/Reprodu\u00e7\u00e3o TV Nativoos<\/figcaption><\/figure>\n\n\n\n<p>\u00c9, sem d\u00favidas, a mais nociva ao ser-humano e pode causar queimaduras de at\u00e9 terceiro grau dependendo da exposi\u00e7\u00e3o aos tent\u00e1culos que podem chegar a 50 metros de comprimento. Em alguns casos, o contato pode gerar at\u00e9 complica\u00e7\u00f5es mais graves de sa\u00fade, demandando atendimento m\u00e9dico.<\/p>\n\n\n\n<p>Essas caravelas s\u00e3o\u00a0caracterizadas por possuir um bal\u00e3o, que exerce a fun\u00e7\u00e3o de flutuar e faz com que elas sejam conduzidas pelo vento. \u00c9 este flutuador tamb\u00e9m respons\u00e1vel pelo nome caravela-portuguesa, em alus\u00e3o \u00e0s embarca\u00e7\u00f5es usadas pelos navegadores nos s\u00e9culos 15 e 16.<\/p>\n\n\n\n<figure class=\"wp-block-image size-full\"><img loading=\"lazy\" decoding=\"async\" width=\"700\" height=\"466\" src=\"http:\/\/tvnativoos.com.br\/wfe\/wp-content\/uploads\/2024\/01\/4902337_d1bb67ed5a69e91.jpg\" alt=\"\" class=\"wp-image-15852\" srcset=\"https:\/\/tvnativoos.com.br\/wfe\/wp-content\/uploads\/2024\/01\/4902337_d1bb67ed5a69e91.jpg 700w, https:\/\/tvnativoos.com.br\/wfe\/wp-content\/uploads\/2024\/01\/4902337_d1bb67ed5a69e91-300x200.jpg 300w\" sizes=\"auto, (max-width: 700px) 100vw, 700px\" \/><figcaption class=\"wp-element-caption\">Vellela vellela tem c\u00e9lulas urticantes.Elisabeth Cabral \/ Arquivo Pessoal\/Reprodu\u00e7\u00e3o TV Nativoos<\/figcaption><\/figure>\n\n\n\n<p>Assim como as carevelas-portuguesas, a&nbsp;<em>vellela&nbsp;vellela<\/em>&nbsp;possui um flutuador com formato de veleiro. Tamb\u00e9m de cor azulada, a esp\u00e9cie \u00e9 carregada pelo vento. O exemplar da imagem foi encontrado pela professora Elisabeth Cabral em Tramanda\u00ed. Como possui c\u00e9lulas urticantes, o contato com os tent\u00e1culos causa queimaduras, embora de gravidade menor do que a caravela inflige.<\/p>\n\n\n\n<h3 class=\"wp-block-heading\"><em><strong>Porpita\u00a0Porpita<\/strong><\/em><\/h3>\n\n\n\n<figure class=\"wp-block-image size-full\"><img loading=\"lazy\" decoding=\"async\" width=\"700\" height=\"466\" src=\"http:\/\/tvnativoos.com.br\/wfe\/wp-content\/uploads\/2024\/01\/4902377_fe236db108e5dca.jpg\" alt=\"\" class=\"wp-image-15853\" srcset=\"https:\/\/tvnativoos.com.br\/wfe\/wp-content\/uploads\/2024\/01\/4902377_fe236db108e5dca.jpg 700w, https:\/\/tvnativoos.com.br\/wfe\/wp-content\/uploads\/2024\/01\/4902377_fe236db108e5dca-300x200.jpg 300w\" sizes=\"auto, (max-width: 700px) 100vw, 700px\" \/><figcaption class=\"wp-element-caption\">Porpita \u00e9 a esp\u00e9cie mais comum no litoral norte do RS.<br>Anselmo Cunha \/ Agencia RBS\/Reprodu\u00e7\u00e3o TV Nativoos<\/figcaption><\/figure>\n\n\n\n<p>possuem numerosos tent\u00e1culos curtos. Pelo tamanho, s\u00e3o as que oferecem menor risco ao humano, podendo causar coceira e irrita\u00e7\u00e3o na pele.<\/p>\n\n\n\n<h2 class=\"wp-block-heading\"><strong>Moluscos<\/strong><\/h2>\n\n\n\n<h3 class=\"wp-block-heading\"><strong>Drag\u00e3o azul do mar<\/strong><\/h3>\n\n\n\n<figure class=\"wp-block-image size-full\"><img loading=\"lazy\" decoding=\"async\" width=\"700\" height=\"466\" src=\"http:\/\/tvnativoos.com.br\/wfe\/wp-content\/uploads\/2024\/01\/4902339_9f793d1b9ea9eba.jpg\" alt=\"\" class=\"wp-image-15854\" srcset=\"https:\/\/tvnativoos.com.br\/wfe\/wp-content\/uploads\/2024\/01\/4902339_9f793d1b9ea9eba.jpg 700w, https:\/\/tvnativoos.com.br\/wfe\/wp-content\/uploads\/2024\/01\/4902339_9f793d1b9ea9eba-300x200.jpg 300w\" sizes=\"auto, (max-width: 700px) 100vw, 700px\" \/><figcaption class=\"wp-element-caption\">Ser \u00e9 pequeno e tem tr\u00eas ap\u00eandices de cada lado.Elisabeth Cabral \/ Arquivo Pessoal\/Reprodu\u00e7\u00e3o TV Nativoos<\/figcaption><\/figure>\n\n\n\n<p>O nome pode at\u00e9 sugerir um animal de grande porte, mas o&nbsp;<em>Glaucus&nbsp;atlanticus&nbsp;<\/em>\u00e9 um ser pequeno e seria de dif\u00edcil visualiza\u00e7\u00e3o n\u00e3o fosse pelo tom azul met\u00e1lico que possui. O formato, com tr\u00eas ap\u00eandices de cada lado tamb\u00e9m surpreende. Embora n\u00e3o possua c\u00e9lulas urticantes, o drag\u00e3o azul tem uma caracter\u00edstica peculiar: ele \u00e9 um predador das caravelas-portuguesas e consegue absorver e armazenar a toxina de suas presas.<\/p>\n\n\n\n<p>\u2014 Durante a alimenta\u00e7\u00e3o ele ingere o organismo, por exemplo, a caravela-portuguesa, se alimenta dela e utiliza a c\u00e9lula dela em favor dele, para atacar predadores e tamb\u00e9m para paralisar e consumir outros organismos\u00a0\u2014 explicou Elisabeth.<\/p>\n\n\n\n<p><em><strong>Janthina\u00a0Janthina<\/strong><\/em><\/p>\n\n\n\n<figure class=\"wp-block-image size-full\"><img loading=\"lazy\" decoding=\"async\" width=\"700\" height=\"466\" src=\"http:\/\/tvnativoos.com.br\/wfe\/wp-content\/uploads\/2024\/01\/4902338_1875d94fbde31ce.jpg\" alt=\"\" class=\"wp-image-15855\" srcset=\"https:\/\/tvnativoos.com.br\/wfe\/wp-content\/uploads\/2024\/01\/4902338_1875d94fbde31ce.jpg 700w, https:\/\/tvnativoos.com.br\/wfe\/wp-content\/uploads\/2024\/01\/4902338_1875d94fbde31ce-300x200.jpg 300w\" sizes=\"auto, (max-width: 700px) 100vw, 700px\" \/><figcaption class=\"wp-element-caption\">Colora\u00e7\u00e3o azul ajuda a Janthina a se camuflar.Elisabeth Cabral \/ Arquivo Pessoal\/Reprodu\u00e7\u00e3o TV Nativoos<\/figcaption><\/figure>\n\n\n\n<p>Esse pequeno molusco possui&nbsp;uma concha em formato espiral de at\u00e9 quatro voltas, com cor que varia do branco para o lil\u00e1s. Essa colora\u00e7\u00e3o ajuda a&nbsp;<em>Janthina<\/em>&nbsp;a se camuflar dos predadores. Este exemplar da foto foi encontrado pela professora Elisabeth em Tramanda\u00ed na segunda-feira (22). Essa \u00e9 a \u00fanica das cinco que n\u00e3o apresenta riscos aos banhistas.<\/p>\n\n\n\n<h2 class=\"wp-block-heading\"><strong>O que fazer em caso de acidente<\/strong><\/h2>\n\n\n\n<p>Nestes casos, vale a mesma orienta\u00e7\u00e3o para acidentes envolvendo as \u00e1guas-vivas\u00a0comuns no nosso litoral.<\/p>\n\n\n\n<ul class=\"wp-block-list\">\n<li>N\u00e3o esfregue o local para n\u00e3o espalhar a toxina<\/li>\n\n\n\n<li>Se ainda houver tent\u00e1culos na pele, remover com camiseta ou toalha<\/li>\n\n\n\n<li>Procure a guarita mais pr\u00f3xima e pe\u00e7a vinagre, que alivia a dor<\/li>\n\n\n\n<li>Em caso de sintomas mais graves, como n\u00e1usea e febre, procure atendimento m\u00e9dico<\/li>\n<\/ul>\n\n\n\n<p>Fonte: GZH<\/p>\n\n\n\n<p>Se inscreva em nosso canal do\u00a0<a href=\"https:\/\/youtube.com\/@tvnativoos\">youtube.com\/@tvnativoos<\/a>, curta nossa p\u00e1gina no facebook, instagram e veja nossa programa\u00e7\u00e3o ao vivo pelo canal 6 da Claro Net ou pelo portal tvnativoos.com.br<\/p>\n","protected":false},"excerpt":{"rendered":"<p>Confira seus nomes, suas caracter\u00edsticas e quais os riscos para os seres humanos Desconhecidas de grande parte dos veranistas ga\u00fachos, pelo menos cinco esp\u00e9cies de seres marinhos est\u00e3o sendo encontradas encalhadas na faixa de areia. Na manh\u00e3 desta quarta-feira (24),\u00a0 centenas das\u00a0porpitas porpitas\u00a0e alguns exemplares das temidas caravelas-portuguesas\u00a0na\u00a0praia de Cap\u00e3o da Canoa. Tamb\u00e9m foram identificadas [&hellip;]<\/p>\n","protected":false},"author":3,"featured_media":15852,"comment_status":"closed","ping_status":"open","sticky":false,"template":"","format":"standard","meta":{"footnotes":""},"categories":[8],"tags":[1961,49,26,24,298,37,74,65,50],"class_list":["post-15850","post","type-post","status-publish","format-standard","has-post-thumbnail","hentry","category-noticias","tag-capao-da-canoa-2","tag-ceclimar","tag-educacao","tag-imbe","tag-saude","tag-tramandai","tag-turismo","tag-tvnativoos","tag-ufrgs"],"cc_featured_image_caption":{"caption_text":"Elisabeth Cabral \/ Arquivo Pessoal","source_text":"","source_url":""},"_links":{"self":[{"href":"https:\/\/tvnativoos.com.br\/wfe\/wp-json\/wp\/v2\/posts\/15850","targetHints":{"allow":["GET"]}}],"collection":[{"href":"https:\/\/tvnativoos.com.br\/wfe\/wp-json\/wp\/v2\/posts"}],"about":[{"href":"https:\/\/tvnativoos.com.br\/wfe\/wp-json\/wp\/v2\/types\/post"}],"author":[{"embeddable":true,"href":"https:\/\/tvnativoos.com.br\/wfe\/wp-json\/wp\/v2\/users\/3"}],"replies":[{"embeddable":true,"href":"https:\/\/tvnativoos.com.br\/wfe\/wp-json\/wp\/v2\/comments?post=15850"}],"version-history":[{"count":1,"href":"https:\/\/tvnativoos.com.br\/wfe\/wp-json\/wp\/v2\/posts\/15850\/revisions"}],"predecessor-version":[{"id":15856,"href":"https:\/\/tvnativoos.com.br\/wfe\/wp-json\/wp\/v2\/posts\/15850\/revisions\/15856"}],"wp:featuredmedia":[{"embeddable":true,"href":"https:\/\/tvnativoos.com.br\/wfe\/wp-json\/wp\/v2\/media\/15852"}],"wp:attachment":[{"href":"https:\/\/tvnativoos.com.br\/wfe\/wp-json\/wp\/v2\/media?parent=15850"}],"wp:term":[{"taxonomy":"category","embeddable":true,"href":"https:\/\/tvnativoos.com.br\/wfe\/wp-json\/wp\/v2\/categories?post=15850"},{"taxonomy":"post_tag","embeddable":true,"href":"https:\/\/tvnativoos.com.br\/wfe\/wp-json\/wp\/v2\/tags?post=15850"}],"curies":[{"name":"wp","href":"https:\/\/api.w.org\/{rel}","templated":true}]}}