{"id":1580,"date":"2022-10-20T20:55:35","date_gmt":"2022-10-20T20:55:35","guid":{"rendered":"https:\/\/tvnativoos.com.br\/wfe\/?p=1580"},"modified":"2022-10-20T20:56:42","modified_gmt":"2022-10-20T20:56:42","slug":"tramandai-educacao-sera-homenageada-em-evento-do-ministerio-publico","status":"publish","type":"post","link":"https:\/\/tvnativoos.com.br\/wfe\/tramandai-educacao-sera-homenageada-em-evento-do-ministerio-publico\/","title":{"rendered":"Tramanda\u00ed- Educa\u00e7\u00e3o ser\u00e1 homenageada em evento do Minist\u00e9rio P\u00fablico"},"content":{"rendered":"\n<h5 class=\"wp-block-heading\">Nesta sexta-feira (21\/10), a SMEC apresentar\u00e1 em Porto Alegre o projeto &#8220;Educando com esperan\u00e7a e alegria, resgatando valores e sonhos&#8221;.<\/h5>\n\n\n\n<p class=\"has-text-align-left\">A educa\u00e7\u00e3o de Tramanda\u00ed \u00e9 considerada uma das melhores do Estado do Rio Grande do Sul. Novas e revitalizadas escolas, qualifica\u00e7\u00e3o dos profissionais, projetos inovadores, uniformes e alimenta\u00e7\u00e3o de qualidade, fizeram com que o ensino do munic\u00edpio desse um salto de qualidade nos \u00faltimos anos.&nbsp;<\/p>\n\n\n\n<!--more-->\n\n\n\n<p>O trabalho constante na busca pela excel\u00eancia dos servi\u00e7os prestados a pais e alunos, fez com que a Secretaria de Educa\u00e7\u00e3o de Tramanda\u00ed ganhasse reconhecimento do Minist\u00e9rio P\u00fablico Ga\u00facho. Nesta sexta-feira (21\/10), a SMEC apresentar\u00e1 em Porto Alegre o projeto &#8220;Educando com esperan\u00e7a e alegria, resgatando valores e sonhos&#8221;.&nbsp;<\/p>\n\n\n\n<p>O projeto foi um dos oito selecionados pelo Minist\u00e9rio P\u00fablico do Estado, de um total de 95 inscritos. Ele consiste em um conjunto de a\u00e7\u00f5es desenvolvidas pela Secretaria de Educa\u00e7\u00e3o de Tramanda\u00ed junto \u00e0s escolas municipais, que tem por intencionalidade apoiar os processos de Busca Ativa Escolar e de Recomposi\u00e7\u00e3o das Aprendizagens dos estudantes da rede municipal.&nbsp;<\/p>\n\n\n\n<p>Alguns objetivos deste projeto s\u00e3o:<\/p>\n\n\n\n<p>&#8211; Combater o abandono escolar.<\/p>\n\n\n\n<p>&#8211; Reduzir as taxas de distor\u00e7\u00e3o idade-s\u00e9rie atrav\u00e9s da oferta de classes simult\u00e2neas de acelera\u00e7\u00e3o de estudos.<\/p>\n\n\n\n<p>&#8211; Garantir a perman\u00eancia dos estudantes na escola por meio de propostas pedag\u00f3gicas inovadoras com o uso de metodologias ativas de ensino.<\/p>\n\n\n\n<p>&#8211; Tornar a escola um espa\u00e7o atrativo para os estudantes, atrav\u00e9s da aquisi\u00e7\u00e3o de materiais pedag\u00f3gicos e esportivos, uniforme escolares, assim como, de equipamentos de tecnologia e conectividade nas escolas.<\/p>\n\n\n\n<p>&#8211; Instituir projetos pedag\u00f3gicos que tratem de assuntos de relev\u00e2ncia social como alimenta\u00e7\u00e3o saud\u00e1vel, o combate ao trabalho infantil e o resgate \u00e0 inf\u00e2ncia, combate a viol\u00eancia contra a mulher, educa\u00e7\u00e3o financeira, educa\u00e7\u00e3o para o consumo, empreendedorismo e projeto de vida.<\/p>\n\n\n\n<p>&#8211; Promover a constru\u00e7\u00e3o da cidadania junto \u00e0s crian\u00e7as e adolescentes, desenvolvendo de forma educativa e democr\u00e1tica, compet\u00eancias e habilidades como comunica\u00e7\u00e3o, autoconhecimento, autocuidado, empatia e coopera\u00e7\u00e3o atrav\u00e9s de projetos esportivos e de incentivo \u00e0 leitura. \u201c\u00c9 com grande orgulho que recebemos esta distin\u00e7\u00e3o, o que prova que estamos no caminho certo. A educa\u00e7\u00e3o sempre foi uma das nossas prioridades e vamos seguir qualificando o ensino de Tramanda\u00ed. Nossos parab\u00e9ns a Secretaria de Educa\u00e7\u00e3o Alvanira Gamba e toda a sua equipe pelo grande trabalho\u201d, destacou o Prefeito Luiz Carlos Gauto.\u00a0<\/p>\n\n\n\n<p>A apresenta\u00e7\u00e3o do projeto ocorrer\u00e1 em evento h\u00edbrido, presencial no audit\u00f3rio do MP, e virtual atrav\u00e9s de transmiss\u00e3o no YouTube. Tramanda\u00ed receber\u00e1 homenagem como experi\u00eancia destaque com distin\u00e7\u00e3o na recupera\u00e7\u00e3o de aprendizagens.<\/p>\n\n\n\n<p>\u201cEntendemos em Tramanda\u00ed, que para as escolas serem espa\u00e7os relevantes para os nossos alunos e comunidades, elas precisam ser interessantes. Neste sentido, os resultados deste conjunto amplo de propostas que tem por intencionalidade tornar o ambiente de aprendizagem acolhedor, atrativo e din\u00e2mico, j\u00e1 come\u00e7am a aparecer\u201d, explicou a Secret\u00e1ria de Educa\u00e7\u00e3o e Cultura, Alvanira Ferri Gamba.&nbsp;&nbsp;<\/p>\n\n\n\n<p>Como o evento ser\u00e1 h\u00edbrido, presencial no audit\u00f3rio do Minist\u00e9rio P\u00fablico em Porto Alegre e virtual com transmiss\u00e3o no YouTube, todos podem assistir atrav\u00e9s de<a href=\"https:\/\/docs.google.com\/forms\/d\/e\/1FAIpQLSfFsdBkZuo0cxd7sO6W5Qo-0b-2nI3txH9DI4wMgqx3lxbW5w\/viewform\">&nbsp;inscri\u00e7\u00e3o<\/a>. A transmiss\u00e3o do evento pode ser acessada por&nbsp;<a href=\"https:\/\/www.youtube.com\/watch?v=kNUm5CZIqTs\">aqui<\/a><\/p>\n","protected":false},"excerpt":{"rendered":"<p>Nesta sexta-feira (21\/10), a SMEC apresentar\u00e1 em Porto Alegre o projeto &#8220;Educando com esperan\u00e7a e alegria, resgatando valores e sonhos&#8221;. A educa\u00e7\u00e3o de Tramanda\u00ed \u00e9 considerada uma das melhores do Estado do Rio Grande do Sul. Novas e revitalizadas escolas, qualifica\u00e7\u00e3o dos profissionais, projetos inovadores, uniformes e alimenta\u00e7\u00e3o de qualidade, fizeram com que o ensino [&hellip;]<\/p>\n","protected":false},"author":3,"featured_media":1583,"comment_status":"closed","ping_status":"open","sticky":false,"template":"","format":"standard","meta":{"footnotes":""},"categories":[8],"tags":[26,24,386,179,387,37,65],"class_list":["post-1580","post","type-post","status-publish","format-standard","has-post-thumbnail","hentry","category-noticias","tag-educacao","tag-imbe","tag-ministerio","tag-prefeitura","tag-publico","tag-tramandai","tag-tvnativoos"],"cc_featured_image_caption":{"caption_text":"","source_text":"","source_url":""},"_links":{"self":[{"href":"https:\/\/tvnativoos.com.br\/wfe\/wp-json\/wp\/v2\/posts\/1580","targetHints":{"allow":["GET"]}}],"collection":[{"href":"https:\/\/tvnativoos.com.br\/wfe\/wp-json\/wp\/v2\/posts"}],"about":[{"href":"https:\/\/tvnativoos.com.br\/wfe\/wp-json\/wp\/v2\/types\/post"}],"author":[{"embeddable":true,"href":"https:\/\/tvnativoos.com.br\/wfe\/wp-json\/wp\/v2\/users\/3"}],"replies":[{"embeddable":true,"href":"https:\/\/tvnativoos.com.br\/wfe\/wp-json\/wp\/v2\/comments?post=1580"}],"version-history":[{"count":1,"href":"https:\/\/tvnativoos.com.br\/wfe\/wp-json\/wp\/v2\/posts\/1580\/revisions"}],"predecessor-version":[{"id":1584,"href":"https:\/\/tvnativoos.com.br\/wfe\/wp-json\/wp\/v2\/posts\/1580\/revisions\/1584"}],"wp:featuredmedia":[{"embeddable":true,"href":"https:\/\/tvnativoos.com.br\/wfe\/wp-json\/wp\/v2\/media\/1583"}],"wp:attachment":[{"href":"https:\/\/tvnativoos.com.br\/wfe\/wp-json\/wp\/v2\/media?parent=1580"}],"wp:term":[{"taxonomy":"category","embeddable":true,"href":"https:\/\/tvnativoos.com.br\/wfe\/wp-json\/wp\/v2\/categories?post=1580"},{"taxonomy":"post_tag","embeddable":true,"href":"https:\/\/tvnativoos.com.br\/wfe\/wp-json\/wp\/v2\/tags?post=1580"}],"curies":[{"name":"wp","href":"https:\/\/api.w.org\/{rel}","templated":true}]}}