{"id":15719,"date":"2024-01-18T20:23:51","date_gmt":"2024-01-18T20:23:51","guid":{"rendered":"https:\/\/tvnativoos.com.br\/wfe\/?p=15719"},"modified":"2024-01-18T20:23:51","modified_gmt":"2024-01-18T20:23:51","slug":"educacao-prouni-2024-aumenta-vagas-para-os-cursos-de-direito-e-medicina","status":"publish","type":"post","link":"https:\/\/tvnativoos.com.br\/wfe\/educacao-prouni-2024-aumenta-vagas-para-os-cursos-de-direito-e-medicina\/","title":{"rendered":"Educa\u00e7\u00e3o ProUni-2024 aumenta vagas para os cursos de Direito e Medicina"},"content":{"rendered":"\n<p>Edital da 1\u00aa edi\u00e7\u00e3o foi publicado pelo Minist\u00e9rio da Educa\u00e7\u00e3o<\/p>\n\n\n\n<p>O primeiro edital de 2024 do Programa Universidade para Todos (ProUni) aumentou o n\u00famero de vagas para os cursos de gradua\u00e7\u00e3o em Direito e Medicina.<\/p>\n\n\n\n<p>O edital geral do processo seletivo, referente ao primeiro semestre deste ano, foi publicado nesta quarta-feira, 17. O programa federal concede bolsas a estudantes de baixa renda em institui\u00e7\u00f5es privadas de ensino superior.<\/p>\n\n\n<div class=\"g g-6\"><div class=\"g-dyn a-58 c-1\"><a class=\"gofollow\" data-track=\"NTgsNiw2MA==\" href=\"https:\/\/transformar.tramandai.rs.gov.br\/\"><img decoding=\"async\" src=\"http:\/\/tvnativoos.com.br\/wfe\/wp-content\/uploads\/2026\/03\/TV-Nativoos-300-x-250-px.png\" \/><\/a><\/div><div class=\"g-dyn a-7 c-2\"><a class=\"gofollow\" data-track=\"Nyw2LDYw\" href=\"https:\/\/inovaimoveis.rs\/\" target=\"_blank\"><img decoding=\"async\" src=\"http:\/\/tvnativoos.com.br\/wfe\/wp-content\/uploads\/2023\/06\/Banner-Inova-300x214-1.jpeg\" \/><\/a><\/div><div class=\"g-dyn a-4 c-3\"><a class=\"gofollow\" data-track=\"NCw2LDYw\" href=\"https:\/\/arquitetalaurabaltar.com.br\/wfe\/\" target=\"_blank\"><img decoding=\"async\" src=\"http:\/\/tvnativoos.com.br\/wfe\/wp-content\/uploads\/2025\/01\/01-1.png\" \/><\/a><\/div><div class=\"g-dyn a-39 c-4\"><a class=\"gofollow\" data-track=\"MzksNiw2MA==\" href=\"https:\/\/tvnativoos.com.br\/wfe\/\" target=\"_blank\"><img decoding=\"async\" src=\"http:\/\/tvnativoos.com.br\/wfe\/wp-content\/uploads\/2024\/05\/WhatsApp-Image-2024-05-17-at-19.58.28.jpeg\" \/><\/a><\/div><div class=\"g-dyn a-6 c-5\"><a class=\"gofollow\" data-track=\"Niw2LDYw\" href=\"#\" target=\"_blank\"><img decoding=\"async\" src=\"http:\/\/tvnativoos.com.br\/wfe\/wp-content\/uploads\/2023\/01\/banner-agua-kangen-e1701887476486.jpeg\" \/><\/a><\/div><div class=\"g-dyn a-62 c-6\"><a class=\"gofollow\" data-track=\"NjIsNiw2MA==\" href=\": http:\/\/teliga.corsan.com.br\" target=\"_blank\"><img decoding=\"async\" src=\"http:\/\/tvnativoos.com.br\/wfe\/wp-content\/uploads\/2026\/02\/WhatsApp-Image-2026-02-19-at-17.23.17.jpeg\" \/><\/a><\/div><\/div>\n\n\n<p>O aumento de vagas nesses dois cursos foi autorizado em dezembro passado, com o objetivo de acomodar mais bolsistas do ProUni nas vagas dos dois cursos de gradua\u00e7\u00e3o em todo o pa\u00eds.<\/p>\n\n\n\n<p>Inscri\u00e7\u00e3o<\/p>\n\n\n\n<p>O per\u00edodo de inscri\u00e7\u00e3o para o programa vai de 29 de janeiro a 1\u00ba de fevereiro, pelo Portal \u00danico de Acesso ao Ensino Superior. A divulga\u00e7\u00e3o do resultado ocorrer\u00e1 em duas chamadas, sendo a primeira no dia 6 de fevereiro e a segunda no dia 27 do mesmo m\u00eas.<\/p>\n\n\n\n<p>De acordo com o Minist\u00e9rio da Educa\u00e7\u00e3o (MEC), a consulta \u00e0s informa\u00e7\u00f5es detalhadas da oferta de bolsas, por curso, turno, institui\u00e7\u00e3o e local de oferta, est\u00e1 prevista para ser publicada na p\u00e1gina do ProUni nesta sexta-feira, 19.<\/p>\n\n\n\n<h3 class=\"wp-block-heading\">Crit\u00e9rios<\/h3>\n\n\n\n<p>A bolsa de estudo integral ser\u00e1 concedida a brasileiros que ainda n\u00e3o t\u00eam diploma de curso superior. Para participar do processo seletivo, \u00e9 necess\u00e1rio que o candidato \u00e0 bolsa:<\/p>\n\n\n\n<ul class=\"wp-block-list\">\n<li>tenha participado do Exame Nacional do Ensino M\u00e9dio (Enem), na edi\u00e7\u00e3o de 2022 ou de 2023;<\/li>\n\n\n\n<li>tenha obtido nota igual ou superior a 450 pontos na m\u00e9dia das cinco provas do Enem;<\/li>\n\n\n\n<li>tenha tirado nota acima de zero na prova de reda\u00e7\u00e3o do Enem;<\/li>\n\n\n\n<li>n\u00e3o tenha participado do referido exame na condi\u00e7\u00e3o de treineiro (candidato que n\u00e3o concluiu o ensino m\u00e9dio e participa do exame para fins de autoavalia\u00e7\u00e3o).<\/li>\n<\/ul>\n\n\n\n<p>Al\u00e9m desses crit\u00e9rios, o candidato a bolsista precisa atender a pelo menos uma das seguintes condi\u00e7\u00f5es:<\/p>\n\n\n<div class=\"g g-7\"><div class=\"g-dyn a-62 c-1\"><a class=\"gofollow\" data-track=\"NjIsNyw2MA==\" href=\": http:\/\/teliga.corsan.com.br\" target=\"_blank\"><img decoding=\"async\" src=\"http:\/\/tvnativoos.com.br\/wfe\/wp-content\/uploads\/2026\/02\/WhatsApp-Image-2026-02-19-at-17.23.17.jpeg\" \/><\/a><\/div><div class=\"g-dyn a-6 c-2\"><a class=\"gofollow\" data-track=\"Niw3LDYw\" href=\"#\" target=\"_blank\"><img decoding=\"async\" src=\"http:\/\/tvnativoos.com.br\/wfe\/wp-content\/uploads\/2023\/01\/banner-agua-kangen-e1701887476486.jpeg\" \/><\/a><\/div><div class=\"g-dyn a-4 c-3\"><a class=\"gofollow\" data-track=\"NCw3LDYw\" href=\"https:\/\/arquitetalaurabaltar.com.br\/wfe\/\" target=\"_blank\"><img decoding=\"async\" src=\"http:\/\/tvnativoos.com.br\/wfe\/wp-content\/uploads\/2025\/01\/01-1.png\" \/><\/a><\/div><div class=\"g-dyn a-58 c-4\"><a class=\"gofollow\" data-track=\"NTgsNyw2MA==\" href=\"https:\/\/transformar.tramandai.rs.gov.br\/\"><img decoding=\"async\" src=\"http:\/\/tvnativoos.com.br\/wfe\/wp-content\/uploads\/2026\/03\/TV-Nativoos-300-x-250-px.png\" \/><\/a><\/div><div class=\"g-dyn a-7 c-5\"><a class=\"gofollow\" data-track=\"Nyw3LDYw\" href=\"https:\/\/inovaimoveis.rs\/\" target=\"_blank\"><img decoding=\"async\" src=\"http:\/\/tvnativoos.com.br\/wfe\/wp-content\/uploads\/2023\/06\/Banner-Inova-300x214-1.jpeg\" \/><\/a><\/div><div class=\"g-dyn a-39 c-6\"><a class=\"gofollow\" data-track=\"MzksNyw2MA==\" href=\"https:\/\/tvnativoos.com.br\/wfe\/\" target=\"_blank\"><img decoding=\"async\" src=\"http:\/\/tvnativoos.com.br\/wfe\/wp-content\/uploads\/2024\/05\/WhatsApp-Image-2024-05-17-at-19.58.28.jpeg\" \/><\/a><\/div><div class=\"g-dyn a-8 c-7\"><a class=\"gofollow\" data-track=\"OCw3LDYw\" href=\"https:\/\/www.facebook.com\/sonia.conti.7545\" target=\"_blank\"><img decoding=\"async\" src=\"http:\/\/tvnativoos.com.br\/wfe\/wp-content\/uploads\/2023\/06\/BANNERS-350X250-SONIA-CONTI-1-300x214-1.jpg\" \/><\/a><\/div><\/div>\n\n\n<ul class=\"wp-block-list\">\n<li>ser pessoa com defici\u00eancia;<\/li>\n\n\n\n<li>ser professor da rede p\u00fablica de ensino, exclusivamente para os cursos de licenciatura e pedagogia, destinados \u00e0 forma\u00e7\u00e3o do magist\u00e9rio da educa\u00e7\u00e3o b\u00e1sica (educa\u00e7\u00e3o infantil, ensinos fundamental e m\u00e9dio), conforme Decreto n\u00ba 5.493\/2005;<\/li>\n\n\n\n<li>ter cursado o ensino m\u00e9dio integralmente em escola da rede p\u00fablica; ou ter estudado o ensino m\u00e9dio integralmente em institui\u00e7\u00e3o privada na condi\u00e7\u00e3o de bolsista integral da respectiva institui\u00e7\u00e3o, entre outras condi\u00e7\u00f5es de estudo.<\/li>\n<\/ul>\n\n\n\n<h3 class=\"wp-block-heading\">Renda familiar<\/h3>\n\n\n\n<p>A inscri\u00e7\u00e3o no processo seletivo do ProUni \u00e9 condicionada tamb\u00e9m ao cumprimento do crit\u00e9rio de renda do estudante. Para o c\u00e1lculo, \u00e9 considerada a renda bruta mensal de todos os membros da fam\u00edlia do candidato \u00e0 bolsa estudantil.<\/p>\n\n\n\n<p>Para ter o benef\u00edcio no valor de 100% da mensalidade da faculdade privada \u00e9 preciso ter renda familiar mensal de at\u00e9 1,5 sal\u00e1rio m\u00ednimo por pessoa. Para bolsa parcial, de 50% do programa, a renda mensal n\u00e3o pode ultrapassar tr\u00eas sal\u00e1rios m\u00ednimos por pessoa da fam\u00edlia. Os requisitos de renda foram estabelecidos na Lei n\u00ba 11.096\/2005.<\/p>\n\n\n\n<p>Caso o estudante seja selecionado, a comprova\u00e7\u00e3o de renda deve ser feita no momento da inscri\u00e7\u00e3o e, tamb\u00e9m, na matr\u00edcula na institui\u00e7\u00e3o privada de ensino superior, com contracheques, declara\u00e7\u00e3o de Imposto de Renda ou extratos banc\u00e1rios.<\/p>\n\n\n\n<p>Para comprovar a renda familiar, \u00e9 necess\u00e1rio apresentar documenta\u00e7\u00e3o como contracheque, declara\u00e7\u00e3o do imposto de renda ou extrato banc\u00e1rio.<\/p>\n\n\n\n<p>O candidato professor da rede p\u00fablica de ensino n\u00e3o precisa se submeter \u00e0 regra da renda familiar do ProUni.<\/p>\n\n\n\n<p>Se inscreva em nosso canal do\u00a0<a href=\"https:\/\/youtube.com\/@tvnativoos\">youtube.com\/@tvnativoos<\/a>, curta nossa p\u00e1gina no facebook, instagram e veja nossa programa\u00e7\u00e3o ao vivo pelo canal 6 da Claro Net ou pelo portal tvnativoos.com.br<\/p>\n","protected":false},"excerpt":{"rendered":"<p>Edital da 1\u00aa edi\u00e7\u00e3o foi publicado pelo Minist\u00e9rio da Educa\u00e7\u00e3o O primeiro edital de 2024 do Programa Universidade para Todos (ProUni) aumentou o n\u00famero de vagas para os cursos de gradua\u00e7\u00e3o em Direito e Medicina. O edital geral do processo seletivo, referente ao primeiro semestre deste ano, foi publicado nesta quarta-feira, 17. O programa federal [&hellip;]<\/p>\n","protected":false},"author":3,"featured_media":15720,"comment_status":"closed","ping_status":"open","sticky":false,"template":"","format":"standard","meta":{"footnotes":""},"categories":[8],"tags":[2015,26,445,2481,65],"class_list":["post-15719","post","type-post","status-publish","format-standard","has-post-thumbnail","hentry","category-noticias","tag-direito","tag-educacao","tag-medicina","tag-pro-uni","tag-tvnativoos"],"cc_featured_image_caption":{"caption_text":" Foto: Rafa Neddermeyer \/ Ag\u00eancia Brasil ","source_text":"","source_url":""},"_links":{"self":[{"href":"https:\/\/tvnativoos.com.br\/wfe\/wp-json\/wp\/v2\/posts\/15719","targetHints":{"allow":["GET"]}}],"collection":[{"href":"https:\/\/tvnativoos.com.br\/wfe\/wp-json\/wp\/v2\/posts"}],"about":[{"href":"https:\/\/tvnativoos.com.br\/wfe\/wp-json\/wp\/v2\/types\/post"}],"author":[{"embeddable":true,"href":"https:\/\/tvnativoos.com.br\/wfe\/wp-json\/wp\/v2\/users\/3"}],"replies":[{"embeddable":true,"href":"https:\/\/tvnativoos.com.br\/wfe\/wp-json\/wp\/v2\/comments?post=15719"}],"version-history":[{"count":1,"href":"https:\/\/tvnativoos.com.br\/wfe\/wp-json\/wp\/v2\/posts\/15719\/revisions"}],"predecessor-version":[{"id":15721,"href":"https:\/\/tvnativoos.com.br\/wfe\/wp-json\/wp\/v2\/posts\/15719\/revisions\/15721"}],"wp:featuredmedia":[{"embeddable":true,"href":"https:\/\/tvnativoos.com.br\/wfe\/wp-json\/wp\/v2\/media\/15720"}],"wp:attachment":[{"href":"https:\/\/tvnativoos.com.br\/wfe\/wp-json\/wp\/v2\/media?parent=15719"}],"wp:term":[{"taxonomy":"category","embeddable":true,"href":"https:\/\/tvnativoos.com.br\/wfe\/wp-json\/wp\/v2\/categories?post=15719"},{"taxonomy":"post_tag","embeddable":true,"href":"https:\/\/tvnativoos.com.br\/wfe\/wp-json\/wp\/v2\/tags?post=15719"}],"curies":[{"name":"wp","href":"https:\/\/api.w.org\/{rel}","templated":true}]}}