{"id":15671,"date":"2024-01-16T19:53:23","date_gmt":"2024-01-16T19:53:23","guid":{"rendered":"https:\/\/tvnativoos.com.br\/wfe\/?p=15671"},"modified":"2024-01-16T19:53:23","modified_gmt":"2024-01-16T19:53:23","slug":"cultura-pro-cultura-rs-divulga-os-resultados-para-os-projetos-selecionados-no-diario-oficial-de-hoje-16-01","status":"publish","type":"post","link":"https:\/\/tvnativoos.com.br\/wfe\/cultura-pro-cultura-rs-divulga-os-resultados-para-os-projetos-selecionados-no-diario-oficial-de-hoje-16-01\/","title":{"rendered":"Cultura &#8211; Pr\u00f3 Cultura RS divulga os resultados para os projetos selecionados  no di\u00e1rio oficial de hoje (16\/01)"},"content":{"rendered":"\n<p>No total, os nove editais da LPG viabilizar\u00e3o o repasse de R$ 91,5 milh\u00f5es \u00e0 cultura ga\u00facha<\/p>\n\n\n\n<p>A classifica\u00e7\u00e3o de seis dos noves editais da Lei Paulo Gustavo (LPG) foi divulgada no Di\u00e1rio Oficial do Estado (DOE) desta ter\u00e7a-feira (16). Foram publicados os resultados preliminares de tr\u00eas \u00e1reas relacionadas ao audiovisual \u2013&nbsp;<a href=\"https:\/\/www.diariooficial.rs.gov.br\/materia?id=946065\">Sala de Cinema e Cinema Itinerante<\/a>;&nbsp;<a href=\"https:\/\/www.diariooficial.rs.gov.br\/materia?id=946107\">Festivais, Pesquisa e Capacita\u00e7\u00e3o<\/a>; e&nbsp;<a href=\"https:\/\/www.diariooficial.rs.gov.br\/materia?id=946106\">Ecossistemas Regionais<\/a>&nbsp;\u2013 e tr\u00eas de outros setores \u2013&nbsp;<a href=\"https:\/\/www.diariooficial.rs.gov.br\/materia?id=946064\">Pesquisa, Registro e Mem\u00f3ria<\/a>;&nbsp;<a href=\"https:\/\/www.diariooficial.rs.gov.br\/materia?id=946063\">Cultura e Educa\u00e7\u00e3o<\/a>; e&nbsp;<a href=\"https:\/\/www.diariooficial.rs.gov.br\/materia?id=946105\">Cria\u00e7\u00e3o Art\u00edstica<\/a>.&nbsp;<\/p>\n\n\n<div class=\"g g-6\"><div class=\"g-dyn a-7 c-1\"><a class=\"gofollow\" data-track=\"Nyw2LDYw\" href=\"https:\/\/inovaimoveis.rs\/\" target=\"_blank\"><img decoding=\"async\" src=\"http:\/\/tvnativoos.com.br\/wfe\/wp-content\/uploads\/2023\/06\/Banner-Inova-300x214-1.jpeg\" \/><\/a><\/div><div class=\"g-dyn a-4 c-2\"><a class=\"gofollow\" data-track=\"NCw2LDYw\" href=\"https:\/\/arquitetalaurabaltar.com.br\/wfe\/\" target=\"_blank\"><img decoding=\"async\" src=\"http:\/\/tvnativoos.com.br\/wfe\/wp-content\/uploads\/2025\/01\/01-1.png\" \/><\/a><\/div><div class=\"g-dyn a-62 c-3\"><a class=\"gofollow\" data-track=\"NjIsNiw2MA==\" href=\": http:\/\/teliga.corsan.com.br\" target=\"_blank\"><img decoding=\"async\" src=\"http:\/\/tvnativoos.com.br\/wfe\/wp-content\/uploads\/2026\/02\/WhatsApp-Image-2026-02-19-at-17.23.17.jpeg\" \/><\/a><\/div><div class=\"g-dyn a-6 c-4\"><a class=\"gofollow\" data-track=\"Niw2LDYw\" href=\"#\" target=\"_blank\"><img decoding=\"async\" src=\"http:\/\/tvnativoos.com.br\/wfe\/wp-content\/uploads\/2023\/01\/banner-agua-kangen-e1701887476486.jpeg\" \/><\/a><\/div><div class=\"g-dyn a-58 c-5\"><a class=\"gofollow\" data-track=\"NTgsNiw2MA==\" href=\"https:\/\/transformar.tramandai.rs.gov.br\/\"><img decoding=\"async\" src=\"http:\/\/tvnativoos.com.br\/wfe\/wp-content\/uploads\/2026\/03\/TV-Nativoos-300-x-250-px.png\" \/><\/a><\/div><div class=\"g-dyn a-39 c-6\"><a class=\"gofollow\" data-track=\"MzksNiw2MA==\" href=\"https:\/\/tvnativoos.com.br\/wfe\/\" target=\"_blank\"><img decoding=\"async\" src=\"http:\/\/tvnativoos.com.br\/wfe\/wp-content\/uploads\/2024\/05\/WhatsApp-Image-2024-05-17-at-19.58.28.jpeg\" \/><\/a><\/div><\/div>\n\n\n<p>Outros tr\u00eas editais&nbsp;\u2013&nbsp;Festivais, Mostras e Circula\u00e7\u00e3o;&nbsp;Arranjos Colaborativos e Cria\u00e7\u00f5es Funcionais e&nbsp;Audiovisual II (sala de cinema e cinema itinerante)&nbsp;\u2013&nbsp;tiveram o prazo da fase de sele\u00e7\u00e3o prorrogado at\u00e9 a quarta-feira (24), visando \u00e0 conclus\u00e3o das avalia\u00e7\u00f5es pelos integrantes das Comiss\u00f5es de Sele\u00e7\u00e3o.<\/p>\n\n\n\n<p>Em cerca de um m\u00eas e meio, 123 profissionais especializados de todo o pa\u00eds, credenciados no banco de avaliadores aberto pela Secretaria de Estado da Cultura (Sedac), realizaram cerca de oito mil avalia\u00e7\u00f5es&nbsp;\u2013&nbsp;considerando que cada projeto \u00e9 avaliado por quatro diferentes avaliadores, sendo descartadas a maior e a menor nota. A lista divulgada inclui todos os projetos inscritos e classifica aqueles que obtiveram m\u00e9dia igual ou maior de 60 pontos&nbsp;(s\u00e3o 100 pontos previstos a partir dos crit\u00e9rios definidos nos editais, al\u00e9m de pontua\u00e7\u00f5es extras).&nbsp;<\/p>\n\n\n\n<p>Ap\u00f3s a fase de recursos, que visa identificar eventual erro na fase de sele\u00e7\u00e3o, ser\u00e3o publicados os resultados definitivos.&nbsp;<\/p>\n\n\n\n<p>Os editais da LPG viabilizar\u00e3o o repasse de R$ 91,5 milh\u00f5es \u00e0 cultura ga\u00facha, por meio da sele\u00e7\u00e3o de at\u00e9 420 projetos. Ao todos, foram inscritos\u00a02.217\u00a0projetos nos nove editais.\u00a0Os concorrentes podem obter mais informa\u00e7\u00f5es sobre a avalia\u00e7\u00e3o de seus projetos no\u00a0<a href=\"https:\/\/procultura.rs.gov.br\/index.php\"><strong>site do Pr\u00f3-Cultura<\/strong><\/a>.<\/p>\n\n\n\n<p><strong>Litoral Norte emplacou 32 projetos, nestes 6 editais j\u00e1 avaliados, lista pode aumentar pois tem 3 editais ainda para serem avaliados:<\/strong>\u00a0<\/p>\n\n\n\n<p><strong> projetos classificados preliminarmente( pois ainda tem o per\u00edodo de recurso), do litoral Norte<\/strong><\/p>\n\n\n\n<p><strong>Sala de Cinema e Cinema Itinerante<\/strong><\/p>\n\n\n\n<p>Torres \u2013 Cine Torres Acessibilidade e Inclus\u00e3o- Cine Torres- R$ 300 mil<\/p>\n\n\n\n<p>Cap\u00e3o da Canoa- Cinema Para Todos- Cine + Arte- R$ 300 mil<\/p>\n\n\n\n<p><strong>Festivais, Pesquisa e Capacita\u00e7\u00e3o<\/strong><\/p>\n\n\n\n<p>Tramanda\u00ed- CineArte &#8211; N\u00facleo de forma\u00e7\u00e3o Audiovisual- Laura C. Lautert ME- R$ 264.700,00<\/p>\n\n\n\n<p>Cidreira- Cimena da Beira- Casa de Cultura do Litoral- R$ 71.800,00<\/p>\n\n\n\n<p><strong>Pesquisa, Registro e Mem\u00f3ria-<\/strong><\/p>\n\n\n\n<p>Maquin\u00e9- Frascos de Mem\u00f3ria: Farmacinha Filhas da Esperan\u00e7a- Barbara Rigui Cenci- R$ 80 mil<\/p>\n\n\n\n<p>Tramanda\u00ed- Cantar Reis- Mario Tressoldi- R$ 80 mil<\/p>\n\n\n\n<p>Torres- Jacob Prud\u00eancio Herrmann &#8211; O Olhar revisitado- Cine Clube Torres- R$ 80 mil<\/p>\n\n\n\n<p>Cap\u00e3o da Canoa- Aguar- Casa do Artista Caponense- R$ 80 mil<\/p>\n\n\n\n<p>Os\u00f3rio- ERA RIMA &#8211; a institui\u00e7\u00e3o que musicalizou uma regi\u00e3o inteira- Cattulo e Camargo Campos- R$ 80 mil<\/p>\n\n\n\n<p>Tramanda\u00ed- Fughetti Luz, Mem\u00f3ria do Rock Ga\u00facho- Gilmar Eitelvain- R$ 80 mil<\/p>\n\n\n\n<p><strong>Cultura e Educa\u00e7\u00e3o<\/strong><\/p>\n\n\n\n<p>Mampituba- Semear Arte multidisciplinar- Ativa Srte e Educa\u00e7\u00e3o- FR$ 80 mil<\/p>\n\n\n\n<p>Maquin\u00e9- ECOS Arte, Educa\u00e7\u00e3o e Sustentabilidade- Associa\u00e7\u00e3o Cultural AMO- R$ 80 mil<\/p>\n\n\n\n<p>Santo Ant\u00f4nio da Patrulha- Roteiro De Promo\u00e7\u00e3o da Igualdade Racial com Acessibilidade e Inclus\u00e3o da Diversidade- Mariot Assessoia em Comunica\u00e7\u00e3o ltda.- R$ 80 mil<\/p>\n\n\n\n<p>Os\u00f3rio- A Fant\u00e1stica F\u00e1brica de Artistas- Hnrique Guedes Machado- R$ 80 mil<\/p>\n\n\n\n<p>Maquin\u00e9- Arte Faz Parte-&nbsp;Pascal Michel Berten- R$ 80 mil<\/p>\n\n\n\n<p>Tramanda\u00ed- Oficina-espet\u00e1culo Litoralidade- Colarte Coletivo de Aristas Independentes- R$ 80 mil<\/p>\n\n\n\n<p>Torres- Piano para todos &#8211; Levando m\u00fasica para as pessoas- Rayo Produ\u00e7\u00f5es Culturais- R$ 80 mil<\/p>\n\n\n\n<p>Tramanda\u00ed- M\u00fasica como ferramenta did\u00e1tica para as aulas de ci\u00eancias- Jogos e Jogos Ltda- R$ 80 mil<\/p>\n\n\n\n<p>Imb\u00e9- Escola Aberta de Dan\u00e7a do Litoral- Tatiana Pacheco Missel- R$ 80 mil<\/p>\n\n\n\n<p>Imb\u00e9- Bichos da beira, bicharada praieira- Schafer Produ\u00e7\u00f5es- R$ 80 mil<\/p>\n\n\n\n<p>Imb\u00e9- Oficina o Teatro como sensibiliza\u00e7\u00e3o e socializa\u00e7\u00e3o- Oscar de Lima- R$ 80 mil<\/p>\n\n\n\n<p>Torres- Roda Cigana- Nat\u00e1lia Barbosa da Silveira- R$ 80 mil<\/p>\n\n\n\n<p>Os\u00f3rio- Cotas- Projeto Bloco do Futuro forma\u00e7\u00e3o de 50 agentes culturais da cidade de Os\u00f3rio- Associacao Recreativa e Cultural Bloco Carnavalesco Balanca Mais Nao Cai- R$ 80 mil<\/p>\n\n\n\n<p><strong>Cria\u00e7\u00e3o Art\u00edstica-<\/strong><\/p>\n\n\n\n<p>Os\u00f3rio- Al\u00e9m do Mist\u00e9rio- Fabian Roberto Mariotti- R$ 110 mil<\/p>\n\n\n\n<p>Maquin\u00e9- Beuys Berten Brasil- Pascal Michel Berten- R$ 110&nbsp;mil<\/p>\n\n\n\n<p>Santo Ant\u00f4nio da Patrulha- Concerto Negro- Moenda Associa\u00e7\u00e3o de Cultura e Arte Nativa- R$ 110 mil<\/p>\n\n\n\n<p>Os\u00f3rio- Programa ReverberandOoo 1a Temporada- Cristian Josias Sperandir- R$ 110 mil<\/p>\n\n\n\n<p>Cap\u00e3o da Canoa- Arte nas M\u00e3os das Comunidades- Associa\u00e7\u00e3o do Artista Caponense- R$ 110 mil<\/p>\n\n\n\n<p>Santo Ant\u00f4nio daPatrulha- Arco-\u00edris sob um c\u00e9u escuro- Deleoni Ferreira Grandini- R$ 110 mil<\/p>\n\n\n\n<p>Xangri-L\u00e1- Esse circo tem hist\u00f3ria &#8211; 10 anos de Companhia Re Tri Circo- Pablo Ezequiel Perez- R$ 110 mil<\/p>\n\n\n\n<p>Torres- Choro Jazz- Elias Barboza da Silva- R$ 110 ml<\/p>\n\n\n\n<p>Os\u00f3rio- Space Clown &#8211; Um Palha\u00e7o no Espa\u00e7o- Henrique Guedes Machado \u2013 R$ 110 mil<\/p>\n\n\n\n<p>Fonte: Pr\u00f3 Cultura RS<\/p>\n\n\n\n<p>Se inscreva em nosso canal do\u00a0<a href=\"https:\/\/youtube.com\/@tvnativoos\">youtube.com\/@tvnativoos<\/a>, curta nossa p\u00e1gina no facebook, instagram e veja nossa programa\u00e7\u00e3o ao vivo pelo canal 6 da Claro Net ou pelo portal tvnativoos.com.br<\/p>\n","protected":false},"excerpt":{"rendered":"<p>No total, os nove editais da LPG viabilizar\u00e3o o repasse de R$ 91,5 milh\u00f5es \u00e0 cultura ga\u00facha A classifica\u00e7\u00e3o de seis dos noves editais da Lei Paulo Gustavo (LPG) foi divulgada no Di\u00e1rio Oficial do Estado (DOE) desta ter\u00e7a-feira (16). Foram publicados os resultados preliminares de tr\u00eas \u00e1reas relacionadas ao audiovisual \u2013&nbsp;Sala de Cinema e [&hellip;]<\/p>\n","protected":false},"author":3,"featured_media":15672,"comment_status":"closed","ping_status":"open","sticky":false,"template":"","format":"standard","meta":{"footnotes":""},"categories":[8],"tags":[213,2400,36,65],"class_list":["post-15671","post","type-post","status-publish","format-standard","has-post-thumbnail","hentry","category-noticias","tag-cultura","tag-lei-paulo-gustavo","tag-litoral-norte","tag-tvnativoos"],"cc_featured_image_caption":{"caption_text":"","source_text":"","source_url":""},"_links":{"self":[{"href":"https:\/\/tvnativoos.com.br\/wfe\/wp-json\/wp\/v2\/posts\/15671","targetHints":{"allow":["GET"]}}],"collection":[{"href":"https:\/\/tvnativoos.com.br\/wfe\/wp-json\/wp\/v2\/posts"}],"about":[{"href":"https:\/\/tvnativoos.com.br\/wfe\/wp-json\/wp\/v2\/types\/post"}],"author":[{"embeddable":true,"href":"https:\/\/tvnativoos.com.br\/wfe\/wp-json\/wp\/v2\/users\/3"}],"replies":[{"embeddable":true,"href":"https:\/\/tvnativoos.com.br\/wfe\/wp-json\/wp\/v2\/comments?post=15671"}],"version-history":[{"count":1,"href":"https:\/\/tvnativoos.com.br\/wfe\/wp-json\/wp\/v2\/posts\/15671\/revisions"}],"predecessor-version":[{"id":15673,"href":"https:\/\/tvnativoos.com.br\/wfe\/wp-json\/wp\/v2\/posts\/15671\/revisions\/15673"}],"wp:featuredmedia":[{"embeddable":true,"href":"https:\/\/tvnativoos.com.br\/wfe\/wp-json\/wp\/v2\/media\/15672"}],"wp:attachment":[{"href":"https:\/\/tvnativoos.com.br\/wfe\/wp-json\/wp\/v2\/media?parent=15671"}],"wp:term":[{"taxonomy":"category","embeddable":true,"href":"https:\/\/tvnativoos.com.br\/wfe\/wp-json\/wp\/v2\/categories?post=15671"},{"taxonomy":"post_tag","embeddable":true,"href":"https:\/\/tvnativoos.com.br\/wfe\/wp-json\/wp\/v2\/tags?post=15671"}],"curies":[{"name":"wp","href":"https:\/\/api.w.org\/{rel}","templated":true}]}}