{"id":14785,"date":"2023-12-11T14:33:16","date_gmt":"2023-12-11T14:33:16","guid":{"rendered":"https:\/\/tvnativoos.com.br\/wfe\/?p=14785"},"modified":"2023-12-11T14:34:25","modified_gmt":"2023-12-11T14:34:25","slug":"santa-rosa-prefeito-anderson-mantei-participa-da-posse-do-governador-de-missiones-e-do-prefeito-de-obera-na-argentina","status":"publish","type":"post","link":"https:\/\/tvnativoos.com.br\/wfe\/santa-rosa-prefeito-anderson-mantei-participa-da-posse-do-governador-de-missiones-e-do-prefeito-de-obera-na-argentina\/","title":{"rendered":"Santa Rosa &#8211; Prefeito  Anderson Mantei participa da posse do Governador de Missiones e do Prefeito de Ober\u00e1, na Argentina"},"content":{"rendered":"\n<p>O Prefeito Anderson Mantei, participou na noite deste domingo (10), do ato de posse do Governador de Missiones, Hugo Passalacqua e do Prefeito de Ober\u00e1, na Argentina, Pablo Hassan (reeleito).\u00a0<\/p>\n\n\n\n<p>Anderson estava acompanhado de uma comitiva de Santa Rosa. O evento aconteceu no Complexo Poliesportivo Ian Barney II em Ober\u00e1. Na oportunidade, as autoridades empossadas, prestaram juramento para iniciarem uma nova gest\u00e3o marcada por valores como trabalho, honestidade e respeito.<\/p>\n\n\n\n<figure class=\"wp-block-image size-large\"><img loading=\"lazy\" decoding=\"async\" width=\"1024\" height=\"819\" src=\"http:\/\/tvnativoos.com.br\/wfe\/wp-content\/uploads\/2023\/12\/argentina-03-1024x819.png\" alt=\"\" class=\"wp-image-14786\"\/><\/figure>\n\n\n\n<p>Na tomada de posse, tamb\u00e9m estiveram presentes respons\u00e1veis \u200b\u200bprovinciais e municipais, empres\u00e1rios, institui\u00e7\u00f5es e equipes de trabalho. O Prefeito Anderson Mantei, parabenizou Hugo e Pablo pelas vit\u00f3rias, \u201c\u00c9 uma alegria participar deste momento t\u00e3o importante para essa importante regi\u00e3o, que elegeu pol\u00edticos diferenciados e comprometidos com o povo. Estamos muito contentes com esta parceria que vem se fortalecendo a cada ano, entre Santa Rosa e os nossos irm\u00e3os argentinos. Desejo uma boa gest\u00e3o, de muito desenvolvimento e progresso\u201d.<\/p>\n\n\n<div class=\"g g-4\"><div class=\"g-dyn a-8 c-1\"><a class=\"gofollow\" data-track=\"OCw0LDYw\" href=\"https:\/\/www.facebook.com\/sonia.conti.7545\" target=\"_blank\"><img decoding=\"async\" src=\"http:\/\/tvnativoos.com.br\/wfe\/wp-content\/uploads\/2023\/06\/BANNERS-350X250-SONIA-CONTI-1-300x214-1.jpg\" \/><\/a><\/div><div class=\"g-dyn a-14 c-2\"><a class=\"gofollow\" data-track=\"MTQsNCw2MA==\" href=\"https:\/\/tvnativoos.com.br\/wfe\/\" target=\"_blank\"><img decoding=\"async\" src=\"http:\/\/tvnativoos.com.br\/wfe\/wp-content\/uploads\/2023\/11\/WhatsApp-Image-2023-11-17-at-18.48.28-e1701956079137.jpeg\" \/><\/a><\/div><div class=\"g-dyn a-6 c-3\"><a class=\"gofollow\" data-track=\"Niw0LDYw\" href=\"#\" target=\"_blank\"><img decoding=\"async\" src=\"http:\/\/tvnativoos.com.br\/wfe\/wp-content\/uploads\/2023\/01\/banner-agua-kangen-e1701887476486.jpeg\" \/><\/a><\/div><div class=\"g-dyn a-4 c-4\"><a class=\"gofollow\" data-track=\"NCw0LDYw\" href=\"https:\/\/arquitetalaurabaltar.com.br\/wfe\/\" target=\"_blank\"><img decoding=\"async\" src=\"http:\/\/tvnativoos.com.br\/wfe\/wp-content\/uploads\/2025\/01\/01-1.png\" \/><\/a><\/div><\/div>\n\n\n<p>Acompanharam o prefeito na solenidade, o Vice-Prefeito Aldemir Ulrich, o Presidente da C\u00e2mara de Vereadores de Santa Rosa, Cl\u00e1udio Schmidt, o Presidente da Fenasoja 2024, Dario Jr Germano, o Presidente da Comiss\u00e3o de Suprimentos da Fenasoja 2024, Roque Lugoch, o Secret\u00e1rio de Desenvolvimento Econ\u00f4mico, Odaylson Eder e o Assessor de Gabinete, Paulo Kunkel.<\/p>\n\n\n\n<p>Fonte: Assessoria de Comunica\u00e7\u00e3o<\/p>\n\n\n\n<p>Se inscreva em nosso canal do\u00a0<a href=\"https:\/\/youtube.com\/@tvnativoos\">youtube.com\/@tvnativoos<\/a>, curta nossa p\u00e1gina no facebook, instagram e veja nossa programa\u00e7\u00e3o ao vivo pelo canal 6 da Claro Net ou pelo portal tvnativoos.com.br<\/p>\n","protected":false},"excerpt":{"rendered":"<p>O Prefeito Anderson Mantei, participou na noite deste domingo (10), do ato de posse do Governador de Missiones, Hugo Passalacqua e do Prefeito de Ober\u00e1, na Argentina, Pablo Hassan (reeleito).\u00a0 Anderson estava acompanhado de uma comitiva de Santa Rosa. O evento aconteceu no Complexo Poliesportivo Ian Barney II em Ober\u00e1. Na oportunidade, as autoridades empossadas, [&hellip;]<\/p>\n","protected":false},"author":3,"featured_media":14787,"comment_status":"closed","ping_status":"open","sticky":false,"template":"","format":"standard","meta":{"footnotes":""},"categories":[8],"tags":[179,137,74,65],"class_list":["post-14785","post","type-post","status-publish","format-standard","has-post-thumbnail","hentry","category-noticias","tag-prefeitura","tag-santa-rosa","tag-turismo","tag-tvnativoos"],"cc_featured_image_caption":{"caption_text":"","source_text":"","source_url":""},"_links":{"self":[{"href":"https:\/\/tvnativoos.com.br\/wfe\/wp-json\/wp\/v2\/posts\/14785","targetHints":{"allow":["GET"]}}],"collection":[{"href":"https:\/\/tvnativoos.com.br\/wfe\/wp-json\/wp\/v2\/posts"}],"about":[{"href":"https:\/\/tvnativoos.com.br\/wfe\/wp-json\/wp\/v2\/types\/post"}],"author":[{"embeddable":true,"href":"https:\/\/tvnativoos.com.br\/wfe\/wp-json\/wp\/v2\/users\/3"}],"replies":[{"embeddable":true,"href":"https:\/\/tvnativoos.com.br\/wfe\/wp-json\/wp\/v2\/comments?post=14785"}],"version-history":[{"count":3,"href":"https:\/\/tvnativoos.com.br\/wfe\/wp-json\/wp\/v2\/posts\/14785\/revisions"}],"predecessor-version":[{"id":14790,"href":"https:\/\/tvnativoos.com.br\/wfe\/wp-json\/wp\/v2\/posts\/14785\/revisions\/14790"}],"wp:featuredmedia":[{"embeddable":true,"href":"https:\/\/tvnativoos.com.br\/wfe\/wp-json\/wp\/v2\/media\/14787"}],"wp:attachment":[{"href":"https:\/\/tvnativoos.com.br\/wfe\/wp-json\/wp\/v2\/media?parent=14785"}],"wp:term":[{"taxonomy":"category","embeddable":true,"href":"https:\/\/tvnativoos.com.br\/wfe\/wp-json\/wp\/v2\/categories?post=14785"},{"taxonomy":"post_tag","embeddable":true,"href":"https:\/\/tvnativoos.com.br\/wfe\/wp-json\/wp\/v2\/tags?post=14785"}],"curies":[{"name":"wp","href":"https:\/\/api.w.org\/{rel}","templated":true}]}}