{"id":12920,"date":"2023-10-12T15:30:06","date_gmt":"2023-10-12T15:30:06","guid":{"rendered":"https:\/\/tvnativoos.com.br\/wfe\/?p=12920"},"modified":"2023-10-12T15:30:07","modified_gmt":"2023-10-12T15:30:07","slug":"nasce-filho-de-trisal-que-teve-uniao-estavel-reconhecida-pela-justica-no-rs","status":"publish","type":"post","link":"https:\/\/tvnativoos.com.br\/wfe\/nasce-filho-de-trisal-que-teve-uniao-estavel-reconhecida-pela-justica-no-rs\/","title":{"rendered":"Nasce filho de trisal que teve uni\u00e3o est\u00e1vel reconhecida pela Justi\u00e7a no RS"},"content":{"rendered":"\n<p>Yan Kaefer Ordov\u00e1s veio ao mundo com 2,8 kg e 49cm<\/p>\n\n\n\n<p>Nasceu em Novo Hamburgo, na Regi\u00e3o Metropolitana, na ter\u00e7a-feira (10), o filho do\u00a0<strong>trisal que teve a uni\u00e3o est\u00e1vel poliafetiva reconhecida pela Justi\u00e7a<\/strong>.\u00a0<strong>Yan Kaefer Ordov\u00e1s<\/strong>\u00a0veio ao mundo com 2,830 kg e 49cm, segundo Let\u00edcia Ordov\u00e1s, umas das m\u00e3es do beb\u00ea.<\/p>\n\n\n\n<p>\u2014 Veio como a gente sempre sonhou. Com bastante sa\u00fade, muita gente esperando por ele. Vamos seguir como t\u00ednhamos idealizado: nossa fam\u00edlia unida com muito amor, com muito carinho e muito feliz\u2014 relatou ao g1 o pai da crian\u00e7a, Denis Ordov\u00e1s.<\/p>\n\n\n\n<p>A m\u00e3e gestante, Keterlin Kaefer, passou por uma\u00a0<strong>cirurgia cesariana.<\/strong>\u00a0O parto foi acompanhado por Let\u00edcia e Denis. A expectativa \u00e9 que Keterlin e Yan recebem alta m\u00e9dica nesta quinta-feira (12).<\/p>\n\n\n\n<p>\u2014 Estamos conseguindo fazer aquilo que a gente imaginava, desde o in\u00edcio, ser muito importante, que \u00e9 a rede de apoio. Eu e a Le estamos conseguindo nos revezar pra dar toda assist\u00eancia pra Kety. Estamos acompanhando de perto, desde a sala de recupera\u00e7\u00e3o\u2014 contou Denis.<\/p>\n\n\n\n<h3 class=\"wp-block-heading\">Relembre a decis\u00e3o<\/h3>\n\n\n\n<p>Os banc\u00e1rios Denis Ordov\u00e1s e Let\u00edcia Ordov\u00e1s, casados desde 2006, mant\u00eam um relacionamento h\u00e1 10 anos com Keterlin Kaefer. Em um primeiro momento, eles tentaram o registro em cart\u00f3rio sem a judicializa\u00e7\u00e3o, mas o pedido foi recusado pelo tabelionato.<\/p>\n\n\n\n<p>Em agosto deste ano, a 2\u00aa Vara de Fam\u00edlia e Sucess\u00f5es da Comarca de Novo Hamburgo\u00a0<strong>reconheceu a uni\u00e3o est\u00e1vel poliafetiva entre os tr\u00eas.<\/strong><\/p>\n\n\n\n<p>A decis\u00e3o permite que a crian\u00e7a tenha registro multiparental, ou seja, pode ter os nomes das duas m\u00e3es e do pai. O\u00a0<strong>reconhecimento da uni\u00e3o<\/strong>\u00a0tamb\u00e9m d\u00e1 direito \u00e0 licen\u00e7a-maternidade e paternidade para os tr\u00eas.<\/p>\n\n\n\n<p>O Minist\u00e9rio P\u00fablico (MP) atuou como fiscal da ordem jur\u00eddica no processo e deu parecer favor\u00e1vel \u00e0 decis\u00e3o.<\/p>\n","protected":false},"excerpt":{"rendered":"<p>Yan Kaefer Ordov\u00e1s veio ao mundo com 2,8 kg e 49cm Nasceu em Novo Hamburgo, na Regi\u00e3o Metropolitana, na ter\u00e7a-feira (10), o filho do\u00a0trisal que teve a uni\u00e3o est\u00e1vel poliafetiva reconhecida pela Justi\u00e7a.\u00a0Yan Kaefer Ordov\u00e1s\u00a0veio ao mundo com 2,830 kg e 49cm, segundo Let\u00edcia Ordov\u00e1s, umas das m\u00e3es do beb\u00ea. \u2014 Veio como a gente [&hellip;]<\/p>\n","protected":false},"author":3,"featured_media":12921,"comment_status":"closed","ping_status":"open","sticky":false,"template":"","format":"standard","meta":{"footnotes":""},"categories":[8],"tags":[2108,850,2109,65],"class_list":["post-12920","post","type-post","status-publish","format-standard","has-post-thumbnail","hentry","category-noticias","tag-comportamento","tag-novohamburgo","tag-trisal","tag-tvnativoos"],"cc_featured_image_caption":{"caption_text":"Denis Ordov\u00e1s e Let\u00edcia Ordov\u00e1s, casados desde 2006, mant\u00eam um relacionamento h\u00e1 10 anos com Keterlin Kaefer\r\nJana Corr\u00eaa Fotografia \/ Divulga\u00e7\u00e3o","source_text":"","source_url":""},"_links":{"self":[{"href":"https:\/\/tvnativoos.com.br\/wfe\/wp-json\/wp\/v2\/posts\/12920","targetHints":{"allow":["GET"]}}],"collection":[{"href":"https:\/\/tvnativoos.com.br\/wfe\/wp-json\/wp\/v2\/posts"}],"about":[{"href":"https:\/\/tvnativoos.com.br\/wfe\/wp-json\/wp\/v2\/types\/post"}],"author":[{"embeddable":true,"href":"https:\/\/tvnativoos.com.br\/wfe\/wp-json\/wp\/v2\/users\/3"}],"replies":[{"embeddable":true,"href":"https:\/\/tvnativoos.com.br\/wfe\/wp-json\/wp\/v2\/comments?post=12920"}],"version-history":[{"count":1,"href":"https:\/\/tvnativoos.com.br\/wfe\/wp-json\/wp\/v2\/posts\/12920\/revisions"}],"predecessor-version":[{"id":12922,"href":"https:\/\/tvnativoos.com.br\/wfe\/wp-json\/wp\/v2\/posts\/12920\/revisions\/12922"}],"wp:featuredmedia":[{"embeddable":true,"href":"https:\/\/tvnativoos.com.br\/wfe\/wp-json\/wp\/v2\/media\/12921"}],"wp:attachment":[{"href":"https:\/\/tvnativoos.com.br\/wfe\/wp-json\/wp\/v2\/media?parent=12920"}],"wp:term":[{"taxonomy":"category","embeddable":true,"href":"https:\/\/tvnativoos.com.br\/wfe\/wp-json\/wp\/v2\/categories?post=12920"},{"taxonomy":"post_tag","embeddable":true,"href":"https:\/\/tvnativoos.com.br\/wfe\/wp-json\/wp\/v2\/tags?post=12920"}],"curies":[{"name":"wp","href":"https:\/\/api.w.org\/{rel}","templated":true}]}}