{"id":12612,"date":"2023-09-29T19:39:33","date_gmt":"2023-09-29T19:39:33","guid":{"rendered":"https:\/\/tvnativoos.com.br\/wfe\/?p=12612"},"modified":"2023-09-29T19:39:33","modified_gmt":"2023-09-29T19:39:33","slug":"concursos-concurso-nacional-unificado-vai-ofertar-mais-de-65-mil-vagas-no-governo-federal","status":"publish","type":"post","link":"https:\/\/tvnativoos.com.br\/wfe\/concursos-concurso-nacional-unificado-vai-ofertar-mais-de-65-mil-vagas-no-governo-federal\/","title":{"rendered":"Concursos &#8211; Concurso Nacional Unificado vai ofertar mais de 6,5 mil vagas no governo federal"},"content":{"rendered":"\n<p>Vinte institui\u00e7\u00f5es p\u00fablicas, incluindo o Minist\u00e9rio da Gest\u00e3o, aderiram ao novo modelo de sele\u00e7\u00e3o de servidores p\u00fablicos<\/p>\n\n\n\n<p>A ministra da Gest\u00e3o e da Inova\u00e7\u00e3o em Servi\u00e7os P\u00fablicos, Esther Dweck, anunciou nesta sexta-feira a ades\u00e3o de 20 \u00f3rg\u00e3os e entidades ao\u00a0<strong>Concurso P\u00fablico Nacional Unificado<\/strong>. Ao todo, ser\u00e3o ofertadas 6.590 vagas no servi\u00e7o p\u00fablico federal.<\/p>\n\n\n\n<p>A iniciativa, formalizada no Di\u00e1rio Oficial da Uni\u00e3o (DOU), consiste em um modelo de realiza\u00e7\u00e3o conjunta de concursos p\u00fablicos para o provimento de cargos efetivos nos \u00f3rg\u00e3os e entidades da administra\u00e7\u00e3o p\u00fablica federal direta, aut\u00e1rquica e fundacional, &#8220;mediante a aplica\u00e7\u00e3o simult\u00e2nea de provas em todos os Estados e no Distrito Federal&#8221;.<\/p>\n\n\n\n<p>A publica\u00e7\u00e3o do edital do Concurso Nacional Unificado est\u00e1 prevista para at\u00e9 o dia 20 de dezembro.<\/p>\n\n\n\n<p><strong>Confira as institui\u00e7\u00f5es que aderiram:<\/strong><\/p>\n\n\n\n<p>FUNAI &#8211; 502 vagas<br>INCRA &#8211; 742 vagas<br>MAPA &#8211; 520 vagas<br>MGI e transversais &#8211; 1480&nbsp;vagas<br>MS &#8211; 220&nbsp;vagas<br>MTE &#8211; 900&nbsp;vagas<br>ANTAQ &#8211; 30&nbsp;vagas<br>MDIC &#8211; 110 vagas<br>PREVIC &#8211; 40 vagas<br>ANEEL &#8211; 40&nbsp;vagas<br>ANS &#8211; 35 vagas<br>IBGE &#8211; 895&nbsp;vagas<br>MJSP &#8211; 130 vagas<br>MCTI &#8211; 296 vagas<br>MINC &#8211; 50&nbsp;vagas<br>AGU &#8211; 400&nbsp;vagas<br>MEC &#8211; 70 vagas<br>MDHC &#8211; 40&nbsp;vagas<br>MPI &#8211; 30&nbsp;vagas<br>MPO &#8211; 60&nbsp;vagas<\/p>\n\n\n\n<p>A lista detalhada de ades\u00f5es por carreiras\/cargos de cada \u00f3rg\u00e3o\u00a0est\u00e1 dispon\u00edvel\u00a0<strong><a rel=\"noreferrer noopener\" href=\"https:\/\/www.gov.br\/gestao\/pt-br\/assuntos\/noticias\/2023\/concurso-nacional-unificado-ofertara-6-590-vagas-no-governo-federal\/adesoes-por-cargo.pdf\/\" target=\"_blank\">neste link<\/a><\/strong>.<\/p>\n\n\n\n<p><strong>Se inscreva em nosso canal do\u00a0<a href=\"https:\/\/www.youtube.com\/@tvnativoos\">youtube.com\/@tvnativoos<\/a>,\u00a0<\/strong>curta nossa p\u00e1gina n<strong>o\u00a0<a href=\"https:\/\/www.facebook.com\/tvnativoos\">facebook<\/a>,\u00a0<a href=\"https:\/\/www.instagram.com\/tvnativoos\/\">instagram<\/a>\u00a0e veja nossa programa\u00e7\u00e3o ao vivo pelo canal 6 da Claro Net ou pelo portal\u00a0<a href=\"http:\/\/tvnativoos.com.br\/wfe\/\">tvnativoos.com.br<\/a><\/strong><\/p>\n","protected":false},"excerpt":{"rendered":"<p>Vinte institui\u00e7\u00f5es p\u00fablicas, incluindo o Minist\u00e9rio da Gest\u00e3o, aderiram ao novo modelo de sele\u00e7\u00e3o de servidores p\u00fablicos A ministra da Gest\u00e3o e da Inova\u00e7\u00e3o em Servi\u00e7os P\u00fablicos, Esther Dweck, anunciou nesta sexta-feira a ades\u00e3o de 20 \u00f3rg\u00e3os e entidades ao\u00a0Concurso P\u00fablico Nacional Unificado. Ao todo, ser\u00e3o ofertadas 6.590 vagas no servi\u00e7o p\u00fablico federal. A iniciativa, [&hellip;]<\/p>\n","protected":false},"author":3,"featured_media":12283,"comment_status":"closed","ping_status":"open","sticky":false,"template":"","format":"standard","meta":{"footnotes":""},"categories":[8],"tags":[2042,65],"class_list":["post-12612","post","type-post","status-publish","format-standard","has-post-thumbnail","hentry","category-noticias","tag-cocnursos","tag-tvnativoos"],"cc_featured_image_caption":{"caption_text":"","source_text":"","source_url":""},"_links":{"self":[{"href":"https:\/\/tvnativoos.com.br\/wfe\/wp-json\/wp\/v2\/posts\/12612","targetHints":{"allow":["GET"]}}],"collection":[{"href":"https:\/\/tvnativoos.com.br\/wfe\/wp-json\/wp\/v2\/posts"}],"about":[{"href":"https:\/\/tvnativoos.com.br\/wfe\/wp-json\/wp\/v2\/types\/post"}],"author":[{"embeddable":true,"href":"https:\/\/tvnativoos.com.br\/wfe\/wp-json\/wp\/v2\/users\/3"}],"replies":[{"embeddable":true,"href":"https:\/\/tvnativoos.com.br\/wfe\/wp-json\/wp\/v2\/comments?post=12612"}],"version-history":[{"count":1,"href":"https:\/\/tvnativoos.com.br\/wfe\/wp-json\/wp\/v2\/posts\/12612\/revisions"}],"predecessor-version":[{"id":12613,"href":"https:\/\/tvnativoos.com.br\/wfe\/wp-json\/wp\/v2\/posts\/12612\/revisions\/12613"}],"wp:featuredmedia":[{"embeddable":true,"href":"https:\/\/tvnativoos.com.br\/wfe\/wp-json\/wp\/v2\/media\/12283"}],"wp:attachment":[{"href":"https:\/\/tvnativoos.com.br\/wfe\/wp-json\/wp\/v2\/media?parent=12612"}],"wp:term":[{"taxonomy":"category","embeddable":true,"href":"https:\/\/tvnativoos.com.br\/wfe\/wp-json\/wp\/v2\/categories?post=12612"},{"taxonomy":"post_tag","embeddable":true,"href":"https:\/\/tvnativoos.com.br\/wfe\/wp-json\/wp\/v2\/tags?post=12612"}],"curies":[{"name":"wp","href":"https:\/\/api.w.org\/{rel}","templated":true}]}}