{"id":11788,"date":"2023-08-28T14:14:53","date_gmt":"2023-08-28T14:14:53","guid":{"rendered":"https:\/\/tvnativoos.com.br\/wfe\/?p=11788"},"modified":"2023-08-28T14:14:54","modified_gmt":"2023-08-28T14:14:54","slug":"motovelocidade-saiba-quem-eram-os-pilotos-que-morreram-em-acidente-grave-em-cascavel-no-parana","status":"publish","type":"post","link":"https:\/\/tvnativoos.com.br\/wfe\/motovelocidade-saiba-quem-eram-os-pilotos-que-morreram-em-acidente-grave-em-cascavel-no-parana\/","title":{"rendered":"Motovelocidade &#8211; Saiba quem eram os pilotos que morreram em acidente grave em Cascavel, no Paran\u00e1"},"content":{"rendered":"\n<p>\u00c9rico Ver\u00edssimo da Rocha e Andr\u00e9 Ver\u00edssimo Cardoso foram levados ao hospital, mas n\u00e3o resistiram aos ferimentos<\/p>\n\n\n\n<p>Os pilotos \u00c9rico Ver\u00edssimo da Rocha, de 38 anos, e Andr\u00e9 Ver\u00edssimo Cardoso, de 42, morreram, neste domingo, ap\u00f3s um\u00a0grave acidente durante a etapa da categoria Moto1000GP\u00a0em Cascavel, no Paran\u00e1. O choque aconteceu ainda na primeira volta da corrida.<\/p>\n\n\n\n<h2 class=\"wp-block-heading\">Como aconteceu o acidente em GP de motovelocidade em Cascavel (PR)?<\/h2>\n\n\n\n<p>O acidente aconteceu quando Andr\u00e9 caiu no meio da pista com a moto #9. Ele chegou a levantar a m\u00e3o no meio do asfalto na tentativa de sinalizar aos outros pilotos, mas n\u00e3o foi suficiente para evitar a trag\u00e9dia. \u00c9rico n\u00e3o conseguiu desviar e o acertou em cheio. Os dois foram atendidos no local e levados ao hospital, mas n\u00e3o resistiram aos ferimentos.<\/p>\n\n\n\n<p>As c\u00e2meras que transmitiam a competi\u00e7\u00e3o registraram o momento do acidente.\u00a0<strong>As imagens s\u00e3o fortes.<\/strong><\/p>\n\n\n\n<figure class=\"wp-block-embed is-type-video is-provider-youtube wp-block-embed-youtube wp-embed-aspect-16-9 wp-has-aspect-ratio\"><div class=\"wp-block-embed__wrapper\">\n<iframe loading=\"lazy\" title=\"Pilotos ficam feridos ap\u00f3s colis\u00e3o na primeira volta da Moto 1000 GP em Cascavel\" width=\"640\" height=\"360\" src=\"https:\/\/www.youtube.com\/embed\/YWPoT9WBfg8?feature=oembed\" frameborder=\"0\" allow=\"accelerometer; autoplay; clipboard-write; encrypted-media; gyroscope; picture-in-picture; web-share\" referrerpolicy=\"strict-origin-when-cross-origin\" allowfullscreen><\/iframe>\n<\/div><\/figure>\n\n\n\n<p>Eles disputavam a 4\u00aa Etapa da Moto1000GP, no Aut\u00f3dromo Zilmar Beux. A organiza\u00e7\u00e3o do Campeonato Brasileiro de Motovelocidade anunciou o cancelamento de todas as atividades que iriam ocorrer neste domingo no Paran\u00e1.<\/p>\n\n\n\n<p>\u201cInfelizmente um dia lindo de corridas se transformou em um dos dias mais tristes da hist\u00f3ria do Moto1000GP. Nesse momento nossos pensamentos e preces est\u00e3o inteiramente direcionados \u00e0s fam\u00edlias e aos nossos amigos e pilotos que partiram\u201d, ressaltou a organiza\u00e7\u00e3o em nota.<\/p>\n\n\n\n<figure class=\"wp-block-image size-full\"><img loading=\"lazy\" decoding=\"async\" width=\"1000\" height=\"1006\" src=\"http:\/\/tvnativoos.com.br\/wfe\/wp-content\/uploads\/2023\/08\/erico.jpg\" alt=\"\" class=\"wp-image-11789\" srcset=\"https:\/\/tvnativoos.com.br\/wfe\/wp-content\/uploads\/2023\/08\/erico.jpg 1000w, https:\/\/tvnativoos.com.br\/wfe\/wp-content\/uploads\/2023\/08\/erico-298x300.jpg 298w, https:\/\/tvnativoos.com.br\/wfe\/wp-content\/uploads\/2023\/08\/erico-150x150.jpg 150w, https:\/\/tvnativoos.com.br\/wfe\/wp-content\/uploads\/2023\/08\/erico-768x773.jpg 768w\" sizes=\"auto, (max-width: 1000px) 100vw, 1000px\" \/><figcaption class=\"wp-element-caption\">\u00c9rico Ver\u00edssimo da Rocha, de 38 anos, morreu ap\u00f3s um grave acidente durante a etapa da categoria Moto1000GP em Cascavel, no Paran\u00e1. \u2014 Foto: Reprodu\u00e7\u00e3o Facebook<\/figcaption><\/figure>\n\n\n\n<h2 class=\"wp-block-heading\">Quem eram os pilotos que morreram em acidente grave no Paran\u00e1?<\/h2>\n\n\n\n<p>Apesar do mesmo sobrenome, n\u00e3o h\u00e1 parentesco entre os dois. Nas redes sociais, o pernambucano \u00c9rico exibe imagens de corridas de motos de anos anteriores. O piloto era o atual 7\u00ba colocado na classifica\u00e7\u00e3o geral do campeonato do Moto1000GP.\u00a0<strong>Ele deixa um filho, de cinco anos<\/strong>.<\/p>\n\n\n\n<figure class=\"wp-block-image size-large\"><img loading=\"lazy\" decoding=\"async\" width=\"887\" height=\"1024\" src=\"http:\/\/tvnativoos.com.br\/wfe\/wp-content\/uploads\/2023\/08\/andre-1-887x1024.jpg\" alt=\"\" class=\"wp-image-11790\" srcset=\"https:\/\/tvnativoos.com.br\/wfe\/wp-content\/uploads\/2023\/08\/andre-1-887x1024.jpg 887w, https:\/\/tvnativoos.com.br\/wfe\/wp-content\/uploads\/2023\/08\/andre-1-260x300.jpg 260w, https:\/\/tvnativoos.com.br\/wfe\/wp-content\/uploads\/2023\/08\/andre-1-768x886.jpg 768w, https:\/\/tvnativoos.com.br\/wfe\/wp-content\/uploads\/2023\/08\/andre-1.jpg 1000w\" sizes=\"auto, (max-width: 887px) 100vw, 887px\" \/><figcaption class=\"wp-element-caption\">Andr\u00e9 Ver\u00edssimo Cardoso, de 42, morreu ap\u00f3s um grave acidente durante a etapa da categoria Moto1000GP em Cascavel, no Paran\u00e1 \u2014 Foto: Reprodu\u00e7\u00e3o Instagram<\/figcaption><\/figure>\n\n\n\n<p><strong>Andr\u00e9 era natural de S\u00e3o Paulo<\/strong>. Andr\u00e9 foi campe\u00e3o das categorias 600cc Pro e 1000cc Evo da SuperBike Brasil. Ele teria come\u00e7ado a correr provas de motovelocidade em 2011, j\u00e1 com 30 anos.<\/p>\n\n\n\n<figure class=\"wp-block-image size-large\"><img loading=\"lazy\" decoding=\"async\" width=\"824\" height=\"1024\" src=\"http:\/\/tvnativoos.com.br\/wfe\/wp-content\/uploads\/2023\/08\/nota-pesar-824x1024.jpg\" alt=\"\" class=\"wp-image-11791\" srcset=\"https:\/\/tvnativoos.com.br\/wfe\/wp-content\/uploads\/2023\/08\/nota-pesar-824x1024.jpg 824w, https:\/\/tvnativoos.com.br\/wfe\/wp-content\/uploads\/2023\/08\/nota-pesar-241x300.jpg 241w, https:\/\/tvnativoos.com.br\/wfe\/wp-content\/uploads\/2023\/08\/nota-pesar-768x955.jpg 768w, https:\/\/tvnativoos.com.br\/wfe\/wp-content\/uploads\/2023\/08\/nota-pesar.jpg 1000w\" sizes=\"auto, (max-width: 824px) 100vw, 824px\" \/><\/figure>\n\n\n\n<p><strong>Se inscreva em nosso canal do\u00a0<a href=\"https:\/\/www.youtube.com\/@tvnativoos\">youtube.com\/@tvnativoos<\/a>,\u00a0<\/strong>curta nossa p\u00e1gina n<strong>o\u00a0<a href=\"https:\/\/www.facebook.com\/tvnativoos\">facebook<\/a>,\u00a0<a href=\"https:\/\/www.instagram.com\/tvnativoos\/\">instagram<\/a>\u00a0e veja nossa programa\u00e7\u00e3o ao vivo pelo canal 6 da Claro Net ou pelo portal\u00a0<a href=\"http:\/\/tvnativoos.com.br\/wfe\/\">tvnativoos.com.br<\/a><\/strong><\/p>\n\n\n\n<p>Fonte: Globo.com<\/p>\n","protected":false},"excerpt":{"rendered":"<p>\u00c9rico Ver\u00edssimo da Rocha e Andr\u00e9 Ver\u00edssimo Cardoso foram levados ao hospital, mas n\u00e3o resistiram aos ferimentos Os pilotos \u00c9rico Ver\u00edssimo da Rocha, de 38 anos, e Andr\u00e9 Ver\u00edssimo Cardoso, de 42, morreram, neste domingo, ap\u00f3s um\u00a0grave acidente durante a etapa da categoria Moto1000GP\u00a0em Cascavel, no Paran\u00e1. O choque aconteceu ainda na primeira volta da [&hellip;]<\/p>\n","protected":false},"author":3,"featured_media":11750,"comment_status":"closed","ping_status":"open","sticky":false,"template":"","format":"standard","meta":{"footnotes":""},"categories":[8],"tags":[1737,223,1886,1633,65],"class_list":["post-11788","post","type-post","status-publish","format-standard","has-post-thumbnail","hentry","category-noticias","tag-cascavel","tag-esporte","tag-motovelocidade","tag-parana-2","tag-tvnativoos"],"cc_featured_image_caption":{"caption_text":"","source_text":"","source_url":""},"_links":{"self":[{"href":"https:\/\/tvnativoos.com.br\/wfe\/wp-json\/wp\/v2\/posts\/11788","targetHints":{"allow":["GET"]}}],"collection":[{"href":"https:\/\/tvnativoos.com.br\/wfe\/wp-json\/wp\/v2\/posts"}],"about":[{"href":"https:\/\/tvnativoos.com.br\/wfe\/wp-json\/wp\/v2\/types\/post"}],"author":[{"embeddable":true,"href":"https:\/\/tvnativoos.com.br\/wfe\/wp-json\/wp\/v2\/users\/3"}],"replies":[{"embeddable":true,"href":"https:\/\/tvnativoos.com.br\/wfe\/wp-json\/wp\/v2\/comments?post=11788"}],"version-history":[{"count":1,"href":"https:\/\/tvnativoos.com.br\/wfe\/wp-json\/wp\/v2\/posts\/11788\/revisions"}],"predecessor-version":[{"id":11792,"href":"https:\/\/tvnativoos.com.br\/wfe\/wp-json\/wp\/v2\/posts\/11788\/revisions\/11792"}],"wp:featuredmedia":[{"embeddable":true,"href":"https:\/\/tvnativoos.com.br\/wfe\/wp-json\/wp\/v2\/media\/11750"}],"wp:attachment":[{"href":"https:\/\/tvnativoos.com.br\/wfe\/wp-json\/wp\/v2\/media?parent=11788"}],"wp:term":[{"taxonomy":"category","embeddable":true,"href":"https:\/\/tvnativoos.com.br\/wfe\/wp-json\/wp\/v2\/categories?post=11788"},{"taxonomy":"post_tag","embeddable":true,"href":"https:\/\/tvnativoos.com.br\/wfe\/wp-json\/wp\/v2\/tags?post=11788"}],"curies":[{"name":"wp","href":"https:\/\/api.w.org\/{rel}","templated":true}]}}