{"id":11099,"date":"2023-08-05T00:35:59","date_gmt":"2023-08-05T00:35:59","guid":{"rendered":"https:\/\/tvnativoos.com.br\/wfe\/?p=11099"},"modified":"2023-08-05T00:37:32","modified_gmt":"2023-08-05T00:37:32","slug":"falcao-encostou-orgao-genital-no-braco-de-funcionaria-duas-vezes-em-tres-dias-diz-advogada","status":"publish","type":"post","link":"https:\/\/tvnativoos.com.br\/wfe\/falcao-encostou-orgao-genital-no-braco-de-funcionaria-duas-vezes-em-tres-dias-diz-advogada\/","title":{"rendered":"Nativoos Esportes &#8211; Falc\u00e3o encostou \u00f3rg\u00e3o genital no bra\u00e7o de funcion\u00e1ria duas vezes em tr\u00eas dias, diz advogada"},"content":{"rendered":"\n<p>A advogada P\u00e2mela Mendes contou ao g1 que a cliente alega ter sofrido importuna\u00e7\u00f5es sexuais entre quarta e sexta-feira (4). Paulo Roberto Falc\u00e3o anunciou o pedido de demiss\u00e3o do Santos FC e negou que tenha importunado sexualmente a mulher.<\/p>\n\n\n\n<p>A advogada da recepcionista do apart hotel em\u00a0Santos, no litoral de S\u00e3o Paulo,\u00a0disse que o ex-jogador da sele\u00e7\u00e3o brasileira Paulo Roberto Falc\u00e3o\u00a0encostou o \u00f3rg\u00e3o genital no bra\u00e7o cliente, que registrou o caso na pol\u00edcia.\u00a0Em entrevista ao\u00a0<strong>g1<\/strong>,<a class=\"\" href=\"https:\/\/g1.globo.com\/sp\/santos-regiao\/noticia\/2023\/08\/04\/paulo-roberto-falcao-e-denunciado-por-importunacao-sexual-por-funcionaria-de-apart-hotel-no-litoral-de-sp.ghtml\">\u00a0<\/a>P\u00e2mela Mendes informou que a situa\u00e7\u00e3o aconteceu duas vezes em tr\u00eas dias. Depois de ser denunciado por suspeita de importuna\u00e7\u00e3o sexual,\u00a0Falc\u00e3o negou o caso e pediu demiss\u00e3o do cargo coordenador de futebol no Santos FC.<\/p>\n\n\n\n<p>A primeira abordagem de Falc\u00e3o, segundo a advogada, aconteceu na \u00faltima quarta-feira (2) e, \u00faltima nesta sexta-feira (4). Nas ocasi\u00f5es, o ex-jogador e dirigente teria entrado em \u00e1rea restrita a funcion\u00e1rios para ter acesso \u00e0 suposta v\u00edtima.<\/p>\n\n\n\n<p>Segundo P\u00e2mela,\u00a0ele teria iniciado conversas sobre objetos na mesa enquanto se aproximava da recepcionista, que estava sentada. Nesse momento encostou o \u00f3rg\u00e3o genital no bra\u00e7o dela.<\/p>\n\n\n\n<p><strong>&#8220;Ela n\u00e3o consegue falar muito. Est\u00e1 abalada. S\u00f3 teve coragem de fazer o Boletim de Ocorr\u00eancia porque outras pessoas que viram afirmaram que, realmente, ele agiu com importuna\u00e7\u00e3o. N\u00e3o foi um descuido&#8221;, disse a advogada, sobre a cliente, que n\u00e3o quer ser identificada.<\/strong><\/p>\n\n\n\n<p>P\u00e2mela afirmou que a suposta v\u00edtima tem 26 anos e trabalha desde o in\u00edcio de 2023 no apart hotel, localizado no bairro Aparecida, em Santos, no litoral de S\u00e3o Paulo. A advogada afirmou que a&nbsp;cliente nunca teve contato \u00edntimo com o ex-jogador al\u00e9m da rotina profissional no condom\u00ednio.<\/p>\n\n\n\n<p>O caso foi registrado na Delegacia de Defesa da Mulher (DDM) de Santos. Por meio de nota, Falc\u00e3o anunciou a pr\u00f3pria demiss\u00e3o do Santos FC e\u00a0negou ter cometido importuna\u00e7\u00e3o sexual.<\/p>\n\n\n\n<h2 class=\"wp-block-heading\">Importuna\u00e7\u00f5es<\/h2>\n\n\n\n<p>A advogada informou que a cliente \u00e9 contratada para a vaga de &#8216;portaria&#8217; por uma empresa terceirizada. Com base nos depoimentos da suposta v\u00edtima, a profissional disse que a decis\u00e3o de registrar o caso em uma delegacia aconteceu logo ap\u00f3s o segundo epis\u00f3dio.<\/p>\n\n\n\n<p><strong>&#8220;Dessa vez ele se esfregou de uma forma mais bruta. Da primeira vez, normalmente a v\u00edtima n\u00e3o tem consci\u00eancia [do que aconteceu]. Achou que poderia ser um descuido dele&#8221;, disse a advogada. &#8220;Na segunda, sentiu realmente que foi uma importuna\u00e7\u00e3o&#8221;.<\/strong><\/p>\n\n\n\n<p>P\u00e2mela afirmou, por fim, que ao menos uma pessoa &#8211; um funcion\u00e1rio da \u00e1rea da limpeza &#8211; presenciou a importuna\u00e7\u00e3o sexual de Falc\u00e3o contra a jovem.<\/p>\n\n\n\n<p><strong>O que diz Falc\u00e3o<\/strong><\/p>\n\n\n\n<p>Por meio das redes sociais, Falc\u00e3o afirmou: &#8220;Em respeito \u00e0 torcida do Santos Futebol Clube, pelos recentes protestos diante do desempenho do time em campo, decidi deixar o cargo de coordenador esportivo&#8221;, disse.<\/p>\n\n\n\n<p>Falc\u00e3o ressaltou que o primeiro sentimento dele, ao tomar a decis\u00e3o, \u00e9 de defender a imagem da institui\u00e7\u00e3o. &#8220;Sobre a acusa\u00e7\u00e3o feita nesta sexta-feira, que recebi com surpresa pela m\u00eddia, afirmo que n\u00e3o aconteceu&#8221;.<\/p>\n\n\n\n<h2 class=\"wp-block-heading\">Trajet\u00f3ria no esporte<\/h2>\n\n\n\n<p>Paulo Roberto Falc\u00e3o, de 69 anos, nasceu em Abelardo, Santa Catarina. Antes de ser dirigente de futebol foi jogador, treinador e comentarista esportivo.<\/p>\n\n\n\n<p>Volante em campo, estreou nos gramados com a camisa do Internacional, em 1973, onde permaneceu at\u00e9 se transferir para a Roma, da It\u00e1lia, em 1980. Pendurou as chuteiras em 1986 com a camisa do S\u00e3o Paulo.<\/p>\n\n\n\n<p>Com a camisa da sele\u00e7\u00e3o brasileira principal fez 34 jogos e sete gols. Esteve nas listas de convoca\u00e7\u00e3o por dez anos, entre 1976 e 1986.<\/p>\n\n\n\n<p>Logo ap\u00f3s ter encerrado a carreira, em 1990, assumiu o comando t\u00e9cnico da sele\u00e7\u00e3o por um anos. Depois foi t\u00e9cnico do Am\u00e9rica (M\u00e9xico), Internacional, Bahia, Sport, al\u00e9m do Jap\u00e3o.<\/p>\n\n\n\n<p>Em 2022, ap\u00f3s anos como comentarista esportivo, Falc\u00e3o foi convencido pelo presidente do Santos FC, Andres Rueda, a assumir o cargo coordenador esportivo.<\/p>\n\n\n\n<p>Fonte: Globo.com<\/p>\n\n\n\n<p>Se inscreva em nosso canal do\u00a0<strong><a href=\"https:\/\/www.youtube.com\/@tvnativoos\">youtube.com\/@tvnativoos<\/a><\/strong>, curta nossa p\u00e1gina no\u00a0<strong><a href=\"https:\/\/www.facebook.com\/tvnativoos\">facebook<\/a><\/strong>,\u00a0<strong><a href=\"https:\/\/www.instagram.com\/tvnativoos\/\">instagram<\/a><\/strong>\u00a0e veja nossa programa\u00e7\u00e3o ao vivo pelo canal 6 da Claro Net ou pelo portal\u00a0<strong><a href=\"http:\/\/tvnativoos.com.br\/wfe\/\">tvnativoos.com.br<\/a><\/strong><\/p>\n","protected":false},"excerpt":{"rendered":"<p>A advogada P\u00e2mela Mendes contou ao g1 que a cliente alega ter sofrido importuna\u00e7\u00f5es sexuais entre quarta e sexta-feira (4). Paulo Roberto Falc\u00e3o anunciou o pedido de demiss\u00e3o do Santos FC e negou que tenha importunado sexualmente a mulher. A advogada da recepcionista do apart hotel em\u00a0Santos, no litoral de S\u00e3o Paulo,\u00a0disse que o ex-jogador [&hellip;]<\/p>\n","protected":false},"author":3,"featured_media":11100,"comment_status":"closed","ping_status":"open","sticky":false,"template":"","format":"standard","meta":{"footnotes":""},"categories":[8],"tags":[223,1770,119,1319,65],"class_list":["post-11099","post","type-post","status-publish","format-standard","has-post-thumbnail","hentry","category-noticias","tag-esporte","tag-falcao","tag-futebol","tag-santos","tag-tvnativoos"],"cc_featured_image_caption":{"caption_text":"Paulo Roberto Falc\u00e3o anuncia demiss\u00e3o em respeito \u00e0 torcida do Santos FC e nega ter cometido importuna\u00e7\u00e3o sexual \u2014 Foto: A Tribuna Jornal e Reprodu\u00e7\u00e3o\/Instagram","source_text":"","source_url":""},"_links":{"self":[{"href":"https:\/\/tvnativoos.com.br\/wfe\/wp-json\/wp\/v2\/posts\/11099","targetHints":{"allow":["GET"]}}],"collection":[{"href":"https:\/\/tvnativoos.com.br\/wfe\/wp-json\/wp\/v2\/posts"}],"about":[{"href":"https:\/\/tvnativoos.com.br\/wfe\/wp-json\/wp\/v2\/types\/post"}],"author":[{"embeddable":true,"href":"https:\/\/tvnativoos.com.br\/wfe\/wp-json\/wp\/v2\/users\/3"}],"replies":[{"embeddable":true,"href":"https:\/\/tvnativoos.com.br\/wfe\/wp-json\/wp\/v2\/comments?post=11099"}],"version-history":[{"count":2,"href":"https:\/\/tvnativoos.com.br\/wfe\/wp-json\/wp\/v2\/posts\/11099\/revisions"}],"predecessor-version":[{"id":11102,"href":"https:\/\/tvnativoos.com.br\/wfe\/wp-json\/wp\/v2\/posts\/11099\/revisions\/11102"}],"wp:featuredmedia":[{"embeddable":true,"href":"https:\/\/tvnativoos.com.br\/wfe\/wp-json\/wp\/v2\/media\/11100"}],"wp:attachment":[{"href":"https:\/\/tvnativoos.com.br\/wfe\/wp-json\/wp\/v2\/media?parent=11099"}],"wp:term":[{"taxonomy":"category","embeddable":true,"href":"https:\/\/tvnativoos.com.br\/wfe\/wp-json\/wp\/v2\/categories?post=11099"},{"taxonomy":"post_tag","embeddable":true,"href":"https:\/\/tvnativoos.com.br\/wfe\/wp-json\/wp\/v2\/tags?post=11099"}],"curies":[{"name":"wp","href":"https:\/\/api.w.org\/{rel}","templated":true}]}}