{"id":10838,"date":"2023-07-28T12:23:10","date_gmt":"2023-07-28T12:23:10","guid":{"rendered":"https:\/\/tvnativoos.com.br\/wfe\/?p=10838"},"modified":"2023-07-28T12:53:48","modified_gmt":"2023-07-28T12:53:48","slug":"tv-nativoos-e-dapraia-news-prestigiam-o-curso-de-modelagem-de-negocios-da-ufrgs-no-centro-de-inovacao-do-litoral","status":"publish","type":"post","link":"https:\/\/tvnativoos.com.br\/wfe\/tv-nativoos-e-dapraia-news-prestigiam-o-curso-de-modelagem-de-negocios-da-ufrgs-no-centro-de-inovacao-do-litoral\/","title":{"rendered":"TV Nativoos e Dapraia News prestigiam o Curso de Modelagem de Neg\u00f3cios da UFRGS no Centro de Inova\u00e7\u00e3o do Litoral"},"content":{"rendered":"\n<p>Nesta quinta-feira, dia 27 de julho, o Centro de Inova\u00e7\u00e3o do Litoral recebeu o prestigiado Curso de Modelagem de Neg\u00f3cios da UFRGS. O evento contou com a presen\u00e7a de importantes nomes do mercado, como a TV Nativoos e o Dapraia News, que marcaram presen\u00e7a para prestigiar e acompanhar de perto o desenvolvimento dos participantes.<br><br>O curso, que teve dura\u00e7\u00e3o de quatro horas, foi ministrado pelo professor gestor Matheus Dill  da UFRGS e teve como objetivo principal capacitar empreendedores e estudantes na cria\u00e7\u00e3o e desenvolvimento de modelos de neg\u00f3cios inovadores. Atrav\u00e9s de uma abordagem pr\u00e1tica e interativa, os participantes puderam aprender t\u00e9cnicas e ferramentas essenciais para a constru\u00e7\u00e3o de um modelo de neg\u00f3cio s\u00f3lido e eficiente.<\/p>\n\n\n\n<p>. \u201cO ecossistema de inova\u00e7\u00e3o e empreendedorismo da UFRGS conta com administra\u00e7\u00e3o central,\u00a025 empresas j\u00fanior,\u00a0desenvolvidas por alunos e professores e 6 incubadoras em diversas \u00e1reas. O Centro de Inova\u00e7\u00e3o da UFRGS Litoral em Tramanda\u00ed \u00e9 um local de conex\u00e3o de pessoas e pretende reunir em um mesmo espa\u00e7o f\u00edsico empresas, start ups,\u00a0aceleradoras, entre outras.\u201d Disse\u00a0Dill.<\/p>\n\n\n\n<p>Matheus salientou que a miss\u00e3o \u00e9 desenvolver o ecossistema de inova\u00e7\u00e3o\u00a0\u00a0no litoral Norte\u00a0\u00a0e ser refer\u00eancia na conex\u00e3o entre pesquisadores e empreendedores, tendo como eixos de atua\u00e7\u00e3o turismo e com\u00e9rcio, sociobiodiversidade, pesca, sustentabilidade economia do mar, sa\u00fade e bem estar, prototipagem e desenvolvimento de produtos.\u201d Os\u00a0servi\u00e7os prestados incluem pr\u00e9-incuba\u00e7\u00e3o e incuba\u00e7\u00e3o de neg\u00f3cios e inicia\u00e7\u00e3o empreendedora com bolsistas que desenvolvem diversos projetos. Hoje tr\u00eas empresas est\u00e3o em processo de pr\u00e9-incuba\u00e7\u00e3o: F\u00f3rmula 3d, Bottarga da Barra\u00a0e Dapraianews. Estamos aqui para auxiliar empreendedores e futuros empreendedores\u201d. Pontuou Matheus.<\/p>\n\n\n\n<p>Logo depois, o empres\u00e1rio Marcelo Bernardes apresentou seu neg\u00f3cio, a Bottarga\u00a0\u00a0da Barra, que \u00e9 uma ova da tainha salgada e seca, ou seja um tipo de caviar. Marcelo contou a hist\u00f3ria da botarga surgida ha 5 mil anos e ap\u00f3s s\u00e9culos\u00a0\u00a0os italianos se apropriaram do produto e hoje s\u00e3o os maiores produtores mundiais. O produto \u00e9 consumido tamb\u00e9m na \u00c1sia e EUA. \u201cAqui no Brasil est\u00e1 em processo de expans\u00e3o e hoje existe apenas um produtor e somos os segundos. \u00c9 um produto natural, artesanal, 100% sustent\u00e1vel, oriundo da pesca artesanal e com alto valor nutricional. \u00c9 de f\u00e1cil consumo podendo ser utilizado em diversos pratos sofisticados ou simples.\u201d Disse Marcelo.<\/p>\n\n\n\n<figure class=\"wp-block-image size-large\"><img loading=\"lazy\" decoding=\"async\" width=\"1024\" height=\"473\" src=\"http:\/\/tvnativoos.com.br\/wfe\/wp-content\/uploads\/2023\/07\/WhatsApp-Image-2023-07-28-at-09.18.58-1024x473.jpeg\" alt=\"\" class=\"wp-image-10839\" srcset=\"https:\/\/tvnativoos.com.br\/wfe\/wp-content\/uploads\/2023\/07\/WhatsApp-Image-2023-07-28-at-09.18.58-1024x473.jpeg 1024w, https:\/\/tvnativoos.com.br\/wfe\/wp-content\/uploads\/2023\/07\/WhatsApp-Image-2023-07-28-at-09.18.58-300x139.jpeg 300w, https:\/\/tvnativoos.com.br\/wfe\/wp-content\/uploads\/2023\/07\/WhatsApp-Image-2023-07-28-at-09.18.58-768x355.jpeg 768w, https:\/\/tvnativoos.com.br\/wfe\/wp-content\/uploads\/2023\/07\/WhatsApp-Image-2023-07-28-at-09.18.58-1536x709.jpeg 1536w, https:\/\/tvnativoos.com.br\/wfe\/wp-content\/uploads\/2023\/07\/WhatsApp-Image-2023-07-28-at-09.18.58.jpeg 1600w\" sizes=\"auto, (max-width: 1024px) 100vw, 1024px\" \/><figcaption class=\"wp-element-caption\"> Marcelo Bernardes -Diretor da Bottarga\u00a0\u00a0da Barra<\/figcaption><\/figure>\n\n\n\n<p>A seguir, MatheusDill apresentou os prop\u00f3sitos do Centro de Inova\u00e7\u00e3o e o funcionamento de pr\u00e9- incuba\u00e7\u00e3o e incuba\u00e7\u00e3o. \u201cEstamos com um novo edital aberto at\u00e9 dia 1\u00ba de agosto para pr\u00e9-incuba\u00e7\u00e3o e incuba\u00e7\u00e3o. A pr\u00e9-incuba\u00e7\u00e3o\u00a0funciona por um per\u00edodo de 6 meses prorrog\u00e1vel por mais 6 meses e auxilia no desenvolvimento com plano de neg\u00f3cio e viabilidade e a incuba\u00e7\u00e3o \u00e9 por um per\u00edodo de 3 anos prorrog\u00e1vel por mais 3 anos e\u00a0\u00a0auxiliamos na obten\u00e7\u00e3o do CNPJ, prestamos consultoria, an\u00e1lise e acompanhamento por indicadores de desempenho, infraestrutura,\u00a0\u00a0aux\u00edlio na capta\u00e7\u00e3o de recursos e rede contatos.\u201d Disse Matheus. <\/p>\n\n\n\n<p>Fica evidente a import\u00e2ncia de eventos como esse para o fomento do empreendedorismo e inova\u00e7\u00e3o na regi\u00e3o. A presen\u00e7a de empresas como a TV Nativoos e o Dapraia News demonstra o interesse e o apoio do mercado \u00e0s iniciativas de capacita\u00e7\u00e3o e desenvolvimento de neg\u00f3cios. Com certeza, eventos como esse contribuem para fortalecer o ecossistema empreendedor e impulsionar o crescimento econ\u00f4mico da regi\u00e3o.<\/p>\n\n\n\n<p>As inscri\u00e7\u00f5es para o edital para incuba\u00e7\u00e3o e pr\u00e9-incuba\u00e7\u00e3o, nas modalidades interna e externa nas incubadoras da UFRGS est\u00e3o abertas at\u00e9 dia 1\u00ba\/08.<\/p>\n\n\n\n<p>Edital e mais informa\u00e7\u00f5es:\u00a0<a rel=\"noreferrer noopener\" href=\"https:\/\/www.ufrgs.br\/zenit\/edital-de-incubacao-2-ciclo-2023\" target=\"_blank\">https:\/\/www.ufrgs.br\/zenit\/edital-de-incubacao-2-ciclo-2023<\/a><\/p>\n\n\n\n<p>Se inscreva em nosso canal do\u00a0<strong><a href=\"https:\/\/www.youtube.com\/@tvnativoos\">youtube.com\/@tvnativoos<\/a><\/strong>, curta nossa p\u00e1gina no\u00a0<strong><a href=\"https:\/\/www.facebook.com\/tvnativoos\">facebook<\/a><\/strong>,\u00a0<strong><a href=\"https:\/\/www.instagram.com\/tvnativoos\/\">instagram<\/a><\/strong>\u00a0e veja nossa programa\u00e7\u00e3o ao vivo pelo canal 6 da Claro Net ou pelo portal\u00a0<strong><a href=\"http:\/\/tvnativoos.com.br\/wfe\/\">tvnativoos.com.br<\/a><\/strong><\/p>\n\n\n\n<p>Fonte: Dapraia News e TV Nativoos<\/p>\n\n\n\n<p>Fotos Ant\u00f4nio Baltar<\/p>\n\n\n\n<p><\/p>\n\n\n\n<p><\/p>\n\n\n\n<p><\/p>\n","protected":false},"excerpt":{"rendered":"<p>Nesta quinta-feira, dia 27 de julho, o Centro de Inova\u00e7\u00e3o do Litoral recebeu o prestigiado Curso de Modelagem de Neg\u00f3cios da UFRGS. O evento contou com a presen\u00e7a de importantes nomes do mercado, como a TV Nativoos e o Dapraia News, que marcaram presen\u00e7a para prestigiar e acompanhar de perto o desenvolvimento dos participantes. O [&hellip;]<\/p>\n","protected":false},"author":3,"featured_media":10840,"comment_status":"closed","ping_status":"open","sticky":false,"template":"","format":"standard","meta":{"footnotes":""},"categories":[8],"tags":[26,309,731,65],"class_list":["post-10838","post","type-post","status-publish","format-standard","has-post-thumbnail","hentry","category-noticias","tag-educacao","tag-emprender","tag-inovacao-2","tag-tvnativoos"],"cc_featured_image_caption":{"caption_text":"professor gestor do Centre de Inova\u00e7\u00e3o Matheus Dill  da UFRGS","source_text":"","source_url":""},"_links":{"self":[{"href":"https:\/\/tvnativoos.com.br\/wfe\/wp-json\/wp\/v2\/posts\/10838","targetHints":{"allow":["GET"]}}],"collection":[{"href":"https:\/\/tvnativoos.com.br\/wfe\/wp-json\/wp\/v2\/posts"}],"about":[{"href":"https:\/\/tvnativoos.com.br\/wfe\/wp-json\/wp\/v2\/types\/post"}],"author":[{"embeddable":true,"href":"https:\/\/tvnativoos.com.br\/wfe\/wp-json\/wp\/v2\/users\/3"}],"replies":[{"embeddable":true,"href":"https:\/\/tvnativoos.com.br\/wfe\/wp-json\/wp\/v2\/comments?post=10838"}],"version-history":[{"count":3,"href":"https:\/\/tvnativoos.com.br\/wfe\/wp-json\/wp\/v2\/posts\/10838\/revisions"}],"predecessor-version":[{"id":10843,"href":"https:\/\/tvnativoos.com.br\/wfe\/wp-json\/wp\/v2\/posts\/10838\/revisions\/10843"}],"wp:featuredmedia":[{"embeddable":true,"href":"https:\/\/tvnativoos.com.br\/wfe\/wp-json\/wp\/v2\/media\/10840"}],"wp:attachment":[{"href":"https:\/\/tvnativoos.com.br\/wfe\/wp-json\/wp\/v2\/media?parent=10838"}],"wp:term":[{"taxonomy":"category","embeddable":true,"href":"https:\/\/tvnativoos.com.br\/wfe\/wp-json\/wp\/v2\/categories?post=10838"},{"taxonomy":"post_tag","embeddable":true,"href":"https:\/\/tvnativoos.com.br\/wfe\/wp-json\/wp\/v2\/tags?post=10838"}],"curies":[{"name":"wp","href":"https:\/\/api.w.org\/{rel}","templated":true}]}}