{"id":10808,"date":"2023-07-27T01:38:47","date_gmt":"2023-07-27T01:38:47","guid":{"rendered":"https:\/\/tvnativoos.com.br\/wfe\/?p=10808"},"modified":"2023-07-27T01:38:48","modified_gmt":"2023-07-27T01:38:48","slug":"rural-explosao-em-silo-de-cooperativa-agroindustrial-de-palotina-deixa-2-mortos-e-9-desaparecidos","status":"publish","type":"post","link":"https:\/\/tvnativoos.com.br\/wfe\/rural-explosao-em-silo-de-cooperativa-agroindustrial-de-palotina-deixa-2-mortos-e-9-desaparecidos\/","title":{"rendered":"Rural &#8211; Explos\u00e3o em silo de cooperativa agroindustrial de Palotina deixa 2 mortos e 9 desaparecidos"},"content":{"rendered":"\n<p>Corpo de Bombeiros informou que montou for\u00e7a-tarefa para atender a situa\u00e7\u00e3o no Paran\u00e1. Incidente aconteceu na tarde desta quarta-feira (26).<\/p>\n\n\n\n<p>Uma explos\u00e3o em um silo de secagem de gr\u00e3os da C.Vale, cooperativa agroindustrial de\u00a0<a class=\"\" href=\"https:\/\/g1.globo.com\/pr\/oeste-sudoeste\/cidade\/palotina\/\">Palotina<\/a>, no oeste do Paran\u00e1, matou duas pessoas e feriu outras duas na tarde desta quarta-feira (26). Pelo menos nove pessoas est\u00e3o desaparecidas, segundo os bombeiros.<\/p>\n\n\n\n<p>Inicialmente, o Cons\u00f3rcio Intermunicipal Samu Oeste (Consamu), que faz a gest\u00e3o do Servi\u00e7o de Atendimento M\u00f3vel de Urg\u00eancia (Samu) na regi\u00e3o, disse que quatro pessoas tinham morrido e que 27 estavam desaparecidas.<\/p>\n\n\n\n<p>Por\u00e9m, durante a noite, os bombeiros atualizaram o n\u00famero de mortos para dois e o de desaparecidos para nove. At\u00e9 a \u00faltima atualiza\u00e7\u00e3o desta reportagem, as buscas continuavam no local.<\/p>\n\n\n\n<p>Em nota, a C.Vale disse que est\u00e1 colaborando com as for\u00e7as de seguran\u00e7a.<\/p>\n\n\n\n<p>O Corpo de Bombeiros informou que montou uma for\u00e7a-tarefa para o resgate das v\u00edtimas. Segundo a institui\u00e7\u00e3o, foram disponibilizados mais de 35 socorristas e c\u00e3es de Palotina,\u00a0Cascavel\u00a0e\u00a0Toledo, cidades do oeste do Paran\u00e1.<\/p>\n\n\n\n<p>Na noite desta quarta o governo estadual anunciou o envio, em dois avi\u00f5es da Casa Militar, de 14 bombeiros do Grupo de Opera\u00e7\u00f5es de Socorro T\u00e1tico (Gost), equipe especializada da corpora\u00e7\u00e3o. Dois c\u00e3es tamb\u00e9m seguir\u00e3o nesses voos.<\/p>\n\n\n\n<p>Segundo a corpora\u00e7\u00e3o, o atendimento \u00e0 ocorr\u00eancia come\u00e7ou por volta das 17h. Com o inc\u00eandio, uma nuvem de fuma\u00e7a se espalhou pela cidade.<\/p>\n\n\n\n<p><strong>Veja abaixo o que disse a empresa<\/strong><\/p>\n\n\n\n<p><em>&#8220;A C.Vale comunica aos seus associados e comunidade em geral que nesta quarta-feira, 26 de julho, \u00e0s 16h50, um sinistro de grandes propor\u00e7\u00f5es atingiu nossa unidade central de recebimentos de gr\u00e3os em Palotina, oeste do Paran\u00e1, devido a causas ainda n\u00e3o identificadas.<\/em><\/p>\n\n\n\n<p><em>No momento, a prioridade est\u00e1 centrada na mobiliza\u00e7\u00e3o de todos os esfor\u00e7os e recursos necess\u00e1rios \u00e0 preserva\u00e7\u00e3o da integridade dos colaboradores atingidos pelo incidente e apoio aos familiares das poss\u00edveis v\u00edtimas atingidas.<\/em><\/p>\n\n\n\n<p><em>No momento, todas as equipes de seguran\u00e7a da cooperativa est\u00e3o ativas colaborando com autoridades p\u00fablicas envolvidas, visando minimizar efeitos desse lament\u00e1vel evento.<\/em><\/p>\n\n\n\n<p><em>Assim que todas as vari\u00e1veis forem identificadas e apuradas as repercuss\u00f5es geradas pelo incidente, nova nota de esclarecimento ser\u00e1 emitida pela equipe de gerenciamento de crise instalada nessa oportunidade&#8221;.<\/em><\/p>\n\n\n\n<p><strong>&#8216;\u00c9 uma corrida contra o tempo&#8217;, afirma capit\u00e3o<\/strong><\/p>\n\n\n\n<p>O capit\u00e3o Rodrigues, do Corpo de Bombeiros, explicou que as v\u00edtimas estavam em um t\u00fanel que interliga os armaz\u00e9ns do silo na hora da explos\u00e3o.\u00a0<\/p>\n\n\n\n<p>&#8220;As v\u00edtimas estavam no subsolo, nesse t\u00fanel, e a estrutura veio abaixo por conta da explos\u00e3o. Estamos trabalhando o mais r\u00e1pido poss\u00edvel no resgate. \u00c9 uma corrida contra o tempo&#8221;.<\/p>\n\n\n\n<p>O oficial detalhou onde os corpos foram localizados pelos primeiros socorristas que chegaram ao local. Provavelmente elas foram atingidas pela onda de choque que se propaga no momento da explos\u00e3o e acabaram morrendo&#8221;.<\/p>\n\n\n\n<p>&#8220;Um dos corpos estava \u00e0 frente do armaz\u00e9m, onde era realizado o servi\u00e7o, e outra v\u00edtima estava atr\u00e1s&#8221;, afirmou.<\/p>\n\n\n\n<h2 class=\"wp-block-heading\">For\u00e7a-tarefa<\/h2>\n\n\n\n<p>A cooperativa tem atua\u00e7\u00e3o no Paran\u00e1, Santa Catarina, Mato Grosso, Mato Grosso do Sul, Rio Grande do Sul e Paraguai. Ela \u00e9 considerada a 5\u00aa maior do agroneg\u00f3cio na regi\u00e3o sul do Brasil em vendas e a 2\u00aa maior do Paran\u00e1.<\/p>\n\n\n\n<p>Em nota, a Secretaria de Estado de Sa\u00fade informou que est\u00e1 auxiliando a Prefeitura de Palotina nas transfer\u00eancias dos pacientes feridos.&nbsp;<strong><em>Veja abaixo.<\/em><\/strong><\/p>\n\n\n\n<p><em>&#8220;A Secretaria de Estado da Sa\u00fade (Sesa) est\u00e1 em alerta para o apoio operacional e de assist\u00eancia nas unidades e estruturas hospitalares do Estado para o caso do incidente em Palotina e auxilia o munic\u00edpio por meio da Regula\u00e7\u00e3o de Leitos na transfer\u00eancia e encaminhamento de pacientes. At\u00e9 \u00e0s 20h a Regula\u00e7\u00e3o registrou a transfer\u00eancia de um paciente para a Policl\u00ednica de Cascavel e aguarda novas demandas por parte do Hospital Municipal de Palotina. A Sesa j\u00e1 acionou os hospitais de refer\u00eancia do Estado para poss\u00edveis acolhimentos de outros feridos&#8221;.<\/em><\/p>\n\n\n\n<p>Fonte: Globo.com<\/p>\n\n\n\n<p>Se inscreva em nosso canal do\u00a0<strong><a href=\"https:\/\/www.youtube.com\/@tvnativoos\">youtube.com\/@tvnativoos<\/a><\/strong>, curta nossa p\u00e1gina no\u00a0<strong><a href=\"https:\/\/www.facebook.com\/tvnativoos\">facebook<\/a><\/strong>,\u00a0<strong><a href=\"https:\/\/www.instagram.com\/tvnativoos\/\">instagram<\/a><\/strong>\u00a0e veja nossa programa\u00e7\u00e3o ao vivo pelo canal 6 da Claro Net ou pelo portal\u00a0<strong><a href=\"http:\/\/tvnativoos.com.br\/wfe\/\">tvnativoos.com.br<\/a><\/strong><\/p>\n","protected":false},"excerpt":{"rendered":"<p>Corpo de Bombeiros informou que montou for\u00e7a-tarefa para atender a situa\u00e7\u00e3o no Paran\u00e1. Incidente aconteceu na tarde desta quarta-feira (26). Uma explos\u00e3o em um silo de secagem de gr\u00e3os da C.Vale, cooperativa agroindustrial de\u00a0Palotina, no oeste do Paran\u00e1, matou duas pessoas e feriu outras duas na tarde desta quarta-feira (26). Pelo menos nove pessoas est\u00e3o [&hellip;]<\/p>\n","protected":false},"author":3,"featured_media":10809,"comment_status":"closed","ping_status":"open","sticky":false,"template":"","format":"standard","meta":{"footnotes":""},"categories":[8],"tags":[657,1737,1735,1736,1738,1633,862,65],"class_list":["post-10808","post","type-post","status-publish","format-standard","has-post-thumbnail","hentry","category-noticias","tag-agro","tag-cascavel","tag-explosao","tag-oeste","tag-palotina","tag-parana-2","tag-rural","tag-tvnativoos"],"cc_featured_image_caption":{"caption_text":"Explos\u00e3o em cooperativa de Palotina deixa mortos e feridos \u2014 Foto: Reprodu\u00e7\u00e3o\/RPC\/Reprodu\u00e7\u00e3o TV Nativoos","source_text":"","source_url":""},"_links":{"self":[{"href":"https:\/\/tvnativoos.com.br\/wfe\/wp-json\/wp\/v2\/posts\/10808","targetHints":{"allow":["GET"]}}],"collection":[{"href":"https:\/\/tvnativoos.com.br\/wfe\/wp-json\/wp\/v2\/posts"}],"about":[{"href":"https:\/\/tvnativoos.com.br\/wfe\/wp-json\/wp\/v2\/types\/post"}],"author":[{"embeddable":true,"href":"https:\/\/tvnativoos.com.br\/wfe\/wp-json\/wp\/v2\/users\/3"}],"replies":[{"embeddable":true,"href":"https:\/\/tvnativoos.com.br\/wfe\/wp-json\/wp\/v2\/comments?post=10808"}],"version-history":[{"count":1,"href":"https:\/\/tvnativoos.com.br\/wfe\/wp-json\/wp\/v2\/posts\/10808\/revisions"}],"predecessor-version":[{"id":10810,"href":"https:\/\/tvnativoos.com.br\/wfe\/wp-json\/wp\/v2\/posts\/10808\/revisions\/10810"}],"wp:featuredmedia":[{"embeddable":true,"href":"https:\/\/tvnativoos.com.br\/wfe\/wp-json\/wp\/v2\/media\/10809"}],"wp:attachment":[{"href":"https:\/\/tvnativoos.com.br\/wfe\/wp-json\/wp\/v2\/media?parent=10808"}],"wp:term":[{"taxonomy":"category","embeddable":true,"href":"https:\/\/tvnativoos.com.br\/wfe\/wp-json\/wp\/v2\/categories?post=10808"},{"taxonomy":"post_tag","embeddable":true,"href":"https:\/\/tvnativoos.com.br\/wfe\/wp-json\/wp\/v2\/tags?post=10808"}],"curies":[{"name":"wp","href":"https:\/\/api.w.org\/{rel}","templated":true}]}}